{"id":20461,"date":"2020-06-25T11:22:34","date_gmt":"2020-06-25T14:22:34","guid":{"rendered":"http:\/\/atecordoba.org\/?p=20461"},"modified":"2020-06-25T11:22:34","modified_gmt":"2020-06-25T14:22:34","slug":"se-realizo-la-cuarta-reunion-de-la-mesa-de-dialogo-del-hospital-de-ninos","status":"publish","type":"post","link":"https:\/\/atecordoba.org\/?p=20461","title":{"rendered":"Se realiz\u00f3 la cuarta reuni\u00f3n de la Mesa de Di\u00e1logo del Hospital de Ni\u00f1os"},"content":{"rendered":"<p><img loading=\"lazy\" decoding=\"async\" class=\" wp-image-20462 aligncenter\" src=\"http:\/\/atecordoba.org\/wp-content\/uploads\/2020\/06\/Hospital-de-Ninos-10_1560872107-300x165.jpg\" alt=\"\" width=\"660\" height=\"363\" srcset=\"https:\/\/atecordoba.org\/wp-content\/uploads\/2020\/06\/Hospital-de-Ninos-10_1560872107-300x165.jpg 300w, https:\/\/atecordoba.org\/wp-content\/uploads\/2020\/06\/Hospital-de-Ninos-10_1560872107-768x422.jpg 768w, https:\/\/atecordoba.org\/wp-content\/uploads\/2020\/06\/Hospital-de-Ninos-10_1560872107-750x412.jpg 750w, https:\/\/atecordoba.org\/wp-content\/uploads\/2020\/06\/Hospital-de-Ninos-10_1560872107.jpg 1020w\" sizes=\"auto, (max-width: 660px) 100vw, 660px\" \/><\/p>\n<p>Se abordaron las problem\u00e1ticas alrededor de los contratos\/planilla espejo en enfermer\u00eda, el traslado de personal PCR y sectores espec\u00edficos: Quir\u00f3fano, Roper\u00eda, Kinesiolog\u00eda y Camilleros.<\/p>\n<p>Respecto a la situaci\u00f3n de la enfermer\u00eda, se reiter\u00f3 que este sistema debe realizar una prueba piloto por un plazo de 30 d\u00edas, donde se pueda evaluar si es factible o no. Las compa\u00f1eras manifestaron un grave aumento en la tasa de ausentismo, situaci\u00f3n que preocupa ya que esto ocasiona al personal activo una suma de tareas y un d\u00e9ficit en la calidad y atenci\u00f3n al paciente. \u201cLa escasez de personal de salud que venimos sosteniendo, tiene importantes consecuencias negativas para la salud de las y los trabajadores; si no se resuelve esta faltante ser\u00e1 imposible mejorar y mantener la atenci\u00f3n de salud de la poblaci\u00f3n\u201d, apuntaron las delegadas Rivarola y Sierra.<\/p>\n<p>En tal sentido, se dej\u00f3 establecido que no se produjo el ingreso de personal que se necesita al hospital. Asimismo se pidi\u00f3 que se haga por escrito una nota donde conste que el personal no sufrir\u00e1 descuento en su salario de no alcanzar a cumplir con la carga horaria establecida. El aumento de pacientes ingresados en el transcurso de esta semana permiti\u00f3 insistir en el reclamo de m\u00e1s personal, atento al presupuesto nacional que se otorg\u00f3 en pandemia a la provincia, que hasta el d\u00eda de la fecha no se vio reflejado en aumento de la plantilla que se requiere. Desde comienzos de a\u00f1o solo se incorporaron 13 enfermeros.<\/p>\n<p>El dr. Arg\u00fcello manifest\u00f3 que se realiz\u00f3 el pedido al Ministerio de Salud por 30 nuevos ingresos, a pesar de ser un n\u00famero insuficiente para la coyuntura actual.<\/p>\n<p>Por otro lado, ATE plante\u00f3 el traslado de un compa\u00f1ero enfermero de la Sip 100, donde solicitamos se detalle la causa de su traslado, ante lo cual Arg\u00fcello inform\u00f3 que era una decisi\u00f3n ministerial, aunque el tema que se seguir\u00e1 evaluando.<\/p>\n<p>En la reuni\u00f3n se reclam\u00f3 el comienzo de los testeos para el personal con test PCR, habida cuenta aun no comenzaron las muestras.Asimismo se consult\u00f3 sobre el stock de tiras reactivas (IgG\/IgM) teniendo como referencias faltantes en varias ocasiones. La Direcci\u00f3n del Hospital deriv\u00f3 la responsabilidad para que se comience con este procedimiento en el Ministerio de Salud.<\/p>\n<p><strong>Sectores<\/strong><\/p>\n<p>Con respecto al quir\u00f3fano se plante\u00f3 falta de personal, ya que para que se habiliten las seis unidades disponibles hay un faltante de ocho enfermeros.<\/p>\n<p>Adem\u00e1s, se volvi\u00f3 a consultar sobre la falta de personal en la Roper\u00eda, ante lo que Arg\u00fcello respondi\u00f3 que por el momento solo cuenta con una persona que se encuentra en la colaboraci\u00f3n por unas horas.<\/p>\n<p>En esa l\u00ednea, nuestro gremio plante\u00f3 su preocupaci\u00f3n por la situaci\u00f3n del servicio de kinesiolog\u00eda, atento que el mismo personal que asiste en el servicio destinado para covid-19, luego transita los diferentes sectores de internaci\u00f3n (piso, \u00e1reas cerradas). Es urgente rever esta situaci\u00f3n porque se est\u00e1n incumpliendo con todos los cuidados y protocolo establecidos.<\/p>\n<p><strong>Personal precarizado<\/strong><\/p>\n<p>Respecto a las y los monotributistas y personal precarizado ATE reclam\u00f3 al director que revea esta situaci\u00f3n con celeridad y se solicit\u00f3 contratos para las y los compa\u00f1eros. En tal sentido, se le record\u00f3 al Dr. Arguello la situaci\u00f3n que enfrenta una trabajadora precarizada que se encuentra sin poder asistir al hospital por problemas de salud y que genera zozobra su preocupante situaci\u00f3n laboral. El director manifest\u00f3 que ser\u00e1 de gran utilidad realizar una reuni\u00f3n con las personas que se encuentra transcurriendo este momento con esta problem\u00e1tica.<\/p>\n<p>Por \u00faltimo, la representaci\u00f3n de ATE reiter\u00f3 el pedido para la designaci\u00f3n de un camillero, ante lo cual dijo que en la brevedad el hospital estar\u00e1 contando con nuevo ingreso de personal, pero no especific\u00f3 turnos ni c\u00f3mo ser\u00e1 el ingreso.<\/p>\n<p>&nbsp;<\/p>\n","protected":false},"excerpt":{"rendered":"<p>Se abordaron las problem\u00e1ticas alrededor de los contratos\/planilla espejo en enfermer\u00eda, el traslado de personal PCR y sectores espec\u00edficos: Quir\u00f3fano, Roper\u00eda, Kinesiolog\u00eda y Camilleros. Respecto a la situaci\u00f3n de la enfermer\u00eda, se reiter\u00f3 que este sistema debe realizar una prueba piloto por un plazo de 30 d\u00edas, donde se pueda evaluar si es factible o [&hellip;]<\/p>\n","protected":false},"author":3,"featured_media":20462,"comment_status":"open","ping_status":"open","sticky":true,"template":"","format":"standard","meta":{"_exactmetrics_skip_tracking":false,"_exactmetrics_sitenote_active":false,"_exactmetrics_sitenote_note":"","_exactmetrics_sitenote_category":0,"jnews-multi-image_gallery":[],"jnews_single_post":{"subtitle":"","format":"standard","video":"","gallery":"","source_name":"","source_url":"","via_name":"","via_url":"","override_template":"0","override":[{"template":"1","single_blog_custom":"","parallax":"1","fullscreen":"0","layout":"right-sidebar","sidebar":"default-sidebar","second_sidebar":"default-sidebar","sticky_sidebar":"1","share_position":"top","share_float_style":"share-monocrhome","show_share_counter":"1","show_view_counter":"1","show_featured":"1","show_post_meta":"1","show_post_author":"1","show_post_author_image":"1","show_post_date":"1","post_date_format":"default","post_date_format_custom":"Y\/m\/d","show_post_category":"1","show_post_reading_time":"0","post_reading_time_wpm":"300","show_zoom_button":"0","zoom_button_out_step":"2","zoom_button_in_step":"3","show_post_tag":"1","show_prev_next_post":"1","show_popup_post":"1","number_popup_post":"1","show_author_box":"0","show_post_related":"0","show_inline_post_related":"0"}],"override_image_size":"0","image_override":[{"single_post_thumbnail_size":"crop-500","single_post_gallery_size":"crop-500"}],"trending_post":"0","trending_post_position":"meta","trending_post_label":"Trending","sponsored_post":"0","sponsored_post_label":"Sponsored by","sponsored_post_name":"","sponsored_post_url":"","sponsored_post_logo_enable":"0","sponsored_post_logo":"","sponsored_post_desc":""},"jnews_primary_category":{"id":""},"jnews_social_meta":[],"jnews_review":[],"enable_review":"0","type":"percentage","name":"","summary":"","brand":"","sku":"","good":[{"good_text":""}],"bad":[{"bad_text":""}],"score_override":"","override_value":"","rating":[{"rating_text":"","rating_number":"10"}],"price":[{"shop":"","price":"","link":"","icon":""}],"jnews_override_counter":{"override_view_counter":"0","view_counter_number":"0","override_share_counter":"0","share_counter_number":"0","override_like_counter":"0","like_counter_number":"0","override_dislike_counter":"0","dislike_counter_number":"0"},"jnews_post_split":{"enable_post_split":"0","post_split":[{"template":"1","tag":"h2","numbering":"asc","mode":"normal"}]},"footnotes":""},"categories":[8,102],"tags":[366,365,367,31],"class_list":["post-20461","post","type-post","status-publish","format-standard","has-post-thumbnail","hentry","category-provinciales","category-salud-2","tag-faltante-de-personal","tag-hospital-de-ninos","tag-pediatria","tag-provinciales-2"],"jetpack_featured_media_url":"https:\/\/atecordoba.org\/wp-content\/uploads\/2020\/06\/Hospital-de-Ninos-10_1560872107.jpg","_links":{"self":[{"href":"https:\/\/atecordoba.org\/index.php?rest_route=\/wp\/v2\/posts\/20461","targetHints":{"allow":["GET"]}}],"collection":[{"href":"https:\/\/atecordoba.org\/index.php?rest_route=\/wp\/v2\/posts"}],"about":[{"href":"https:\/\/atecordoba.org\/index.php?rest_route=\/wp\/v2\/types\/post"}],"author":[{"embeddable":true,"href":"https:\/\/atecordoba.org\/index.php?rest_route=\/wp\/v2\/users\/3"}],"replies":[{"embeddable":true,"href":"https:\/\/atecordoba.org\/index.php?rest_route=%2Fwp%2Fv2%2Fcomments&post=20461"}],"version-history":[{"count":1,"href":"https:\/\/atecordoba.org\/index.php?rest_route=\/wp\/v2\/posts\/20461\/revisions"}],"predecessor-version":[{"id":20463,"href":"https:\/\/atecordoba.org\/index.php?rest_route=\/wp\/v2\/posts\/20461\/revisions\/20463"}],"wp:featuredmedia":[{"embeddable":true,"href":"https:\/\/atecordoba.org\/index.php?rest_route=\/wp\/v2\/media\/20462"}],"wp:attachment":[{"href":"https:\/\/atecordoba.org\/index.php?rest_route=%2Fwp%2Fv2%2Fmedia&parent=20461"}],"wp:term":[{"taxonomy":"category","embeddable":true,"href":"https:\/\/atecordoba.org\/index.php?rest_route=%2Fwp%2Fv2%2Fcategories&post=20461"},{"taxonomy":"post_tag","embeddable":true,"href":"https:\/\/atecordoba.org\/index.php?rest_route=%2Fwp%2Fv2%2Ftags&post=20461"}],"curies":[{"name":"wp","href":"https:\/\/api.w.org\/{rel}","templated":true}]}}