{"id":20455,"date":"2020-06-24T15:31:18","date_gmt":"2020-06-24T18:31:18","guid":{"rendered":"http:\/\/atecordoba.org\/?p=20455"},"modified":"2020-06-24T15:31:18","modified_gmt":"2020-06-24T18:31:18","slug":"jornada-de-lucha-en-apoyo-a-la-expropiacion-de-vicentin","status":"publish","type":"post","link":"https:\/\/atecordoba.org\/?p=20455","title":{"rendered":"Jornada de lucha en apoyo a la expropiaci\u00f3n de Vicentin"},"content":{"rendered":"<p><img loading=\"lazy\" decoding=\"async\" class=\" wp-image-20456 aligncenter\" src=\"http:\/\/atecordoba.org\/wp-content\/uploads\/2020\/06\/WhatsApp-Image-2020-06-24-at-14.29.23-300x169.jpeg\" alt=\"\" width=\"683\" height=\"385\" srcset=\"https:\/\/atecordoba.org\/wp-content\/uploads\/2020\/06\/WhatsApp-Image-2020-06-24-at-14.29.23-300x169.jpeg 300w, https:\/\/atecordoba.org\/wp-content\/uploads\/2020\/06\/WhatsApp-Image-2020-06-24-at-14.29.23-1024x576.jpeg 1024w, https:\/\/atecordoba.org\/wp-content\/uploads\/2020\/06\/WhatsApp-Image-2020-06-24-at-14.29.23-768x432.jpeg 768w, https:\/\/atecordoba.org\/wp-content\/uploads\/2020\/06\/WhatsApp-Image-2020-06-24-at-14.29.23-750x422.jpeg 750w, https:\/\/atecordoba.org\/wp-content\/uploads\/2020\/06\/WhatsApp-Image-2020-06-24-at-14.29.23-1140x641.jpeg 1140w, https:\/\/atecordoba.org\/wp-content\/uploads\/2020\/06\/WhatsApp-Image-2020-06-24-at-14.29.23.jpeg 1280w\" sizes=\"auto, (max-width: 683px) 100vw, 683px\" \/><\/p>\n<p>Este mi\u00e9rcoles 24 de junio la Federaci\u00f3n Nacional Territorial (FeNaT-CTAA) se sum\u00f3 a la Jornada Nacional de Lucha que se desarroll\u00f3 en todo el pa\u00eds por la expropiaci\u00f3n de Vicent\u00edn. Con ollas populares en diversas localidades de la provincia de C\u00f3rdoba la FeNaT respald\u00f3 la lucha por la Soberan\u00eda, el Trabajo y la Producci\u00f3n y para finalizar con el modelo actual de producci\u00f3n de alimentos.<\/p>\n<p>Desde una de las ollas populares, en un mensaje abierto a la comunidad, el secretario General de ATE, Federico Giuliani, destac\u00f3 que &#8220;la disputa es por el alimento. En un pa\u00eds hecho de trigo y de pan, como la Argentina, es un crimen que haya hambre. Por eso apoyamos la intervenci\u00f3n y expropiaci\u00f3n de Vicentin, que ser\u00e1 una herramienta de acopio de alimentos que nos permita distribuirlos de manera igualitaria&#8221;.<\/p>\n<p><img loading=\"lazy\" decoding=\"async\" class=\" wp-image-20457 aligncenter\" src=\"http:\/\/atecordoba.org\/wp-content\/uploads\/2020\/06\/WhatsApp-Image-2020-06-24-at-14.29.22-300x225.jpeg\" alt=\"\" width=\"681\" height=\"511\" srcset=\"https:\/\/atecordoba.org\/wp-content\/uploads\/2020\/06\/WhatsApp-Image-2020-06-24-at-14.29.22-300x225.jpeg 300w, https:\/\/atecordoba.org\/wp-content\/uploads\/2020\/06\/WhatsApp-Image-2020-06-24-at-14.29.22-1024x768.jpeg 1024w, https:\/\/atecordoba.org\/wp-content\/uploads\/2020\/06\/WhatsApp-Image-2020-06-24-at-14.29.22-768x576.jpeg 768w, https:\/\/atecordoba.org\/wp-content\/uploads\/2020\/06\/WhatsApp-Image-2020-06-24-at-14.29.22-750x563.jpeg 750w, https:\/\/atecordoba.org\/wp-content\/uploads\/2020\/06\/WhatsApp-Image-2020-06-24-at-14.29.22.jpeg 1032w\" sizes=\"auto, (max-width: 681px) 100vw, 681px\" \/><\/p>\n<p>La intervenci\u00f3n y expropiaci\u00f3n de la empresa agroindustrial Vicent\u00cdn trajo a primer plano la necesidad de nacionalizar la producci\u00f3n alimentaria en Argentina. En esa l\u00ednea, la FeNaT se\u00f1al\u00f3 que &#8220;es urgente que se diagrame un nuevo paradigma basado en el derecho de los pueblos y pa\u00edses a decidir en cuanto a la producci\u00f3n y al consumo de alimentos, para alcanzar la soberan\u00eda alimentaria y una econom\u00eda social y solidaria&#8221;.<\/p>\n<p>La Jornada de Lucha promueve la producci\u00f3n nacional, el trabajo y la soberan\u00eda alimentaria como principios b\u00e1sico de la justicia social. La soberan\u00eda alimentaria es clave para independizar la producci\u00f3n, transporte y comercializaci\u00f3n de alimentos de las cadenas globales de especulaci\u00f3n financiera.<\/p>\n<p>La FeNaT-CTAA estuvo presente con ollas populares en las siguientes localidades de la provincia de C\u00f3rdoba: R\u00edo Cuarto, Villa Mar\u00eda, R\u00edo Tercero, C\u00f3rdoba Capital, Adelia Mar\u00eda, Sampacho, San Francisco, Pillar y Cruz del Eje<\/p>\n<div class=\"epyt-video-wrapper\"><iframe loading=\"lazy\"  style=\"display: block; margin: 0px auto;\"  id=\"_ytid_72022\"  width=\"480\" height=\"270\"  data-origwidth=\"480\" data-origheight=\"270\" src=\"https:\/\/www.youtube.com\/embed\/GDcznEOBqGk?enablejsapi=1&#038;autoplay=0&#038;cc_load_policy=0&#038;cc_lang_pref=&#038;iv_load_policy=3&#038;loop=0&#038;rel=0&#038;fs=1&#038;playsinline=0&#038;autohide=2&#038;theme=dark&#038;color=red&#038;controls=1&#038;disablekb=0&#038;\" class=\"__youtube_prefs__  epyt-is-override  no-lazyload\" title=\"YouTube player\"  allow=\"fullscreen; accelerometer; autoplay; clipboard-write; encrypted-media; gyroscope; picture-in-picture; web-share\" referrerpolicy=\"strict-origin-when-cross-origin\" allowfullscreen data-no-lazy=\"1\" data-skipgform_ajax_framebjll=\"\"><\/iframe><\/div>\n","protected":false},"excerpt":{"rendered":"<p>Este mi\u00e9rcoles 24 de junio la Federaci\u00f3n Nacional Territorial (FeNaT-CTAA) se sum\u00f3 a la Jornada Nacional de Lucha que se desarroll\u00f3 en todo el pa\u00eds por la expropiaci\u00f3n de Vicent\u00edn. Con ollas populares en diversas localidades de la provincia de C\u00f3rdoba la FeNaT respald\u00f3 la lucha por la Soberan\u00eda, el Trabajo y la Producci\u00f3n y [&hellip;]<\/p>\n","protected":false},"author":3,"featured_media":20456,"comment_status":"open","ping_status":"open","sticky":true,"template":"","format":"standard","meta":{"_exactmetrics_skip_tracking":false,"_exactmetrics_sitenote_active":false,"_exactmetrics_sitenote_note":"","_exactmetrics_sitenote_category":0,"jnews-multi-image_gallery":[],"jnews_single_post":{"subtitle":"","format":"standard","video":"","gallery":"","source_name":"","source_url":"","via_name":"","via_url":"","override_template":"0","override":[{"template":"1","single_blog_custom":"","parallax":"1","fullscreen":"0","layout":"right-sidebar","sidebar":"default-sidebar","second_sidebar":"default-sidebar","sticky_sidebar":"1","share_position":"top","share_float_style":"share-monocrhome","show_share_counter":"1","show_view_counter":"1","show_featured":"1","show_post_meta":"1","show_post_author":"1","show_post_author_image":"1","show_post_date":"1","post_date_format":"default","post_date_format_custom":"Y\/m\/d","show_post_category":"1","show_post_reading_time":"0","post_reading_time_wpm":"300","show_zoom_button":"0","zoom_button_out_step":"2","zoom_button_in_step":"3","show_post_tag":"1","show_prev_next_post":"1","show_popup_post":"1","number_popup_post":"1","show_author_box":"0","show_post_related":"0","show_inline_post_related":"0"}],"override_image_size":"0","image_override":[{"single_post_thumbnail_size":"crop-500","single_post_gallery_size":"crop-500"}],"trending_post":"0","trending_post_position":"meta","trending_post_label":"Trending","sponsored_post":"0","sponsored_post_label":"Sponsored by","sponsored_post_name":"","sponsored_post_url":"","sponsored_post_logo_enable":"0","sponsored_post_logo":"","sponsored_post_desc":""},"jnews_primary_category":{"id":""},"jnews_social_meta":[],"jnews_review":[],"enable_review":"0","type":"percentage","name":"","summary":"","brand":"","sku":"","good":[{"good_text":""}],"bad":[{"bad_text":""}],"score_override":"","override_value":"","rating":[{"rating_text":"","rating_number":"10"}],"price":[{"shop":"","price":"","link":"","icon":""}],"jnews_override_counter":{"override_view_counter":"0","view_counter_number":"0","override_share_counter":"0","share_counter_number":"0","override_like_counter":"0","like_counter_number":"0","override_dislike_counter":"0","dislike_counter_number":"0"},"jnews_post_split":{"enable_post_split":"0","post_split":[{"template":"1","tag":"h2","numbering":"asc","mode":"normal"}]},"footnotes":""},"categories":[10],"tags":[364,352,351,363],"class_list":["post-20455","post","type-post","status-publish","format-standard","has-post-thumbnail","hentry","category-accion-politica","tag-expropiacion-cerealera","tag-jornada-de-lucha","tag-soberania-alimentaria","tag-vicentin"],"jetpack_featured_media_url":"https:\/\/atecordoba.org\/wp-content\/uploads\/2020\/06\/WhatsApp-Image-2020-06-24-at-14.29.23.jpeg","_links":{"self":[{"href":"https:\/\/atecordoba.org\/index.php?rest_route=\/wp\/v2\/posts\/20455","targetHints":{"allow":["GET"]}}],"collection":[{"href":"https:\/\/atecordoba.org\/index.php?rest_route=\/wp\/v2\/posts"}],"about":[{"href":"https:\/\/atecordoba.org\/index.php?rest_route=\/wp\/v2\/types\/post"}],"author":[{"embeddable":true,"href":"https:\/\/atecordoba.org\/index.php?rest_route=\/wp\/v2\/users\/3"}],"replies":[{"embeddable":true,"href":"https:\/\/atecordoba.org\/index.php?rest_route=%2Fwp%2Fv2%2Fcomments&post=20455"}],"version-history":[{"count":1,"href":"https:\/\/atecordoba.org\/index.php?rest_route=\/wp\/v2\/posts\/20455\/revisions"}],"predecessor-version":[{"id":20458,"href":"https:\/\/atecordoba.org\/index.php?rest_route=\/wp\/v2\/posts\/20455\/revisions\/20458"}],"wp:featuredmedia":[{"embeddable":true,"href":"https:\/\/atecordoba.org\/index.php?rest_route=\/wp\/v2\/media\/20456"}],"wp:attachment":[{"href":"https:\/\/atecordoba.org\/index.php?rest_route=%2Fwp%2Fv2%2Fmedia&parent=20455"}],"wp:term":[{"taxonomy":"category","embeddable":true,"href":"https:\/\/atecordoba.org\/index.php?rest_route=%2Fwp%2Fv2%2Fcategories&post=20455"},{"taxonomy":"post_tag","embeddable":true,"href":"https:\/\/atecordoba.org\/index.php?rest_route=%2Fwp%2Fv2%2Ftags&post=20455"}],"curies":[{"name":"wp","href":"https:\/\/api.w.org\/{rel}","templated":true}]}}