{"id":20435,"date":"2020-06-23T15:59:38","date_gmt":"2020-06-23T18:59:38","guid":{"rendered":"http:\/\/atecordoba.org\/?p=20435"},"modified":"2020-06-23T16:55:00","modified_gmt":"2020-06-23T19:55:00","slug":"tras-reunion-con-el-intendente-se-abre-un-compas-de-espera-en-el-conflicto-municipal-de-jesus-maria","status":"publish","type":"post","link":"https:\/\/atecordoba.org\/?p=20435","title":{"rendered":"Tras reuni\u00f3n con el intendente se abre un comp\u00e1s de espera en el conflicto municipal de Jes\u00fas Mar\u00eda"},"content":{"rendered":"<p><img loading=\"lazy\" decoding=\"async\" class=\" wp-image-20436 aligncenter\" src=\"http:\/\/atecordoba.org\/wp-content\/uploads\/2020\/06\/WhatsApp-Image-2020-06-23-at-11.23.12-1-300x169.jpeg\" alt=\"\" width=\"593\" height=\"334\" srcset=\"https:\/\/atecordoba.org\/wp-content\/uploads\/2020\/06\/WhatsApp-Image-2020-06-23-at-11.23.12-1-300x169.jpeg 300w, https:\/\/atecordoba.org\/wp-content\/uploads\/2020\/06\/WhatsApp-Image-2020-06-23-at-11.23.12-1-1024x576.jpeg 1024w, https:\/\/atecordoba.org\/wp-content\/uploads\/2020\/06\/WhatsApp-Image-2020-06-23-at-11.23.12-1-768x432.jpeg 768w, https:\/\/atecordoba.org\/wp-content\/uploads\/2020\/06\/WhatsApp-Image-2020-06-23-at-11.23.12-1-750x422.jpeg 750w, https:\/\/atecordoba.org\/wp-content\/uploads\/2020\/06\/WhatsApp-Image-2020-06-23-at-11.23.12-1.jpeg 1032w\" sizes=\"auto, (max-width: 593px) 100vw, 593px\" \/><\/p>\n<p>El intendente de Jes\u00fas Mar\u00eda, Luis Picat, recibi\u00f3 esta ma\u00f1ana a una delegaci\u00f3n de ATE que reclam\u00f3 por 21 despidos en el municipio en plena pandemia, que convulsionaron la paz social de la ciudad. Se trata de 21 familias dejadas a la deriva por una gesti\u00f3n que ya tiene en su haber alrededor decenas de despedidos desde que asumi\u00f3 en diciembre pasado.<\/p>\n<p>Adem\u00e1s, nuestro gremio llev\u00f3 al despacho de Picat el reclamo por una urgente apertura de paritarias para vehiculizar la indispensable recomposici\u00f3n salarial del sector, cuyos haberes en muchos casos ni siquiera alcanzan a equipar la l\u00ednea de la pobreza, por la reinstalaci\u00f3n del delegado Florencio Encina, trasladado ilegalmente de su lugar de trabajo. Nuestro gremio lleg\u00f3 a la reuni\u00f3n despu\u00e9s de declarar ayer el estado de alerta y movilizaci\u00f3n.<img loading=\"lazy\" decoding=\"async\" class=\" wp-image-20437 alignright\" src=\"http:\/\/atecordoba.org\/wp-content\/uploads\/2020\/06\/WhatsApp-Image-2020-06-23-at-11.23.14-300x225.jpeg\" alt=\"\" width=\"348\" height=\"261\" srcset=\"https:\/\/atecordoba.org\/wp-content\/uploads\/2020\/06\/WhatsApp-Image-2020-06-23-at-11.23.14-300x225.jpeg 300w, https:\/\/atecordoba.org\/wp-content\/uploads\/2020\/06\/WhatsApp-Image-2020-06-23-at-11.23.14-768x576.jpeg 768w, https:\/\/atecordoba.org\/wp-content\/uploads\/2020\/06\/WhatsApp-Image-2020-06-23-at-11.23.14-750x563.jpeg 750w, https:\/\/atecordoba.org\/wp-content\/uploads\/2020\/06\/WhatsApp-Image-2020-06-23-at-11.23.14.jpeg 1008w\" sizes=\"auto, (max-width: 348px) 100vw, 348px\" \/><\/p>\n<p>La delegaci\u00f3n de ATE estuvo encabezada por el secretario Adjunto del Consejo Directivo Provincial, Hugo Dur\u00e1n, y cont\u00f3 con la presencia de integrantes de la comisi\u00f3n directiva y de delegados municipales del sector.<\/p>\n<p>Por parte del ejecutivo municipal estuvieron presentes, adem\u00e1s de Picat, el secretario de Gobierno y la secretaria de Asuntos Legales de la comuna.<\/p>\n<p>En la reuni\u00f3n, que no estuvo exenta de un clima tenso, ATE logr\u00f3 el compromiso de las autoridades para la reinstalaci\u00f3n del delegado Encina y la apertura de una mesa de negociaci\u00f3n donde se analizar\u00e1 la situaci\u00f3n de cada uno de los despedidos. Son 13 trabajadores con contratos vencidos y 9 monotributistas, algunos de los cuales integraban hasta la semana pasada los equipos de salud municipal.<\/p>\n<p>Por \u00faltimo, Picat se comprometi\u00f3 a convocar a una mesa de dialogo salarial para el mes que viene, una vez se conozca la recaudaci\u00f3n de junio. En esa l\u00ednea, nuestro gremio se comprometi\u00f3 a suspender las medidas de fuerza.<img loading=\"lazy\" decoding=\"async\" class=\"wp-image-20438 aligncenter\" src=\"http:\/\/atecordoba.org\/wp-content\/uploads\/2020\/06\/WhatsApp-Image-2020-06-23-at-11.23.20-300x225.jpeg\" alt=\"\" width=\"501\" height=\"376\" srcset=\"https:\/\/atecordoba.org\/wp-content\/uploads\/2020\/06\/WhatsApp-Image-2020-06-23-at-11.23.20-300x225.jpeg 300w, https:\/\/atecordoba.org\/wp-content\/uploads\/2020\/06\/WhatsApp-Image-2020-06-23-at-11.23.20-1024x768.jpeg 1024w, https:\/\/atecordoba.org\/wp-content\/uploads\/2020\/06\/WhatsApp-Image-2020-06-23-at-11.23.20-768x576.jpeg 768w, https:\/\/atecordoba.org\/wp-content\/uploads\/2020\/06\/WhatsApp-Image-2020-06-23-at-11.23.20-750x563.jpeg 750w, https:\/\/atecordoba.org\/wp-content\/uploads\/2020\/06\/WhatsApp-Image-2020-06-23-at-11.23.20.jpeg 1032w\" sizes=\"auto, (max-width: 501px) 100vw, 501px\" \/><\/p>\n<p>Previamente a la reuni\u00f3n, ATE realiz\u00f3 una asamblea y posteriormente una ruidosa protesta frente a la sede de la municipalidad.<\/p>\n<p>El viernes pr\u00f3ximo se realizar\u00e1 una nueva asamblea para evaluar el resultado no solo de las negociaciones sino de esta mesa de di\u00e1logo conformada junto con la patronal.<\/p>\n<p>A la salida de la reuni\u00f3n, Hugo Dur\u00e1n resumi\u00f3 lo ocurrido se\u00f1alando que \u201ccreemos que los resultados alcanzados hoy son positivos. Sin embargo, habr\u00e1 que seguir la evoluci\u00f3n de las negociaciones y esperar para ver el viernes si se concreta positivamente los tres puntos trasladados al ejecutivo\u201d.<\/p>\n<div id='gallery_1' class='gallery galleryid-20435 gallery-columns-3 gallery-size-thumbnail'><figure class='gallery-item'>\n                <div class='gallery-icon landscape'>\n                    <a href='https:\/\/atecordoba.org\/wp-content\/uploads\/2020\/06\/WhatsApp-Image-2020-06-23-at-11.23.12.jpeg'><img loading=\"lazy\" decoding=\"async\" width=\"150\" height=\"150\" src=\"\" class=\"attachment-thumbnail size-thumbnail lazyload\" alt=\"\" data-src=\"https:\/\/atecordoba.org\/wp-content\/uploads\/2020\/06\/WhatsApp-Image-2020-06-23-at-11.23.12-150x150.jpeg\" data-sizes=\"auto\" data-srcset=\"https:\/\/atecordoba.org\/wp-content\/uploads\/2020\/06\/WhatsApp-Image-2020-06-23-at-11.23.12-150x150.jpeg 150w, https:\/\/atecordoba.org\/wp-content\/uploads\/2020\/06\/WhatsApp-Image-2020-06-23-at-11.23.12-560x560.jpeg 560w, https:\/\/atecordoba.org\/wp-content\/uploads\/2020\/06\/WhatsApp-Image-2020-06-23-at-11.23.12-75x75.jpeg 75w\" data-expand=\"700\" \/><\/a>\n                <\/div><\/figure><figure class='gallery-item'>\n                <div class='gallery-icon landscape'>\n                    <a href='https:\/\/atecordoba.org\/wp-content\/uploads\/2020\/06\/WhatsApp-Image-2020-06-23-at-11.23.13.jpeg'><img loading=\"lazy\" decoding=\"async\" width=\"150\" height=\"150\" src=\"\" class=\"attachment-thumbnail size-thumbnail lazyload\" alt=\"\" data-src=\"https:\/\/atecordoba.org\/wp-content\/uploads\/2020\/06\/WhatsApp-Image-2020-06-23-at-11.23.13-150x150.jpeg\" data-sizes=\"auto\" data-srcset=\"https:\/\/atecordoba.org\/wp-content\/uploads\/2020\/06\/WhatsApp-Image-2020-06-23-at-11.23.13-150x150.jpeg 150w, https:\/\/atecordoba.org\/wp-content\/uploads\/2020\/06\/WhatsApp-Image-2020-06-23-at-11.23.13-560x560.jpeg 560w, https:\/\/atecordoba.org\/wp-content\/uploads\/2020\/06\/WhatsApp-Image-2020-06-23-at-11.23.13-75x75.jpeg 75w\" data-expand=\"700\" \/><\/a>\n                <\/div><\/figure><figure class='gallery-item'>\n                <div class='gallery-icon landscape'>\n                    <a href='https:\/\/atecordoba.org\/wp-content\/uploads\/2020\/06\/WhatsApp-Image-2020-06-23-at-11.23.14-1.jpeg'><img loading=\"lazy\" decoding=\"async\" width=\"150\" height=\"150\" src=\"\" class=\"attachment-thumbnail size-thumbnail lazyload\" alt=\"\" data-src=\"https:\/\/atecordoba.org\/wp-content\/uploads\/2020\/06\/WhatsApp-Image-2020-06-23-at-11.23.14-1-150x150.jpeg\" data-sizes=\"auto\" data-srcset=\"https:\/\/atecordoba.org\/wp-content\/uploads\/2020\/06\/WhatsApp-Image-2020-06-23-at-11.23.14-1-150x150.jpeg 150w, https:\/\/atecordoba.org\/wp-content\/uploads\/2020\/06\/WhatsApp-Image-2020-06-23-at-11.23.14-1-560x560.jpeg 560w, https:\/\/atecordoba.org\/wp-content\/uploads\/2020\/06\/WhatsApp-Image-2020-06-23-at-11.23.14-1-75x75.jpeg 75w\" data-expand=\"700\" \/><\/a>\n                <\/div><\/figure><br style=\"clear: both\" \/><figure class='gallery-item'>\n                <div class='gallery-icon portrait'>\n                    <a href='https:\/\/atecordoba.org\/wp-content\/uploads\/2020\/06\/WhatsApp-Image-2020-06-23-at-11.23.15-1.jpeg'><img loading=\"lazy\" decoding=\"async\" width=\"150\" height=\"150\" src=\"\" class=\"attachment-thumbnail size-thumbnail lazyload\" alt=\"\" data-src=\"https:\/\/atecordoba.org\/wp-content\/uploads\/2020\/06\/WhatsApp-Image-2020-06-23-at-11.23.15-1-150x150.jpeg\" data-sizes=\"auto\" data-srcset=\"https:\/\/atecordoba.org\/wp-content\/uploads\/2020\/06\/WhatsApp-Image-2020-06-23-at-11.23.15-1-150x150.jpeg 150w, https:\/\/atecordoba.org\/wp-content\/uploads\/2020\/06\/WhatsApp-Image-2020-06-23-at-11.23.15-1-560x560.jpeg 560w, https:\/\/atecordoba.org\/wp-content\/uploads\/2020\/06\/WhatsApp-Image-2020-06-23-at-11.23.15-1-75x75.jpeg 75w\" data-expand=\"700\" \/><\/a>\n                <\/div><\/figure><figure class='gallery-item'>\n                <div class='gallery-icon landscape'>\n                    <a href='https:\/\/atecordoba.org\/wp-content\/uploads\/2020\/06\/WhatsApp-Image-2020-06-23-at-11.23.15.jpeg'><img loading=\"lazy\" decoding=\"async\" width=\"150\" height=\"150\" src=\"\" class=\"attachment-thumbnail size-thumbnail lazyload\" alt=\"\" data-src=\"https:\/\/atecordoba.org\/wp-content\/uploads\/2020\/06\/WhatsApp-Image-2020-06-23-at-11.23.15-150x150.jpeg\" data-sizes=\"auto\" data-srcset=\"https:\/\/atecordoba.org\/wp-content\/uploads\/2020\/06\/WhatsApp-Image-2020-06-23-at-11.23.15-150x150.jpeg 150w, https:\/\/atecordoba.org\/wp-content\/uploads\/2020\/06\/WhatsApp-Image-2020-06-23-at-11.23.15-560x560.jpeg 560w, https:\/\/atecordoba.org\/wp-content\/uploads\/2020\/06\/WhatsApp-Image-2020-06-23-at-11.23.15-75x75.jpeg 75w\" data-expand=\"700\" \/><\/a>\n                <\/div><\/figure><figure class='gallery-item'>\n                <div class='gallery-icon portrait'>\n                    <a href='https:\/\/atecordoba.org\/wp-content\/uploads\/2020\/06\/WhatsApp-Image-2020-06-23-at-11.23.16.jpeg'><img loading=\"lazy\" decoding=\"async\" width=\"150\" height=\"150\" src=\"\" class=\"attachment-thumbnail size-thumbnail lazyload\" alt=\"\" data-src=\"https:\/\/atecordoba.org\/wp-content\/uploads\/2020\/06\/WhatsApp-Image-2020-06-23-at-11.23.16-150x150.jpeg\" data-sizes=\"auto\" data-srcset=\"https:\/\/atecordoba.org\/wp-content\/uploads\/2020\/06\/WhatsApp-Image-2020-06-23-at-11.23.16-150x150.jpeg 150w, https:\/\/atecordoba.org\/wp-content\/uploads\/2020\/06\/WhatsApp-Image-2020-06-23-at-11.23.16-560x560.jpeg 560w, https:\/\/atecordoba.org\/wp-content\/uploads\/2020\/06\/WhatsApp-Image-2020-06-23-at-11.23.16-75x75.jpeg 75w\" data-expand=\"700\" \/><\/a>\n                <\/div><\/figure><br style=\"clear: both\" \/><figure class='gallery-item'>\n                <div class='gallery-icon landscape'>\n                    <a href='https:\/\/atecordoba.org\/wp-content\/uploads\/2020\/06\/WhatsApp-Image-2020-06-23-at-11.23.17-1.jpeg'><img loading=\"lazy\" decoding=\"async\" width=\"150\" height=\"150\" src=\"\" class=\"attachment-thumbnail size-thumbnail lazyload\" alt=\"\" data-src=\"https:\/\/atecordoba.org\/wp-content\/uploads\/2020\/06\/WhatsApp-Image-2020-06-23-at-11.23.17-1-150x150.jpeg\" data-sizes=\"auto\" data-srcset=\"https:\/\/atecordoba.org\/wp-content\/uploads\/2020\/06\/WhatsApp-Image-2020-06-23-at-11.23.17-1-150x150.jpeg 150w, https:\/\/atecordoba.org\/wp-content\/uploads\/2020\/06\/WhatsApp-Image-2020-06-23-at-11.23.17-1-560x560.jpeg 560w, https:\/\/atecordoba.org\/wp-content\/uploads\/2020\/06\/WhatsApp-Image-2020-06-23-at-11.23.17-1-75x75.jpeg 75w\" data-expand=\"700\" \/><\/a>\n                <\/div><\/figure><figure class='gallery-item'>\n                <div class='gallery-icon portrait'>\n                    <a href='https:\/\/atecordoba.org\/wp-content\/uploads\/2020\/06\/WhatsApp-Image-2020-06-23-at-11.23.17.jpeg'><img loading=\"lazy\" decoding=\"async\" width=\"150\" height=\"150\" src=\"\" class=\"attachment-thumbnail size-thumbnail lazyload\" alt=\"\" data-src=\"https:\/\/atecordoba.org\/wp-content\/uploads\/2020\/06\/WhatsApp-Image-2020-06-23-at-11.23.17-150x150.jpeg\" data-sizes=\"auto\" data-srcset=\"https:\/\/atecordoba.org\/wp-content\/uploads\/2020\/06\/WhatsApp-Image-2020-06-23-at-11.23.17-150x150.jpeg 150w, https:\/\/atecordoba.org\/wp-content\/uploads\/2020\/06\/WhatsApp-Image-2020-06-23-at-11.23.17-560x560.jpeg 560w, https:\/\/atecordoba.org\/wp-content\/uploads\/2020\/06\/WhatsApp-Image-2020-06-23-at-11.23.17-75x75.jpeg 75w\" data-expand=\"700\" \/><\/a>\n                <\/div><\/figure><figure class='gallery-item'>\n                <div class='gallery-icon landscape'>\n                    <a href='https:\/\/atecordoba.org\/wp-content\/uploads\/2020\/06\/WhatsApp-Image-2020-06-23-at-11.23.18.jpeg'><img loading=\"lazy\" decoding=\"async\" width=\"150\" height=\"150\" src=\"\" class=\"attachment-thumbnail size-thumbnail lazyload\" alt=\"\" data-src=\"https:\/\/atecordoba.org\/wp-content\/uploads\/2020\/06\/WhatsApp-Image-2020-06-23-at-11.23.18-150x150.jpeg\" data-sizes=\"auto\" data-srcset=\"https:\/\/atecordoba.org\/wp-content\/uploads\/2020\/06\/WhatsApp-Image-2020-06-23-at-11.23.18-150x150.jpeg 150w, https:\/\/atecordoba.org\/wp-content\/uploads\/2020\/06\/WhatsApp-Image-2020-06-23-at-11.23.18-560x560.jpeg 560w, https:\/\/atecordoba.org\/wp-content\/uploads\/2020\/06\/WhatsApp-Image-2020-06-23-at-11.23.18-75x75.jpeg 75w\" data-expand=\"700\" \/><\/a>\n                <\/div><\/figure><br style=\"clear: both\" \/><figure class='gallery-item'>\n                <div class='gallery-icon portrait'>\n                    <a href='https:\/\/atecordoba.org\/wp-content\/uploads\/2020\/06\/WhatsApp-Image-2020-06-23-at-11.23.19.jpeg'><img loading=\"lazy\" decoding=\"async\" width=\"150\" height=\"150\" src=\"\" class=\"attachment-thumbnail size-thumbnail lazyload\" alt=\"\" data-src=\"https:\/\/atecordoba.org\/wp-content\/uploads\/2020\/06\/WhatsApp-Image-2020-06-23-at-11.23.19-150x150.jpeg\" data-sizes=\"auto\" data-srcset=\"https:\/\/atecordoba.org\/wp-content\/uploads\/2020\/06\/WhatsApp-Image-2020-06-23-at-11.23.19-150x150.jpeg 150w, https:\/\/atecordoba.org\/wp-content\/uploads\/2020\/06\/WhatsApp-Image-2020-06-23-at-11.23.19-560x560.jpeg 560w, https:\/\/atecordoba.org\/wp-content\/uploads\/2020\/06\/WhatsApp-Image-2020-06-23-at-11.23.19-75x75.jpeg 75w\" data-expand=\"700\" \/><\/a>\n                <\/div><\/figure><figure class='gallery-item'>\n                <div class='gallery-icon landscape'>\n                    <a href='https:\/\/atecordoba.org\/wp-content\/uploads\/2020\/06\/WhatsApp-Image-2020-06-23-at-11.39.15.jpeg'><img loading=\"lazy\" decoding=\"async\" width=\"150\" height=\"150\" src=\"\" class=\"attachment-thumbnail size-thumbnail lazyload\" alt=\"\" data-src=\"https:\/\/atecordoba.org\/wp-content\/uploads\/2020\/06\/WhatsApp-Image-2020-06-23-at-11.39.15-150x150.jpeg\" data-sizes=\"auto\" data-srcset=\"https:\/\/atecordoba.org\/wp-content\/uploads\/2020\/06\/WhatsApp-Image-2020-06-23-at-11.39.15-150x150.jpeg 150w, https:\/\/atecordoba.org\/wp-content\/uploads\/2020\/06\/WhatsApp-Image-2020-06-23-at-11.39.15-560x560.jpeg 560w, https:\/\/atecordoba.org\/wp-content\/uploads\/2020\/06\/WhatsApp-Image-2020-06-23-at-11.39.15-75x75.jpeg 75w\" data-expand=\"700\" \/><\/a>\n                <\/div><\/figure><figure class='gallery-item'>\n                <div class='gallery-icon landscape'>\n                    <a href='https:\/\/atecordoba.org\/wp-content\/uploads\/2020\/06\/WhatsApp-Image-2020-06-23-at-11.39.16.jpeg'><img loading=\"lazy\" decoding=\"async\" width=\"150\" height=\"150\" src=\"\" class=\"attachment-thumbnail size-thumbnail lazyload\" alt=\"\" data-src=\"https:\/\/atecordoba.org\/wp-content\/uploads\/2020\/06\/WhatsApp-Image-2020-06-23-at-11.39.16-150x150.jpeg\" data-sizes=\"auto\" data-srcset=\"https:\/\/atecordoba.org\/wp-content\/uploads\/2020\/06\/WhatsApp-Image-2020-06-23-at-11.39.16-150x150.jpeg 150w, https:\/\/atecordoba.org\/wp-content\/uploads\/2020\/06\/WhatsApp-Image-2020-06-23-at-11.39.16-560x560.jpeg 560w, https:\/\/atecordoba.org\/wp-content\/uploads\/2020\/06\/WhatsApp-Image-2020-06-23-at-11.39.16-75x75.jpeg 75w\" data-expand=\"700\" \/><\/a>\n                <\/div><\/figure><br style=\"clear: both\" \/>\n            <\/div>\n\n","protected":false},"excerpt":{"rendered":"<p>El intendente de Jes\u00fas Mar\u00eda, Luis Picat, recibi\u00f3 esta ma\u00f1ana a una delegaci\u00f3n de ATE que reclam\u00f3 por 21 despidos en el municipio en plena pandemia, que convulsionaron la paz social de la ciudad. Se trata de 21 familias dejadas a la deriva por una gesti\u00f3n que ya tiene en su haber alrededor decenas de [&hellip;]<\/p>\n","protected":false},"author":3,"featured_media":20436,"comment_status":"open","ping_status":"open","sticky":true,"template":"","format":"standard","meta":{"_exactmetrics_skip_tracking":false,"_exactmetrics_sitenote_active":false,"_exactmetrics_sitenote_note":"","_exactmetrics_sitenote_category":0,"jnews-multi-image_gallery":[],"jnews_single_post":{"subtitle":"","format":"standard","video":"","gallery":"","source_name":"","source_url":"","via_name":"","via_url":"","override_template":"0","override":[{"template":"1","single_blog_custom":"","parallax":"1","fullscreen":"0","layout":"right-sidebar","sidebar":"default-sidebar","second_sidebar":"default-sidebar","sticky_sidebar":"1","share_position":"top","share_float_style":"share-monocrhome","show_share_counter":"1","show_view_counter":"1","show_featured":"1","show_post_meta":"1","show_post_author":"1","show_post_author_image":"1","show_post_date":"1","post_date_format":"default","post_date_format_custom":"Y\/m\/d","show_post_category":"1","show_post_reading_time":"0","post_reading_time_wpm":"300","show_zoom_button":"0","zoom_button_out_step":"2","zoom_button_in_step":"3","show_post_tag":"1","show_prev_next_post":"1","show_popup_post":"1","number_popup_post":"1","show_author_box":"0","show_post_related":"0","show_inline_post_related":"0"}],"override_image_size":"0","image_override":[{"single_post_thumbnail_size":"crop-500","single_post_gallery_size":"crop-500"}],"trending_post":"0","trending_post_position":"meta","trending_post_label":"Trending","sponsored_post":"0","sponsored_post_label":"Sponsored by","sponsored_post_name":"","sponsored_post_url":"","sponsored_post_logo_enable":"0","sponsored_post_logo":"","sponsored_post_desc":""},"jnews_primary_category":{"id":""},"jnews_social_meta":[],"jnews_review":[],"enable_review":"0","type":"percentage","name":"","summary":"","brand":"","sku":"","good":[{"good_text":""}],"bad":[{"bad_text":""}],"score_override":"","override_value":"","rating":[{"rating_text":"","rating_number":"10"}],"price":[{"shop":"","price":"","link":"","icon":""}],"jnews_override_counter":{"override_view_counter":"0","view_counter_number":"0","override_share_counter":"0","share_counter_number":"0","override_like_counter":"0","like_counter_number":"0","override_dislike_counter":"0","dislike_counter_number":"0"},"jnews_post_split":{"enable_post_split":"0","post_split":[{"template":"1","tag":"h2","numbering":"asc","mode":"normal"}]},"footnotes":""},"categories":[329,20],"tags":[360,164,362,52,24,361],"class_list":["post-20435","post","type-post","status-publish","format-standard","has-post-thumbnail","hentry","category-jesus-maria","category-municipales","tag-despedidos","tag-despidos","tag-equipo-de-salud","tag-jesus-maria-2","tag-municipales-2","tag-pandemia"],"jetpack_featured_media_url":"https:\/\/atecordoba.org\/wp-content\/uploads\/2020\/06\/WhatsApp-Image-2020-06-23-at-11.23.12-1.jpeg","_links":{"self":[{"href":"https:\/\/atecordoba.org\/index.php?rest_route=\/wp\/v2\/posts\/20435","targetHints":{"allow":["GET"]}}],"collection":[{"href":"https:\/\/atecordoba.org\/index.php?rest_route=\/wp\/v2\/posts"}],"about":[{"href":"https:\/\/atecordoba.org\/index.php?rest_route=\/wp\/v2\/types\/post"}],"author":[{"embeddable":true,"href":"https:\/\/atecordoba.org\/index.php?rest_route=\/wp\/v2\/users\/3"}],"replies":[{"embeddable":true,"href":"https:\/\/atecordoba.org\/index.php?rest_route=%2Fwp%2Fv2%2Fcomments&post=20435"}],"version-history":[{"count":4,"href":"https:\/\/atecordoba.org\/index.php?rest_route=\/wp\/v2\/posts\/20435\/revisions"}],"predecessor-version":[{"id":20454,"href":"https:\/\/atecordoba.org\/index.php?rest_route=\/wp\/v2\/posts\/20435\/revisions\/20454"}],"wp:featuredmedia":[{"embeddable":true,"href":"https:\/\/atecordoba.org\/index.php?rest_route=\/wp\/v2\/media\/20436"}],"wp:attachment":[{"href":"https:\/\/atecordoba.org\/index.php?rest_route=%2Fwp%2Fv2%2Fmedia&parent=20435"}],"wp:term":[{"taxonomy":"category","embeddable":true,"href":"https:\/\/atecordoba.org\/index.php?rest_route=%2Fwp%2Fv2%2Fcategories&post=20435"},{"taxonomy":"post_tag","embeddable":true,"href":"https:\/\/atecordoba.org\/index.php?rest_route=%2Fwp%2Fv2%2Ftags&post=20435"}],"curies":[{"name":"wp","href":"https:\/\/api.w.org\/{rel}","templated":true}]}}