{"id":20415,"date":"2020-06-22T13:25:39","date_gmt":"2020-06-22T16:25:39","guid":{"rendered":"http:\/\/atecordoba.org\/?p=20415"},"modified":"2020-06-22T13:31:15","modified_gmt":"2020-06-22T16:31:15","slug":"estado-de-alerta-y-movilizacion-en-jesus-maria-por-despidos-y-reclamos-salariales","status":"publish","type":"post","link":"https:\/\/atecordoba.org\/?p=20415","title":{"rendered":"Estado de alerta y movilizaci\u00f3n en Jes\u00fas Mar\u00eda por despidos y reclamos salariales"},"content":{"rendered":"<p><img loading=\"lazy\" decoding=\"async\" class=\"wp-image-20419 aligncenter\" src=\"http:\/\/atecordoba.org\/wp-content\/uploads\/2020\/06\/jesus-maria-ASAMBLEA-1-300x136.jpeg\" alt=\"\" width=\"730\" height=\"331\" srcset=\"https:\/\/atecordoba.org\/wp-content\/uploads\/2020\/06\/jesus-maria-ASAMBLEA-1-300x136.jpeg 300w, https:\/\/atecordoba.org\/wp-content\/uploads\/2020\/06\/jesus-maria-ASAMBLEA-1-1024x463.jpeg 1024w, https:\/\/atecordoba.org\/wp-content\/uploads\/2020\/06\/jesus-maria-ASAMBLEA-1-768x347.jpeg 768w, https:\/\/atecordoba.org\/wp-content\/uploads\/2020\/06\/jesus-maria-ASAMBLEA-1-750x339.jpeg 750w, https:\/\/atecordoba.org\/wp-content\/uploads\/2020\/06\/jesus-maria-ASAMBLEA-1.jpeg 1055w\" sizes=\"auto, (max-width: 730px) 100vw, 730px\" \/><\/p>\n<p style=\"text-align: center;\"><em>Asamblea frente a la sede municipal.<\/em><\/p>\n<p>Ante la escalada de despidos y la falta de respuestas a los reclamos por la apertura de la paritaria de la Municipalidad de Jes\u00fas Mar\u00eda, ATE resolvi\u00f3 declarar el estado de alerta y movilizaci\u00f3n de todos los trabajadores municipales repudiando los despidos, arbitrarios e ilegales -en el marco de los decretos presidenciales vigentes por la pandemia- y reclamando la urgente apertura de la paritaria para avanzar en la necesaria recomposici\u00f3n para los magros salarios del sector.<\/p>\n<p>Este fin de semana el intendente Luis Picat resolvi\u00f3 dejar sin trabajo a profesionales que se encontraban bajo la figura precarizada de monotributistas a profesionales de la salud como m\u00e9dicos y psic\u00f3logos, entre otras actividades, al mismo tiempo que decidi\u00f3 no renovar contratos a otros tanto, hasta completar los 21 despidos.<\/p>\n<p>Se trata de una evidente ofensiva que no tiene precedentes durante la cuarentena contra los trabajadores municipales que se encuentran en la primera l\u00ednea de la defensa de la comunidad.<\/p>\n<p>Picat mand\u00f3 a detener 41 trabajadores hace un mes en el marco de una protesta, con el aval y el acompa\u00f1amiento policial del gobierno provincial. Ahora los 21 despidos se suman a las decenas que el intendente, ex presidente de la Sociedad Rural local, est\u00e1 efectuando desde su asunci\u00f3n en diciembre pasado.<\/p>\n<p>En ese marco, ATE comenzar\u00e1 ma\u00f1ana con las asambleas por sector. \u201cVamos a ir profundizando en la medida de que no tengamos respuesta a los reclamos por la reincorporaci\u00f3n de los trabajadores despedidos, uno de los cuales es el \u00fanico sost\u00e9n de familia y tiene una hija discapacitada, y la apertura de la negociaci\u00f3n salarial\u201d, dijo Florencio Encina, delegado de ATE.<\/p>\n<p>En tanto, hoy ya se hicieron las presentaciones correspondientes en el Ministerio de Trabajo de la provincia.<\/p>\n<p style=\"text-align: center;\">Federico Giuliani<\/p>\n<p style=\"text-align: center;\">Secretario General<\/p>\n<p style=\"text-align: center;\">ATE C\u00f3rdoba<\/p>\n<p>&nbsp;<\/p>\n<p style=\"text-align: center;\">Hugo Duran<\/p>\n<p style=\"text-align: center;\">Secretario Adjunto<\/p>\n","protected":false},"excerpt":{"rendered":"<p>Asamblea frente a la sede municipal. Ante la escalada de despidos y la falta de respuestas a los reclamos por la apertura de la paritaria de la Municipalidad de Jes\u00fas Mar\u00eda, ATE resolvi\u00f3 declarar el estado de alerta y movilizaci\u00f3n de todos los trabajadores municipales repudiando los despidos, arbitrarios e ilegales -en el marco de [&hellip;]<\/p>\n","protected":false},"author":3,"featured_media":20416,"comment_status":"open","ping_status":"open","sticky":true,"template":"","format":"standard","meta":{"_exactmetrics_skip_tracking":false,"_exactmetrics_sitenote_active":false,"_exactmetrics_sitenote_note":"","_exactmetrics_sitenote_category":0,"jnews-multi-image_gallery":[],"jnews_single_post":{"subtitle":"","format":"standard","video":"","gallery":"","source_name":"","source_url":"","via_name":"","via_url":"","override_template":"0","override":[{"template":"1","single_blog_custom":"","parallax":"1","fullscreen":"0","layout":"right-sidebar","sidebar":"default-sidebar","second_sidebar":"default-sidebar","sticky_sidebar":"1","share_position":"top","share_float_style":"share-monocrhome","show_share_counter":"1","show_view_counter":"1","show_featured":"1","show_post_meta":"1","show_post_author":"1","show_post_author_image":"1","show_post_date":"1","post_date_format":"default","post_date_format_custom":"Y\/m\/d","show_post_category":"1","show_post_reading_time":"0","post_reading_time_wpm":"300","show_zoom_button":"0","zoom_button_out_step":"2","zoom_button_in_step":"3","show_post_tag":"1","show_prev_next_post":"1","show_popup_post":"1","number_popup_post":"1","show_author_box":"0","show_post_related":"0","show_inline_post_related":"0"}],"override_image_size":"0","image_override":[{"single_post_thumbnail_size":"crop-500","single_post_gallery_size":"crop-500"}],"trending_post":"0","trending_post_position":"meta","trending_post_label":"Trending","sponsored_post":"0","sponsored_post_label":"Sponsored by","sponsored_post_name":"","sponsored_post_url":"","sponsored_post_logo_enable":"0","sponsored_post_logo":"","sponsored_post_desc":""},"jnews_primary_category":{"id":""},"jnews_social_meta":[],"jnews_review":[],"enable_review":"0","type":"percentage","name":"","summary":"","brand":"","sku":"","good":[{"good_text":""}],"bad":[{"bad_text":""}],"score_override":"","override_value":"","rating":[{"rating_text":"","rating_number":"10"}],"price":[{"shop":"","price":"","link":"","icon":""}],"jnews_override_counter":{"override_view_counter":"0","view_counter_number":"0","override_share_counter":"0","share_counter_number":"0","override_like_counter":"0","like_counter_number":"0","override_dislike_counter":"0","dislike_counter_number":"0"},"jnews_post_split":{"enable_post_split":"0","post_split":[{"template":"1","tag":"h2","numbering":"asc","mode":"normal"}]},"footnotes":""},"categories":[20],"tags":[],"class_list":["post-20415","post","type-post","status-publish","format-standard","has-post-thumbnail","hentry","category-municipales"],"jetpack_featured_media_url":"https:\/\/atecordoba.org\/wp-content\/uploads\/2020\/06\/jesus-maria-ASAMBLEA-e1592842500765.jpeg","_links":{"self":[{"href":"https:\/\/atecordoba.org\/index.php?rest_route=\/wp\/v2\/posts\/20415","targetHints":{"allow":["GET"]}}],"collection":[{"href":"https:\/\/atecordoba.org\/index.php?rest_route=\/wp\/v2\/posts"}],"about":[{"href":"https:\/\/atecordoba.org\/index.php?rest_route=\/wp\/v2\/types\/post"}],"author":[{"embeddable":true,"href":"https:\/\/atecordoba.org\/index.php?rest_route=\/wp\/v2\/users\/3"}],"replies":[{"embeddable":true,"href":"https:\/\/atecordoba.org\/index.php?rest_route=%2Fwp%2Fv2%2Fcomments&post=20415"}],"version-history":[{"count":5,"href":"https:\/\/atecordoba.org\/index.php?rest_route=\/wp\/v2\/posts\/20415\/revisions"}],"predecessor-version":[{"id":20422,"href":"https:\/\/atecordoba.org\/index.php?rest_route=\/wp\/v2\/posts\/20415\/revisions\/20422"}],"wp:featuredmedia":[{"embeddable":true,"href":"https:\/\/atecordoba.org\/index.php?rest_route=\/wp\/v2\/media\/20416"}],"wp:attachment":[{"href":"https:\/\/atecordoba.org\/index.php?rest_route=%2Fwp%2Fv2%2Fmedia&parent=20415"}],"wp:term":[{"taxonomy":"category","embeddable":true,"href":"https:\/\/atecordoba.org\/index.php?rest_route=%2Fwp%2Fv2%2Fcategories&post=20415"},{"taxonomy":"post_tag","embeddable":true,"href":"https:\/\/atecordoba.org\/index.php?rest_route=%2Fwp%2Fv2%2Ftags&post=20415"}],"curies":[{"name":"wp","href":"https:\/\/api.w.org\/{rel}","templated":true}]}}