{"id":20397,"date":"2020-06-22T11:23:40","date_gmt":"2020-06-22T14:23:40","guid":{"rendered":"http:\/\/atecordoba.org\/?p=20397"},"modified":"2020-07-02T12:20:14","modified_gmt":"2020-07-02T15:20:14","slug":"reunion-federal-de-trabajadoras-del-ministerio-de-trabajo","status":"publish","type":"post","link":"https:\/\/atecordoba.org\/?p=20397","title":{"rendered":"Reuni\u00f3n Federal de trabajadoras del Ministerio de Trabajo"},"content":{"rendered":"<p>&nbsp;<\/p>\n<p><img loading=\"lazy\" decoding=\"async\" class=\"wp-image-20401 aligncenter\" src=\"http:\/\/atecordoba.org\/wp-content\/uploads\/2020\/06\/min-de-trabajo-19-6-300x179.jpg\" alt=\"\" width=\"588\" height=\"351\" \/><\/p>\n<p>El encuentro se realiz\u00f3 el pasado viernes 19 de junio, se realiz\u00f3 la primera reuni\u00f3n abierta federal de trabajadoras Ministerio de Trabajo de la Naci\u00f3n, con la participaci\u00f3n de compa\u00f1eras de Buenos Aires (Tandil, San Mart\u00edn, La Plata, La\u00a0 Matanza), CABA, Chaco, Chubut, C\u00f3rdoba, Entre R\u00edos, Jujuy, Mendoza, Salta y Tierra del Fuego.<\/p>\n<p>Se pudo hacer un repaso por la situaci\u00f3n que est\u00e1n atravesando las trabajadoras en las distintas Agencias Territoriales del pa\u00eds, respecto a c\u00f3mo est\u00e1n desarrollando el trabajo remoto, la cobertura de guardias m\u00ednimas, condiciones de la &#8220;nueva normalidad&#8221; y la preocupaci\u00f3n por la falta de apertura de paritarias que afecta a las categor\u00edas m\u00e1s bajas, en su mayor\u00eda ocupada por trabajadoras.<\/p>\n<p>En tal sentido, se acord\u00f3 avanzar en un documento frente al trabajo remoto en tiempo de ASPO y en un informe sobre brecha salarial dentro del propio Ministerio, visibilizando inequidades de g\u00e9neros.<\/p>\n<p>El encuentro cerr\u00f3 con la consigna \u2018No estamos solas, estamos organizadxs\u2019.<\/p>\n","protected":false},"excerpt":{"rendered":"<p>&nbsp; El encuentro se realiz\u00f3 el pasado viernes 19 de junio, se realiz\u00f3 la primera reuni\u00f3n abierta federal de trabajadoras Ministerio de Trabajo de la Naci\u00f3n, con la participaci\u00f3n de compa\u00f1eras de Buenos Aires (Tandil, San Mart\u00edn, La Plata, La\u00a0 Matanza), CABA, Chaco, Chubut, C\u00f3rdoba, Entre R\u00edos, Jujuy, Mendoza, Salta y Tierra del Fuego. Se [&hellip;]<\/p>\n","protected":false},"author":3,"featured_media":20401,"comment_status":"open","ping_status":"open","sticky":false,"template":"","format":"standard","meta":{"_exactmetrics_skip_tracking":false,"_exactmetrics_sitenote_active":false,"_exactmetrics_sitenote_note":"","_exactmetrics_sitenote_category":0,"jnews-multi-image_gallery":[],"jnews_single_post":{"subtitle":"","format":"standard","video":"","gallery":"","source_name":"","source_url":"","via_name":"","via_url":"","override_template":"0","override":[{"template":"1","single_blog_custom":"","parallax":"1","fullscreen":"0","layout":"right-sidebar","sidebar":"default-sidebar","second_sidebar":"default-sidebar","sticky_sidebar":"1","share_position":"top","share_float_style":"share-monocrhome","show_share_counter":"1","show_view_counter":"1","show_featured":"1","show_post_meta":"1","show_post_author":"1","show_post_author_image":"1","show_post_date":"1","post_date_format":"default","post_date_format_custom":"Y\/m\/d","show_post_category":"1","show_post_reading_time":"0","post_reading_time_wpm":"300","show_zoom_button":"0","zoom_button_out_step":"2","zoom_button_in_step":"3","show_post_tag":"1","show_prev_next_post":"1","show_popup_post":"1","number_popup_post":"1","show_author_box":"0","show_post_related":"0","show_inline_post_related":"0"}],"override_image_size":"0","image_override":[{"single_post_thumbnail_size":"crop-500","single_post_gallery_size":"crop-500"}],"trending_post":"0","trending_post_position":"meta","trending_post_label":"Trending","sponsored_post":"0","sponsored_post_label":"Sponsored by","sponsored_post_name":"","sponsored_post_url":"","sponsored_post_logo_enable":"0","sponsored_post_logo":"","sponsored_post_desc":""},"jnews_primary_category":{"id":""},"jnews_social_meta":[],"jnews_review":[],"enable_review":"0","type":"percentage","name":"","summary":"","brand":"","sku":"","good":[{"good_text":""}],"bad":[{"bad_text":""}],"score_override":"","override_value":"","rating":[{"rating_text":"","rating_number":"10"}],"price":[{"shop":"","price":"","link":"","icon":""}],"jnews_override_counter":{"override_view_counter":"0","view_counter_number":"0","override_share_counter":"0","share_counter_number":"0","override_like_counter":"0","like_counter_number":"0","override_dislike_counter":"0","dislike_counter_number":"0"},"jnews_post_split":{"enable_post_split":"0","post_split":[{"template":"1","tag":"h2","numbering":"asc","mode":"normal"}]},"footnotes":""},"categories":[325,107],"tags":[],"class_list":["post-20397","post","type-post","status-publish","format-standard","has-post-thumbnail","hentry","category-generos-y-diversidades","category-ministerio-de-trabajo"],"jetpack_featured_media_url":"https:\/\/atecordoba.org\/wp-content\/uploads\/2020\/06\/min-de-trabajo-19-6.jpeg","_links":{"self":[{"href":"https:\/\/atecordoba.org\/index.php?rest_route=\/wp\/v2\/posts\/20397","targetHints":{"allow":["GET"]}}],"collection":[{"href":"https:\/\/atecordoba.org\/index.php?rest_route=\/wp\/v2\/posts"}],"about":[{"href":"https:\/\/atecordoba.org\/index.php?rest_route=\/wp\/v2\/types\/post"}],"author":[{"embeddable":true,"href":"https:\/\/atecordoba.org\/index.php?rest_route=\/wp\/v2\/users\/3"}],"replies":[{"embeddable":true,"href":"https:\/\/atecordoba.org\/index.php?rest_route=%2Fwp%2Fv2%2Fcomments&post=20397"}],"version-history":[{"count":8,"href":"https:\/\/atecordoba.org\/index.php?rest_route=\/wp\/v2\/posts\/20397\/revisions"}],"predecessor-version":[{"id":20414,"href":"https:\/\/atecordoba.org\/index.php?rest_route=\/wp\/v2\/posts\/20397\/revisions\/20414"}],"wp:featuredmedia":[{"embeddable":true,"href":"https:\/\/atecordoba.org\/index.php?rest_route=\/wp\/v2\/media\/20401"}],"wp:attachment":[{"href":"https:\/\/atecordoba.org\/index.php?rest_route=%2Fwp%2Fv2%2Fmedia&parent=20397"}],"wp:term":[{"taxonomy":"category","embeddable":true,"href":"https:\/\/atecordoba.org\/index.php?rest_route=%2Fwp%2Fv2%2Fcategories&post=20397"},{"taxonomy":"post_tag","embeddable":true,"href":"https:\/\/atecordoba.org\/index.php?rest_route=%2Fwp%2Fv2%2Ftags&post=20397"}],"curies":[{"name":"wp","href":"https:\/\/api.w.org\/{rel}","templated":true}]}}