{"id":20385,"date":"2020-06-20T17:01:51","date_gmt":"2020-06-20T20:01:51","guid":{"rendered":"http:\/\/atecordoba.org\/?p=20385"},"modified":"2020-06-20T17:57:01","modified_gmt":"2020-06-20T20:57:01","slug":"mas-de-cien-referentes-as-de-cordoba-por-la-soberania-el-trabajo-y-la-produccion","status":"publish","type":"post","link":"https:\/\/atecordoba.org\/?p=20385","title":{"rendered":"M\u00e1s de cien referentes\/as de C\u00f3rdoba por la Soberan\u00eda, el Trabajo y la Producci\u00f3n"},"content":{"rendered":"<p>M\u00e1s de 110 compa\u00f1eros y compa\u00f1eras referentes de decenas de organizaciones sociales, sindicales, estudiantiles, de profesionales, cooperativas, de la Econom\u00eda Social y Solidaria de toda la Provincia de C\u00f3rdoba, participaron este s\u00e1bado 20 de junio a las 12 hs de una reuni\u00f3n de presentaci\u00f3n e intercambio a partir del documento elaborado por el espacio del Manifiesto por la Soberan\u00eda, el Trabajo y la Producci\u00f3n a nivel nacional (pueden verlo completo <a href=\"https:\/\/bit.ly\/3hFjB5F\" target=\"_blank\" rel=\"noopener noreferrer\">aqu\u00ed<\/a>). \u201cNos une la vocaci\u00f3n de construcci\u00f3n de la Comunidad Organizada y de federalizaci\u00f3n de una Patria Libre, Justa y Soberana\u201d, remarcaron una tras otra las voces de quienes participaron de la instancia. \u201c20 de junio, d\u00eda de lucha y organizaci\u00f3n popular\u201d, exclamaba el texto que acompa\u00f1\u00f3 a la convocatoria.<\/p>\n<p>https:\/\/www.facebook.com\/ctaacordoba\/photos\/a.1829604010408742\/3018450904857374\/<\/p>\n<p>&nbsp;<\/p>\n<p>Las organizaciones de C\u00f3rdoba Capital, R\u00edo Cuarto, Villa Mar\u00eda, Bell Ville, Cruz del Eje, San Francisco, R\u00edo Tercero, La Carlota y Sierras Chicas -entre otros puntos de nuestra provincia que se hicieron presentes en la instancia- debatieron durante dos horas aproximadamente acerca de \u201cc\u00f3mo continuar avanzando en el plano reivindicativo, program\u00e1tico y con acciones concretas de unidad en un proyecto nacional de liberaci\u00f3n\u201d, seg\u00fan expres\u00f3 Federico Giuliani, Secretario General CTAA y ATE Provincia de C\u00f3rdoba.<\/p>\n<p>En ese sentido, Pablo \u201cNoris\u201d Montes, referente de la UTEP, expres\u00f3 que \u201cla unidad se materializa en acciones concretas y poniendo un rumbo. Cuando nos encontramos caminando y vemos a tantas compa\u00f1eras y compa\u00f1eros que comparten la ruta, encontramos que vamos caminando y construyendo esa direcci\u00f3n\u201d. En ese sentido, el dirigente remarc\u00f3 que estamos en momentos en que debemos plantear salidas &#8220;que cuestionen la nueva normalidad en este mundo en crisis y que propongan que otro mundo es posible&#8221;<\/p>\n<p>\u201cDesde 1810 a hoy la discusi\u00f3n sigue siendo liberaci\u00f3n o dependencia, Patria o Colonia \u2013expres\u00f3 Federico Giuliani-. Hoy est\u00e1 todo en debate. Nadie tiene el manual de c\u00f3mo salir de esta crisis. La construcci\u00f3n es colectiva y entre todas y todos estamos creando el nuevo mundo\u201d. Es ese sentido, el dirigente de ATE y CTA-A destac\u00f3 que \u201chay que pasar de la reivindicaci\u00f3n a la avanzada, a un programa con lucha\u201d y advirti\u00f3 que hoy \u201cla disputa es por la panza y la cabeza de los compa\u00f1eros. En cada merendero peleamos desigualmente contra el hambre y contra la opresi\u00f3n del no se puede, que es la contrapartida\u201d. Por eso, el dirigente expres\u00f3 que \u201ca 200 a\u00f1os de la muerte de Belgrano, debemos seguir levantando las banderas por una Revoluci\u00f3n inconclusa que ponga al Pueblo a la altura de lo que merece\u201d.<\/p>\n<div class=\"epyt-video-wrapper\"><iframe loading=\"lazy\"  style=\"display: block; margin: 0px auto;\"  id=\"_ytid_53021\"  width=\"480\" height=\"270\"  data-origwidth=\"480\" data-origheight=\"270\" src=\"https:\/\/www.youtube.com\/embed\/87HQYIiCFCM?enablejsapi=1&#038;autoplay=0&#038;cc_load_policy=0&#038;cc_lang_pref=&#038;iv_load_policy=3&#038;loop=0&#038;rel=0&#038;fs=1&#038;playsinline=0&#038;autohide=2&#038;theme=dark&#038;color=red&#038;controls=1&#038;disablekb=0&#038;\" class=\"__youtube_prefs__  epyt-is-override  no-lazyload\" title=\"YouTube player\"  allow=\"fullscreen; accelerometer; autoplay; clipboard-write; encrypted-media; gyroscope; picture-in-picture; web-share\" referrerpolicy=\"strict-origin-when-cross-origin\" allowfullscreen data-no-lazy=\"1\" data-skipgform_ajax_framebjll=\"\"><\/iframe><\/div>\n<p>&nbsp;<\/p>\n<p>Por su parte, Silvia Quevedo de Barrios de Pie C\u00f3rdoba remarc\u00f3 que \u201cel Covid dej\u00f3 en evidencia que Tierra Techo y Trabajo no son consignas, son puntos para la lucha \u00bfCu\u00e1l es el tipo de &#8220;normalidad&#8221; que queremos construir? No es la de los 10 millones de pobres\u201d. En ese sentido, Rafaela Alcoba afirm\u00f3 que \u201cla derecha se une, lo vimos ayer con Vicent\u00edn. Nosotros tambi\u00e9n debemos hacerlo, con un programa. Tenemos responsabilidades sociales y la capacidad de construir un proyecto de pa\u00eds\u201d.<\/p>\n<p>Carlos Rang, de ATE de Secretar\u00eda de Agricultura Familiar de la Naci\u00f3n remarc\u00f3 que \u201ccada vez es m\u00e1s claro que sin construcci\u00f3n de poder popular no podremos avanzar en un proyecto inclusivo, y en eso debemos construir organizaciones de nuevo tipo que est\u00e9n a la altura del desaf\u00edo que la crisis global que estamos viviendo impone\u201d.<\/p>\n<p>Por su parte, Marcos Galan de La Ranchada y Mutual Mujica expres\u00f3 que \u201cel Manifiesto retoma las luchas hist\u00f3ricas de nuestro movimiento popular, entre ellos los programas del movimiento obrero de La Falda y Huerta Grande. Hoy debemos apuntar tambi\u00e9n a la democratizaci\u00f3n de los medios de comunicaci\u00f3n. Recuperar la Ley de los Servicios de Comunicaci\u00f3n Audiovisual es otro de los puntos que s\u00ed o s\u00ed deben de estar en el Manifiesto\u201d.<\/p>\n<p>Por su parte, Silvia Alcoba de FENAT\/CTA-A remarc\u00f3 tambi\u00e9n la importancia de la Unidad: \u201cla lucha debe de ser en conjunto con un eje com\u00fan. Desde las organizaciones, desde abajo, queremos ser parte de este proyecto de pa\u00eds porque somos quienes a diario lo construimos\u201d.<\/p>\n<div id='gallery_1' class='gallery galleryid-20385 gallery-columns-5 gallery-size-thumbnail'><figure class='gallery-item'>\n                <div class='gallery-icon landscape'>\n                    <a href='https:\/\/atecordoba.org\/wp-content\/uploads\/2020\/06\/captura-1.jpg'><img loading=\"lazy\" decoding=\"async\" width=\"150\" height=\"150\" src=\"\" class=\"attachment-thumbnail size-thumbnail lazyload\" alt=\"\" data-src=\"https:\/\/atecordoba.org\/wp-content\/uploads\/2020\/06\/captura-1-150x150.jpg\" data-sizes=\"auto\" data-srcset=\"https:\/\/atecordoba.org\/wp-content\/uploads\/2020\/06\/captura-1-150x150.jpg 150w, https:\/\/atecordoba.org\/wp-content\/uploads\/2020\/06\/captura-1-560x560.jpg 560w, https:\/\/atecordoba.org\/wp-content\/uploads\/2020\/06\/captura-1-75x75.jpg 75w\" data-expand=\"700\" \/><\/a>\n                <\/div><\/figure><figure class='gallery-item'>\n                <div class='gallery-icon landscape'>\n                    <a href='https:\/\/atecordoba.org\/wp-content\/uploads\/2020\/06\/WhatsApp-Image-2020-06-20-at-14.28.00.jpeg'><img loading=\"lazy\" decoding=\"async\" width=\"150\" height=\"150\" src=\"\" class=\"attachment-thumbnail size-thumbnail lazyload\" alt=\"\" data-src=\"https:\/\/atecordoba.org\/wp-content\/uploads\/2020\/06\/WhatsApp-Image-2020-06-20-at-14.28.00-150x150.jpeg\" data-sizes=\"auto\" data-srcset=\"https:\/\/atecordoba.org\/wp-content\/uploads\/2020\/06\/WhatsApp-Image-2020-06-20-at-14.28.00-150x150.jpeg 150w, https:\/\/atecordoba.org\/wp-content\/uploads\/2020\/06\/WhatsApp-Image-2020-06-20-at-14.28.00-300x300.jpeg 300w, https:\/\/atecordoba.org\/wp-content\/uploads\/2020\/06\/WhatsApp-Image-2020-06-20-at-14.28.00-1024x1021.jpeg 1024w, https:\/\/atecordoba.org\/wp-content\/uploads\/2020\/06\/WhatsApp-Image-2020-06-20-at-14.28.00-768x766.jpeg 768w, https:\/\/atecordoba.org\/wp-content\/uploads\/2020\/06\/WhatsApp-Image-2020-06-20-at-14.28.00-560x560.jpeg 560w, https:\/\/atecordoba.org\/wp-content\/uploads\/2020\/06\/WhatsApp-Image-2020-06-20-at-14.28.00-75x75.jpeg 75w, https:\/\/atecordoba.org\/wp-content\/uploads\/2020\/06\/WhatsApp-Image-2020-06-20-at-14.28.00-750x748.jpeg 750w, https:\/\/atecordoba.org\/wp-content\/uploads\/2020\/06\/WhatsApp-Image-2020-06-20-at-14.28.00.jpeg 1080w\" data-expand=\"700\" \/><\/a>\n                <\/div><\/figure><figure class='gallery-item'>\n                <div class='gallery-icon landscape'>\n                    <a href='https:\/\/atecordoba.org\/wp-content\/uploads\/2020\/06\/captura-2.jpg'><img loading=\"lazy\" decoding=\"async\" width=\"150\" height=\"150\" src=\"\" class=\"attachment-thumbnail size-thumbnail lazyload\" alt=\"\" data-src=\"https:\/\/atecordoba.org\/wp-content\/uploads\/2020\/06\/captura-2-150x150.jpg\" data-sizes=\"auto\" data-srcset=\"https:\/\/atecordoba.org\/wp-content\/uploads\/2020\/06\/captura-2-150x150.jpg 150w, https:\/\/atecordoba.org\/wp-content\/uploads\/2020\/06\/captura-2-560x560.jpg 560w, https:\/\/atecordoba.org\/wp-content\/uploads\/2020\/06\/captura-2-75x75.jpg 75w\" data-expand=\"700\" \/><\/a>\n                <\/div><\/figure><figure class='gallery-item'>\n                <div class='gallery-icon landscape'>\n                    <a href='https:\/\/atecordoba.org\/wp-content\/uploads\/2020\/06\/captura-3.jpg'><img loading=\"lazy\" decoding=\"async\" width=\"150\" height=\"150\" src=\"\" class=\"attachment-thumbnail size-thumbnail lazyload\" alt=\"\" data-src=\"https:\/\/atecordoba.org\/wp-content\/uploads\/2020\/06\/captura-3-150x150.jpg\" data-sizes=\"auto\" data-srcset=\"https:\/\/atecordoba.org\/wp-content\/uploads\/2020\/06\/captura-3-150x150.jpg 150w, https:\/\/atecordoba.org\/wp-content\/uploads\/2020\/06\/captura-3-560x560.jpg 560w, https:\/\/atecordoba.org\/wp-content\/uploads\/2020\/06\/captura-3-75x75.jpg 75w\" data-expand=\"700\" \/><\/a>\n                <\/div><\/figure><figure class='gallery-item'>\n                <div class='gallery-icon landscape'>\n                    <a href='https:\/\/atecordoba.org\/wp-content\/uploads\/2020\/06\/captura-4.jpg'><img loading=\"lazy\" decoding=\"async\" width=\"150\" height=\"150\" src=\"\" class=\"attachment-thumbnail size-thumbnail lazyload\" alt=\"\" data-src=\"https:\/\/atecordoba.org\/wp-content\/uploads\/2020\/06\/captura-4-150x150.jpg\" data-sizes=\"auto\" data-srcset=\"https:\/\/atecordoba.org\/wp-content\/uploads\/2020\/06\/captura-4-150x150.jpg 150w, https:\/\/atecordoba.org\/wp-content\/uploads\/2020\/06\/captura-4-560x560.jpg 560w, https:\/\/atecordoba.org\/wp-content\/uploads\/2020\/06\/captura-4-75x75.jpg 75w\" data-expand=\"700\" \/><\/a>\n                <\/div><\/figure><br style=\"clear: both\" \/>\n            <\/div>\n\n<p>Leandro Vallejos, de la UOLRA (Ladrilleros) y de la CGT C\u00f3rdoba manifest\u00f3 que \u201ctenemos que estar juntos y las calles tienen que ser del movimiento de trabajadores en todas sus condiciones. En la UOLRA modificamos nuestros estatutos para que las trabajadoras y emprendimientos familiares puedan ser parte de nuestro sindicato\u201d.<\/p>\n<p>A su vez, Rosa del Comedor Rene Salamanca de CTAA R\u00edo Cuarto expres\u00f3 que \u201cluchamos contra el hambre y en algo m\u00e1s grande en conjunto. Agradecemos todas las donaciones y eso es el germen de la solidaridad de nuestra sociedad que quiere otra Patria Grande\u201d.<\/p>\n<p>Maximiliano Vittar, de Inquilinos C\u00f3rdoba, enfatiz\u00f3 que dentro del Manifiesto debe de estar bien claro que \u201cla vivienda debe de tener una funcion social por sobre todo lo dem\u00e1s\u201d. \u201cDebemos pedir la extensi\u00f3n del Decreto de Alquileres hasta marzo. A muchas\/os esta ley de Alquileres no los alcanza y este decreto da la garant\u00eda de un techo\u201d.<\/p>\n<p>Otra de las oradoras, Viviana Pomiglio -del gremio que nuclea al Personal de casas de familia (APECAF)-, abog\u00f3 por la amplitud del espacio. La dirigente manifest\u00f3 su \u201cpertenencia radical\u201d haciendo hincapi\u00e9 que debe abogarse \u201cpor la coherencia. La lucha es colectiva y el campo popular es la \u00fanica soluci\u00f3n a los problemas que tenemos, independientemente de otras interpretaciones\u201d.<\/p>\n<p>https:\/\/www.facebook.com\/ctaacordoba\/photos\/a.1829559163746560\/3013407232028408\/<\/p>\n<p>&nbsp;<\/p>\n<p>Juan Carlos \u201cPipon\u201d Giuliani, por su lado, expres\u00f3 que \u201cestamos construyendo una opci\u00f3n de salida de la pandemia desde los sectores populares. Queremos una nueva normalidad que no se parezca a la injusticia anterior\u201d. El referente de Unidad Popular \u2013expresi\u00f3n pol\u00edtica integrante del Frente de Todos- reflexion\u00f3 que ese espacio \u201cfue lo m\u00e1s amplio posible para echar a Macri. A esa alianza electoral debemos convertirla en una fuerza pol\u00edtica para ir contra la concentraci\u00f3n riqueza y eso es lucha\u201d.<\/p>\n<p>Por su parte, el \u201cTano\u201d Muratore de la CTAA San Francisco enfatiz\u00f3 que \u201cnecesitamos ampliar este espacio a lo largo y ancho del pa\u00eds. Impuesto a la riqueza dure para toda la vida, no como algo meramente coyuntural: ah\u00ed est\u00e1n los recursos para sostener nuevas pol\u00edticas p\u00fablicas\u201d. Sobre el punto coincidi\u00f3 tambi\u00e9n Sylvia Pe\u00f1aloza, de IFICOTRA, C\u00f3rdoba.<\/p>\n<p>Mariela D\u00edaz, de la OLP expres\u00f3 que es \u201cfundamental para conseguir nuevas reglas de juego en la distribuci\u00f3n de la riqueza, la unidad de los movimientos sociales\u201d. En el mismo sentido se expres\u00f3 Jesus Chirino de la Fenat Villa Mar\u00eda: \u201cLa \u00fanica posibilidad es la uni\u00f3n del Pueblo\u201d.<\/p>\n<p>\u201cLos 8 ejes centrales del Manifiesto son planteos claros sobre el horizonte que debemos construir conjuntamente, para seguir d\u00e1ndole pelea a los intentos de restauraci\u00f3n neoliberar que siguen intentando subordinarnos\u201d, expres\u00f3 Leandro Rueda, de ATE Cruz del Eje. \u201cMe parece muy importante poder sumar un eje central sobre la soberan\u00eda nacional en la propiedad de los Medios de Comunicaci\u00f3n y de las redes de informaci\u00f3n\u201d, complet\u00f3<\/p>\n<p>En ese sentido, Mariana Mandacovich, Secretaria General del Cispren C\u00f3rdoba expres\u00f3 que \u201cla normalidad es la hegemon\u00eda que hoy est\u00e1 en crisis y entonces debemos pensar qu\u00e9 queremos como proyecto de pa\u00eds, de Patria Grande. Esto reci\u00e9n empieza, tenemos que cuestionar el mapa de medios, la informaci\u00f3n, todo\u201d.<\/p>\n<p>Roberto \u201cCapi\u201d Bustos apoy\u00f3 este punto: \u201cLo colectivo debe ser la Patria Grande, recuperar la estrategia de N\u00e9stor, Cristina, Evo, Lula, Ch\u00e1vez para construir verdaderamente la Soberan\u00eda Alimentaria, en materia de salud, etc\u201d.<\/p>\n<p>Nicol\u00e1s Pelichotti, de las Cooperativas de Trabajo del Sur de C\u00f3rdoba celebr\u00f3 que \u201cla organizacion se de una estrategia nacional de federalizaci\u00f3n de la lucha. Ello es muestra de que no es solo en capital que pasan las cosas\u201d. Adem\u00e1s, Pelichotti remarc\u00f3 que \u201cla organizaci\u00f3n que debemos construir debe de estar a la altura del problema que necesitamos resolver. En ese sentido, la profundidad de la crisis nos obliga a pensar en la estrategia de poder popular en su conjunto\u201d.<\/p>\n<p>Juan Herrero expres\u00f3 que \u201cdesde El Movimiento Campesino de C\u00f3rdoba, saludamos a este encuentro, no solo el programa, y el manifiesto, sino el encuentro y el di\u00e1logo. Entendemos que solo hemos detenido un devenir neofascista en argentina, imponer un programa de soberan\u00eda nacional, requiere hoy m\u00e1s que nunca, fortalecer los procesos populares de base, barriales y rurales. El neoliberalismo, no es solo un sistema estructural econ\u00f3mico global de dependencia, nos ha impuesto micropol\u00edticas que en los territorios son dif\u00edciles de desarmar, creando nuevas formas y relaciones de vida y producci\u00f3n\u201d. El dirigente del MNCI enfatiz\u00f3 que \u201csolo el pueblo salvar\u00e1 al pueblo, no hay margen para medidas audaces de gobierno o estado, sin la necesaria unidad popular. Ya no se trata de incluir v\u00eda el consumo, para nosotros se trata de cuestionar la normalidad pre y post pandemia\u201d, complet\u00f3.<\/p>\n<div class=\"epyt-video-wrapper\"><iframe loading=\"lazy\"  style=\"display: block; margin: 0px auto;\"  id=\"_ytid_82968\"  width=\"480\" height=\"270\"  data-origwidth=\"480\" data-origheight=\"270\" src=\"https:\/\/www.youtube.com\/embed\/7jt2Spfz3z0?enablejsapi=1&autoplay=0&cc_load_policy=0&cc_lang_pref=&iv_load_policy=3&loop=0&rel=0&fs=1&playsinline=0&autohide=2&theme=dark&color=red&controls=1&disablekb=0&\" class=\"__youtube_prefs__  no-lazyload\" title=\"YouTube player\"  allow=\"fullscreen; accelerometer; autoplay; clipboard-write; encrypted-media; gyroscope; picture-in-picture; web-share\" referrerpolicy=\"strict-origin-when-cross-origin\" allowfullscreen data-no-lazy=\"1\" data-skipgform_ajax_framebjll=\"\"><\/iframe><\/div>\n","protected":false},"excerpt":{"rendered":"<p>M\u00e1s de 110 compa\u00f1eros y compa\u00f1eras referentes de decenas de organizaciones sociales, sindicales, estudiantiles, de profesionales, cooperativas, de la Econom\u00eda Social y Solidaria de toda la Provincia de C\u00f3rdoba, participaron este s\u00e1bado 20 de junio a las 12 hs de una reuni\u00f3n de presentaci\u00f3n e intercambio a partir del documento elaborado por el espacio del [&hellip;]<\/p>\n","protected":false},"author":3,"featured_media":20386,"comment_status":"open","ping_status":"open","sticky":false,"template":"","format":"standard","meta":{"_exactmetrics_skip_tracking":false,"_exactmetrics_sitenote_active":false,"_exactmetrics_sitenote_note":"","_exactmetrics_sitenote_category":0,"jnews-multi-image_gallery":[],"jnews_single_post":{"subtitle":"","format":"standard","video":"","gallery":"","source_name":"","source_url":"","via_name":"","via_url":"","override_template":"0","override":[{"template":"1","single_blog_custom":"","parallax":"1","fullscreen":"0","layout":"right-sidebar","sidebar":"default-sidebar","second_sidebar":"default-sidebar","sticky_sidebar":"1","share_position":"top","share_float_style":"share-monocrhome","show_share_counter":"1","show_view_counter":"1","show_featured":"1","show_post_meta":"1","show_post_author":"1","show_post_author_image":"1","show_post_date":"1","post_date_format":"default","post_date_format_custom":"Y\/m\/d","show_post_category":"1","show_post_reading_time":"0","post_reading_time_wpm":"300","show_zoom_button":"0","zoom_button_out_step":"2","zoom_button_in_step":"3","show_post_tag":"1","show_prev_next_post":"1","show_popup_post":"1","number_popup_post":"1","show_author_box":"0","show_post_related":"0","show_inline_post_related":"0"}],"override_image_size":"0","image_override":[{"single_post_thumbnail_size":"crop-500","single_post_gallery_size":"crop-500"}],"trending_post":"0","trending_post_position":"meta","trending_post_label":"Trending","sponsored_post":"0","sponsored_post_label":"Sponsored by","sponsored_post_name":"","sponsored_post_url":"","sponsored_post_logo_enable":"0","sponsored_post_logo":"","sponsored_post_desc":""},"jnews_primary_category":{"id":""},"jnews_social_meta":[],"jnews_review":[],"enable_review":"0","type":"percentage","name":"","summary":"","brand":"","sku":"","good":[{"good_text":""}],"bad":[{"bad_text":""}],"score_override":"","override_value":"","rating":[{"rating_text":"","rating_number":"10"}],"price":[{"shop":"","price":"","link":"","icon":""}],"jnews_override_counter":{"override_view_counter":"0","view_counter_number":"0","override_share_counter":"0","share_counter_number":"0","override_like_counter":"0","like_counter_number":"0","override_dislike_counter":"0","dislike_counter_number":"0"},"jnews_post_split":{"enable_post_split":"0","post_split":[{"template":"1","tag":"h2","numbering":"asc","mode":"normal"}]},"footnotes":""},"categories":[10,341,92],"tags":[],"class_list":["post-20385","post","type-post","status-publish","format-standard","has-post-thumbnail","hentry","category-accion-politica","category-cdp","category-cta"],"jetpack_featured_media_url":"https:\/\/atecordoba.org\/wp-content\/uploads\/2020\/06\/captura-1.jpg","_links":{"self":[{"href":"https:\/\/atecordoba.org\/index.php?rest_route=\/wp\/v2\/posts\/20385","targetHints":{"allow":["GET"]}}],"collection":[{"href":"https:\/\/atecordoba.org\/index.php?rest_route=\/wp\/v2\/posts"}],"about":[{"href":"https:\/\/atecordoba.org\/index.php?rest_route=\/wp\/v2\/types\/post"}],"author":[{"embeddable":true,"href":"https:\/\/atecordoba.org\/index.php?rest_route=\/wp\/v2\/users\/3"}],"replies":[{"embeddable":true,"href":"https:\/\/atecordoba.org\/index.php?rest_route=%2Fwp%2Fv2%2Fcomments&post=20385"}],"version-history":[{"count":6,"href":"https:\/\/atecordoba.org\/index.php?rest_route=\/wp\/v2\/posts\/20385\/revisions"}],"predecessor-version":[{"id":20396,"href":"https:\/\/atecordoba.org\/index.php?rest_route=\/wp\/v2\/posts\/20385\/revisions\/20396"}],"wp:featuredmedia":[{"embeddable":true,"href":"https:\/\/atecordoba.org\/index.php?rest_route=\/wp\/v2\/media\/20386"}],"wp:attachment":[{"href":"https:\/\/atecordoba.org\/index.php?rest_route=%2Fwp%2Fv2%2Fmedia&parent=20385"}],"wp:term":[{"taxonomy":"category","embeddable":true,"href":"https:\/\/atecordoba.org\/index.php?rest_route=%2Fwp%2Fv2%2Fcategories&post=20385"},{"taxonomy":"post_tag","embeddable":true,"href":"https:\/\/atecordoba.org\/index.php?rest_route=%2Fwp%2Fv2%2Ftags&post=20385"}],"curies":[{"name":"wp","href":"https:\/\/api.w.org\/{rel}","templated":true}]}}