{"id":20365,"date":"2020-06-19T18:28:56","date_gmt":"2020-06-19T21:28:56","guid":{"rendered":"http:\/\/atecordoba.org\/?p=20365"},"modified":"2020-06-19T20:52:23","modified_gmt":"2020-06-19T23:52:23","slug":"somos-defensores-de-nuestros-intereses-y-custodios-de-que-el-estado-garantice-derechos-al-pueblo","status":"publish","type":"post","link":"https:\/\/atecordoba.org\/?p=20365","title":{"rendered":"\u201cSomos defensores de nuestros intereses y custodios de que el Estado garantice derechos al Pueblo\u201d"},"content":{"rendered":"<p><img loading=\"lazy\" decoding=\"async\" class=\"alignnone  wp-image-20369\" src=\"http:\/\/atecordoba.org\/wp-content\/uploads\/2020\/06\/fotoAyesa-300x169.jpg\" alt=\"\" width=\"635\" height=\"358\" srcset=\"https:\/\/atecordoba.org\/wp-content\/uploads\/2020\/06\/fotoAyesa-300x169.jpg 300w, https:\/\/atecordoba.org\/wp-content\/uploads\/2020\/06\/fotoAyesa-1024x575.jpg 1024w, https:\/\/atecordoba.org\/wp-content\/uploads\/2020\/06\/fotoAyesa.jpg 1280w\" sizes=\"auto, (max-width: 635px) 100vw, 635px\" \/><\/p>\n<p>La instancia, organizada por el Consejo Directivo Provincial de ATE C\u00f3rdoba, cont\u00f3 con la presencia de las y los representantes gremiales en las Paritarias de los distintos sectores del Estado Nacional (Fabricaciones Militares, SENASA, INTI, Personal Civil de FFAA, PAMI, Secretar\u00eda de Agricultura Familiar, Ministerio de Trabajo de la Naci\u00f3n, Ministerio de Desarrollo Social de la Naci\u00f3n, \u00c1rea Material R\u00edo Cuarto, Universidad Nacional de R\u00edo Cuarto, IOSFA). El objetivo fue \u201cinteractuar, informar y formarnos como representantes de nuestras compa\u00f1eras y compa\u00f1eros de trabajo y de nuestro Sindicato ante nuestra patronal, que es el Estado. Y hacer esta instancia de intercambio de la mano de quien es uno de nuestros referentes paritarios nacionales que siguen a diario las conversaciones, lo avances y las dificultades de los di\u00e1logos con las distintas \u00e1reas y rangos del Estado Nacional, como es el compa\u00f1ero Flavio Vergara\u201d, expres\u00f3 Federico Giuliani, Secretario General del Consejo Directivo Provincial de ATE C\u00f3rdoba, al dar las palabras de apertura de la instancia.<\/p>\n<p>En el comienzo de su alocuci\u00f3n, Vergara hizo referencia a dos conceptos que \u201cson los que rigen toda la discusi\u00f3n paritaria con el Estado Nacional. Ellos son, por un lado la \u201creparaci\u00f3n\u201d y, por otro, la \u201creconstrucci\u00f3n\u201d. Quienes trabajamos en el Estado Nacional hemos sido terriblemente golpeados y golpeadas por el anterior gobierno. En ese sentido, debemos reparar el descalabro en materia salarial, debemos lograr las reincorporaciones de todas y cada una de las personas despedidas y acomodar los convenios colectivos de trabajo para que reconozcan tareas, funciones, cuestiones de salud, pase a planta, etc, que quedan pendientes; y, por otro lado \u2013enumer\u00f3 el miembro del CDN-, debemos reconstruir el Estado para que est\u00e9 presente garantizando derechos a quienes en \u00e9l trabajamos y a la poblaci\u00f3n en su conjunto\u201d, ratific\u00f3. En ese sentido, Vergara enfatiz\u00f3 que \u201csomos defensores de nuestros intereses y, tambi\u00e9n, custodios de que el Estado garantice derechos al Pueblo\u201d<\/p>\n<p>Ante la demora en el cierre de la pauta salarial correspondiente a la paritaria 2019-2020 y la no existencia de propuesta alguna en este sentido hacia 2020-2021, Vergara sentenci\u00f3 que \u201cno hay posibilidad de acuerdo paritario sin discusi\u00f3n de salario\u201d y detall\u00f3 que \u201centre el 2015 y el 2019 perdimos casi un 30% del salario. Y entre el a\u00f1o pasado y este, hemos perdido m\u00e1s del 25 por ciento, con lo cual la situaci\u00f3n es grav\u00edsima\u201d.<\/p>\n<p>\u201cVen\u00edamos de una situaci\u00f3n econ\u00f3mica y social muy compleja y la pandemia la agrav\u00f3 a\u00fan m\u00e1s. Si bien entendemos que la situaci\u00f3n es grave, vemos tambi\u00e9n que se est\u00e1n pagando salarios del sector privado concentrado y que no se est\u00e1n usando todos los medios para arbitrar recursos de otros sectores de manera suficiente para volcarlos a quienes trabajamos\u201d, dijo Vergara, quien destac\u00f3 que \u201cno aceptaremos una reforma regresiva en la distribuci\u00f3n del ingreso donde sean los mismos trabajadores y trabajadoras de m\u00e1s altos ingresos quienes deban destinar los recursos para otro personal. El Estado debe buscar en otro lado para obtener los recursos para sostener a los trabajadores y las pol\u00edticas p\u00fablicas\u201d, exres\u00f3.<\/p>\n<p>En la reuni\u00f3n se abordaron tambi\u00e9n puntos como la precarizaci\u00f3n laboral, el presentismo, las Condiciones y Medio Ambiente de Trabajo, el trabajo en domicilio y teletrabajo, las vacantes por jubilaciones que no se renuevan, novedades en lo concerniente a la Comisi\u00f3n de Igualdad de Oportunidades y Trato, puntos vinculados a la Capacitaci\u00f3n del personal y se desarroll\u00f3 extensamente el punto sobre Convenios Colectivos de Trabajo (CCT).<\/p>\n<p>En ese sentido, Vergara destac\u00f3 que \u201cdebemos abrir lo m\u00e1s r\u00e1pido posible los convenios colectivos de trabajo para mejorar nuestra vida laboral -salario, estabilidad, condiciones, equipamiento, etc-. Que no tengamos propuesta salarial y que nos urja ese tema no quiere decir que no tengamos qu\u00e9 hacer: al contrario, es momento de revisar todos nuestros convenios sectoriales y avanzar\u201d. En ese sentido, el paritario nacional destac\u00f3 que a partir de la semana que viene habr\u00e1 reuniones sectoriales para hacer propuestas para la modificaci\u00f3n de los CCT Nacional: \u201cEsas propuestas deben venir de las bases que sistematicen puntos para que los equipos t\u00e9cnicos de las Provincias y seccionales est\u00e9n en contacto con los nacionales y vayan elaborando nuestros planteos m\u00e1s pol\u00edticos de lo que necesitamos.<\/p>\n<p>En lo concerniente al trabajo domiciliario, el referente expres\u00f3 que \u201ces algo excepcional y debe de discutirse en ese marco. Podemos tener baja conectividad en nuestras casas, una sola PC, terminales no seguras para informaci\u00f3n sensible, etc y esas cosas deben de estar contempladas, hay que atenderlas\u201d. Por otro lado, Vergara se mostr\u00f3 preocupado ante el avance de esta modalidad de trabajo que \u201cnos ha llevado a que trabajemos los s\u00e1bados y domingos a la par de los d\u00edas de semana (seg\u00fan estad\u00edsticas del propio Estado y de ATE)\u201d.<\/p>\n<p>Ante la intervenci\u00f3n de uno de los trabajadores dela Fabrica Militar de R\u00edo Tercero que inform\u00f3 que a partir del lunes se declarar\u00e1n en Asamblea permanente con quita de colaboraci\u00f3n en la F\u00e1brica \u201cpor el cese de la polifuncionalidad, la reincorporaci\u00f3n de todas las compa\u00f1eras y compa\u00f1ero y el pase a planta permanente\u201d porque es urgente \u201crecuperar la dignidad y la alegr\u00eda de trabajar en este establecimiento insignia nacional\u201d, Vergara remarc\u00f3 el triunfo ante la designaci\u00f3n del nuevo Director en FANAZUL, indicio de una inminente reapertura de la F\u00e1brica Militar cerrada por el macrismo y que dej\u00f3 a m\u00e1s de 200 trabajadoras y trabajadores en la calle: \u201chay que seguir peleando, compa\u00f1ero. Vamos a poder dar vuelta todo esto. Necesitamos que vuelva a haber inversi\u00f3n para que se vuelva a producir. Nosotros sabemos de qu\u00e9 estamos hechos y vamos a pelear hasta el final para que esta crisis sea la oportunidad de que pensemos y hagamos muchas cosas de nuevo, como las so\u00f1amos\u201d, expres\u00f3, conmovido, Vergara.<\/p>\n","protected":false},"excerpt":{"rendered":"<p>La instancia, organizada por el Consejo Directivo Provincial de ATE C\u00f3rdoba, cont\u00f3 con la presencia de las y los representantes gremiales en las Paritarias de los distintos sectores del Estado Nacional (Fabricaciones Militares, SENASA, INTI, Personal Civil de FFAA, PAMI, Secretar\u00eda de Agricultura Familiar, Ministerio de Trabajo de la Naci\u00f3n, Ministerio de Desarrollo Social de [&hellip;]<\/p>\n","protected":false},"author":3,"featured_media":20369,"comment_status":"open","ping_status":"open","sticky":false,"template":"","format":"standard","meta":{"_exactmetrics_skip_tracking":false,"_exactmetrics_sitenote_active":false,"_exactmetrics_sitenote_note":"","_exactmetrics_sitenote_category":0,"jnews-multi-image_gallery":[],"jnews_single_post":{"subtitle":"","format":"standard","video":"","gallery":"","source_name":"","source_url":"","via_name":"","via_url":"","override_template":"0","override":[{"template":"1","single_blog_custom":"","parallax":"1","fullscreen":"0","layout":"right-sidebar","sidebar":"default-sidebar","second_sidebar":"default-sidebar","sticky_sidebar":"1","share_position":"top","share_float_style":"share-monocrhome","show_share_counter":"1","show_view_counter":"1","show_featured":"1","show_post_meta":"1","show_post_author":"1","show_post_author_image":"1","show_post_date":"1","post_date_format":"default","post_date_format_custom":"Y\/m\/d","show_post_category":"1","show_post_reading_time":"0","post_reading_time_wpm":"300","show_zoom_button":"0","zoom_button_out_step":"2","zoom_button_in_step":"3","show_post_tag":"1","show_prev_next_post":"1","show_popup_post":"1","number_popup_post":"1","show_author_box":"0","show_post_related":"0","show_inline_post_related":"0"}],"override_image_size":"0","image_override":[{"single_post_thumbnail_size":"crop-500","single_post_gallery_size":"crop-500"}],"trending_post":"0","trending_post_position":"meta","trending_post_label":"Trending","sponsored_post":"0","sponsored_post_label":"Sponsored by","sponsored_post_name":"","sponsored_post_url":"","sponsored_post_logo_enable":"0","sponsored_post_logo":"","sponsored_post_desc":""},"jnews_primary_category":{"id":""},"jnews_social_meta":[],"jnews_review":[],"enable_review":"0","type":"percentage","name":"","summary":"","brand":"","sku":"","good":[{"good_text":""}],"bad":[{"bad_text":""}],"score_override":"","override_value":"","rating":[{"rating_text":"","rating_number":"10"}],"price":[{"shop":"","price":"","link":"","icon":""}],"jnews_override_counter":{"override_view_counter":"0","view_counter_number":"0","override_share_counter":"0","share_counter_number":"0","override_like_counter":"0","like_counter_number":"0","override_dislike_counter":"0","dislike_counter_number":"0"},"jnews_post_split":{"enable_post_split":"0","post_split":[{"template":"1","tag":"h2","numbering":"asc","mode":"normal"}]},"footnotes":""},"categories":[18],"tags":[],"class_list":["post-20365","post","type-post","status-publish","format-standard","has-post-thumbnail","hentry","category-nacionales"],"jetpack_featured_media_url":"https:\/\/atecordoba.org\/wp-content\/uploads\/2020\/06\/fotoAyesa.jpg","_links":{"self":[{"href":"https:\/\/atecordoba.org\/index.php?rest_route=\/wp\/v2\/posts\/20365","targetHints":{"allow":["GET"]}}],"collection":[{"href":"https:\/\/atecordoba.org\/index.php?rest_route=\/wp\/v2\/posts"}],"about":[{"href":"https:\/\/atecordoba.org\/index.php?rest_route=\/wp\/v2\/types\/post"}],"author":[{"embeddable":true,"href":"https:\/\/atecordoba.org\/index.php?rest_route=\/wp\/v2\/users\/3"}],"replies":[{"embeddable":true,"href":"https:\/\/atecordoba.org\/index.php?rest_route=%2Fwp%2Fv2%2Fcomments&post=20365"}],"version-history":[{"count":3,"href":"https:\/\/atecordoba.org\/index.php?rest_route=\/wp\/v2\/posts\/20365\/revisions"}],"predecessor-version":[{"id":20372,"href":"https:\/\/atecordoba.org\/index.php?rest_route=\/wp\/v2\/posts\/20365\/revisions\/20372"}],"wp:featuredmedia":[{"embeddable":true,"href":"https:\/\/atecordoba.org\/index.php?rest_route=\/wp\/v2\/media\/20369"}],"wp:attachment":[{"href":"https:\/\/atecordoba.org\/index.php?rest_route=%2Fwp%2Fv2%2Fmedia&parent=20365"}],"wp:term":[{"taxonomy":"category","embeddable":true,"href":"https:\/\/atecordoba.org\/index.php?rest_route=%2Fwp%2Fv2%2Fcategories&post=20365"},{"taxonomy":"post_tag","embeddable":true,"href":"https:\/\/atecordoba.org\/index.php?rest_route=%2Fwp%2Fv2%2Ftags&post=20365"}],"curies":[{"name":"wp","href":"https:\/\/api.w.org\/{rel}","templated":true}]}}