{"id":20361,"date":"2020-06-19T20:12:07","date_gmt":"2020-06-19T23:12:07","guid":{"rendered":"http:\/\/atecordoba.org\/?p=20361"},"modified":"2020-06-19T20:51:42","modified_gmt":"2020-06-19T23:51:42","slug":"admitieron-la-demanda-de-inconstitucionalidad-presentada-por-ate-cordoba-contra-la-reforma-previsional-provincial","status":"publish","type":"post","link":"https:\/\/atecordoba.org\/?p=20361","title":{"rendered":"Admitieron la demanda de inconstitucionalidad presentada por ATE C\u00f3rdoba contra la Reforma Previsional Provincial"},"content":{"rendered":"<p><img loading=\"lazy\" decoding=\"async\" class=\"wp-image-18348 aligncenter\" src=\"http:\/\/atecordoba.org\/wp-content\/uploads\/2020\/05\/Asamblea-ATE-fadea-1024x683-300x200.jpg\" alt=\"\" width=\"752\" height=\"501\" srcset=\"https:\/\/atecordoba.org\/wp-content\/uploads\/2020\/05\/Asamblea-ATE-fadea-1024x683-300x200.jpg 300w, https:\/\/atecordoba.org\/wp-content\/uploads\/2020\/05\/Asamblea-ATE-fadea-1024x683-768x512.jpg 768w, https:\/\/atecordoba.org\/wp-content\/uploads\/2020\/05\/Asamblea-ATE-fadea-1024x683-750x500.jpg 750w, https:\/\/atecordoba.org\/wp-content\/uploads\/2020\/05\/Asamblea-ATE-fadea-1024x683.jpg 1024w\" sizes=\"auto, (max-width: 752px) 100vw, 752px\" \/><\/p>\n<p><strong>El TSJ de C\u00f3rdoba admiti\u00f3 la Acci\u00f3n Declarativa de Inconstitucionalidad presentada por el sindicato<\/strong> &#8220;en los t\u00e9rminos que da cuenta el escrito de referencia&#8221;. As\u00ed, a partir de esta comunicaci\u00f3n, se da cuenta formal de que la presentaci\u00f3n de la organizaci\u00f3n que nuclea a las trabajadoras y trabajadores de los estamentos p\u00fablicos de la Provincia de C\u00f3rdoba (ATE) fue admitida y pasar\u00e1 a instancia de estudio del TSJ, corri\u00e9ndose vista al Fiscal General de la Provincia por el plazo de 5 d\u00edas, seg\u00fan detalla la misiva firmada por Mar\u00eda Marta C\u00e1ceres de Bolatti (Vocal del Tribunal Superior de Justicia) y por Mar\u00eda Lorena Marasca (Secretaria del Juzgado de 1ra Instancia).<\/p>\n<div class=\"epyt-video-wrapper\"><iframe loading=\"lazy\"  style=\"display: block; margin: 0px auto;\"  id=\"_ytid_19550\"  width=\"480\" height=\"270\"  data-origwidth=\"480\" data-origheight=\"270\" src=\"https:\/\/www.youtube.com\/embed\/R4PaPire1Vw?enablejsapi=1&#038;autoplay=0&#038;cc_load_policy=0&#038;cc_lang_pref=&#038;iv_load_policy=3&#038;loop=0&#038;rel=0&#038;fs=1&#038;playsinline=0&#038;autohide=2&#038;theme=dark&#038;color=red&#038;controls=1&#038;disablekb=0&#038;\" class=\"__youtube_prefs__  epyt-is-override  no-lazyload\" title=\"YouTube player\"  allow=\"fullscreen; accelerometer; autoplay; clipboard-write; encrypted-media; gyroscope; picture-in-picture; web-share\" referrerpolicy=\"strict-origin-when-cross-origin\" allowfullscreen data-no-lazy=\"1\" data-skipgform_ajax_framebjll=\"\"><\/iframe><\/div>\n<p>&#8220;Es un paso important\u00edsimo para nuestro sindicato que demuestra que no es descabellado el planteo de que adem\u00e1s de inconsulta, odiosa e impopular la decisi\u00f3n que perjudica a nuestras jubiladas y jubilados, es, cuanto menos, de dudosa validez jur\u00eddica&#8221;, expres\u00f3 el Secretario General de ATE C\u00f3rdoba, Federico Giuliani.<\/p>\n","protected":false},"excerpt":{"rendered":"<p>El TSJ de C\u00f3rdoba admiti\u00f3 la Acci\u00f3n Declarativa de Inconstitucionalidad presentada por el sindicato &#8220;en los t\u00e9rminos que da cuenta el escrito de referencia&#8221;. As\u00ed, a partir de esta comunicaci\u00f3n, se da cuenta formal de que la presentaci\u00f3n de la organizaci\u00f3n que nuclea a las trabajadoras y trabajadores de los estamentos p\u00fablicos de la Provincia [&hellip;]<\/p>\n","protected":false},"author":3,"featured_media":18348,"comment_status":"open","ping_status":"open","sticky":false,"template":"","format":"standard","meta":{"_exactmetrics_skip_tracking":false,"_exactmetrics_sitenote_active":false,"_exactmetrics_sitenote_note":"","_exactmetrics_sitenote_category":0,"jnews-multi-image_gallery":[],"jnews_single_post":{"subtitle":"","format":"standard","video":"","gallery":"","source_name":"","source_url":"","via_name":"","via_url":"","override_template":"0","override":[{"template":"1","single_blog_custom":"","parallax":"1","fullscreen":"0","layout":"right-sidebar","sidebar":"default-sidebar","second_sidebar":"default-sidebar","sticky_sidebar":"1","share_position":"top","share_float_style":"share-monocrhome","show_share_counter":"1","show_view_counter":"1","show_featured":"1","show_post_meta":"1","show_post_author":"1","show_post_author_image":"1","show_post_date":"1","post_date_format":"default","post_date_format_custom":"Y\/m\/d","show_post_category":"1","show_post_reading_time":"0","post_reading_time_wpm":"300","show_zoom_button":"0","zoom_button_out_step":"2","zoom_button_in_step":"3","show_post_tag":"1","show_prev_next_post":"1","show_popup_post":"1","number_popup_post":"1","show_author_box":"0","show_post_related":"0","show_inline_post_related":"0"}],"override_image_size":"0","image_override":[{"single_post_thumbnail_size":"crop-500","single_post_gallery_size":"crop-500"}],"trending_post":"0","trending_post_position":"meta","trending_post_label":"Trending","sponsored_post":"0","sponsored_post_label":"Sponsored by","sponsored_post_name":"","sponsored_post_url":"","sponsored_post_logo_enable":"0","sponsored_post_logo":"","sponsored_post_desc":""},"jnews_primary_category":{"id":""},"jnews_social_meta":[],"jnews_review":[],"enable_review":"0","type":"percentage","name":"","summary":"","brand":"","sku":"","good":[{"good_text":""}],"bad":[{"bad_text":""}],"score_override":"","override_value":"","rating":[{"rating_text":"","rating_number":"10"}],"price":[{"shop":"","price":"","link":"","icon":""}],"jnews_override_counter":{"override_view_counter":"0","view_counter_number":"0","override_share_counter":"0","share_counter_number":"0","override_like_counter":"0","like_counter_number":"0","override_dislike_counter":"0","dislike_counter_number":"0"},"jnews_post_split":{"enable_post_split":"0","post_split":[{"template":"1","tag":"h2","numbering":"asc","mode":"normal"}]},"footnotes":""},"categories":[10,22,8],"tags":[],"class_list":["post-20361","post","type-post","status-publish","format-standard","has-post-thumbnail","hentry","category-accion-politica","category-jubilados","category-provinciales"],"jetpack_featured_media_url":"https:\/\/atecordoba.org\/wp-content\/uploads\/2020\/05\/Asamblea-ATE-fadea-1024x683.jpg","_links":{"self":[{"href":"https:\/\/atecordoba.org\/index.php?rest_route=\/wp\/v2\/posts\/20361","targetHints":{"allow":["GET"]}}],"collection":[{"href":"https:\/\/atecordoba.org\/index.php?rest_route=\/wp\/v2\/posts"}],"about":[{"href":"https:\/\/atecordoba.org\/index.php?rest_route=\/wp\/v2\/types\/post"}],"author":[{"embeddable":true,"href":"https:\/\/atecordoba.org\/index.php?rest_route=\/wp\/v2\/users\/3"}],"replies":[{"embeddable":true,"href":"https:\/\/atecordoba.org\/index.php?rest_route=%2Fwp%2Fv2%2Fcomments&post=20361"}],"version-history":[{"count":2,"href":"https:\/\/atecordoba.org\/index.php?rest_route=\/wp\/v2\/posts\/20361\/revisions"}],"predecessor-version":[{"id":20363,"href":"https:\/\/atecordoba.org\/index.php?rest_route=\/wp\/v2\/posts\/20361\/revisions\/20363"}],"wp:featuredmedia":[{"embeddable":true,"href":"https:\/\/atecordoba.org\/index.php?rest_route=\/wp\/v2\/media\/18348"}],"wp:attachment":[{"href":"https:\/\/atecordoba.org\/index.php?rest_route=%2Fwp%2Fv2%2Fmedia&parent=20361"}],"wp:term":[{"taxonomy":"category","embeddable":true,"href":"https:\/\/atecordoba.org\/index.php?rest_route=%2Fwp%2Fv2%2Fcategories&post=20361"},{"taxonomy":"post_tag","embeddable":true,"href":"https:\/\/atecordoba.org\/index.php?rest_route=%2Fwp%2Fv2%2Ftags&post=20361"}],"curies":[{"name":"wp","href":"https:\/\/api.w.org\/{rel}","templated":true}]}}