{"id":20339,"date":"2020-06-18T20:32:40","date_gmt":"2020-06-18T23:32:40","guid":{"rendered":"https:\/\/www.atecordoba.org\/?p=13297"},"modified":"2020-06-19T20:20:04","modified_gmt":"2020-06-19T23:20:04","slug":"estatales-nacionales-de-ate-cordoba-en-estado-de-asamblea-y-movilizacion","status":"publish","type":"post","link":"https:\/\/atecordoba.org\/?p=20339","title":{"rendered":"Estatales nacionales de ATE C\u00f3rdoba en Estado de Alerta y Movilizaci\u00f3n."},"content":{"rendered":"\r\n<p><em>Ante la destrucci\u00f3n de los salarios por la clausura de la paritaria, el aguinaldo en cuotas, la precarizaci\u00f3n en aumento en el Estado, y la \u00faltima decisi\u00f3n del Ejecutivo Nacional de pagarnos el aguinaldo en cuotas, desde C\u00f3rdoba gritamos a viva voz: \u00a1La crisis no vamos a pagarla quienes trabajamos!<\/em><\/p>\r\n\r\n\r\n\r\n<figure class=\"wp-block-image size-large\"><img decoding=\"async\" class=\"wp-image-13298\" src=\"http:\/\/atecordoba.org\/wp-content\/uploads\/2020\/06\/captura-nacionales-18-6-1024x630.jpg\" alt=\"\" \/>\r\n<figcaption>56 delegadas y delegados de todos los sectores nacionales que componen ATE C\u00f3rdoba. PDF del comunicado <a href=\"https:\/\/www.atecordoba.org\/wp-content\/uploads\/2020\/06\/Estado-de-Alerta-y-Movilizaci\u00f3n-Permanente-18_06-Nacionales-ATE-Cordoba.pdf\" target=\"_blank\" rel=\"noreferrer noopener\">aqu\u00ed<\/a>.<\/figcaption>\r\n<\/figure>\r\n\r\n\r\n\r\n<p>Las trabajadoras y trabajadores Estatales no soportamos m\u00e1s el peso de la crisis sobre nuestras espaldas. <strong>El ajuste ya se hizo sobre nosotras y nosotros.<\/strong> Los salarios de quienes trabajamos en las dependencias nacionales perdieron, al menos el 37% de su poder adquisitivos\u00a0 -en promedio-. No podemos permitir que la pandemia se convierta en un motivo para vulnerar los Convenios Colectivos ni para pagar salarios por debajo de la l\u00ednea de la pobreza e incluso de la de la indigencia. A esta altura, nuestra situaci\u00f3n es desesperante:\u00a0<\/p>\r\n\r\n\r\n\r\n<ul class=\"wp-block-list\">\r\n<li>Tenemos la paritaria inconclusa y a\u00fan, pasados 6 meses ya de este 2020, <strong>no hemos podido sentarnos a discutir la pauta salarial que regir\u00e1 hasta el a\u00f1o 2021<\/strong>. En retrospectiva, desde que asumi\u00f3 este Gobierno de Alberto Fernandez, quienes trabajamos en el Estado Nacional no hemos recibido ninguna mejora: solo un bono de $4000, cuya continuidad no queda clara ante el pretendido cierre de la paritaria sin propuesta de recomposici\u00f3n salarial. Ni cr\u00e9ditos a tasa cero, ni IFE, ni ninguna otra recomposici\u00f3n a nuestro devaluado salario.<\/li>\r\n<li><strong>No tenemos un plan claro del Estado Nacional con respecto a la reincorporaci\u00f3n de las compa\u00f1eras y compa\u00f1eros despedidas y despedidos en la era Macri<\/strong> y, en muchos espacios -como en FAdeA-, nos encontramos con maniobras disuasivas, dobles discursos y otras situaciones altamente preocupantes;<\/li>\r\n<li>Precarizaci\u00f3n. Los procesos de Selecci\u00f3n Abreviada han sido direccionados al CCTS SINEP y aun asi han sido insuficientes. <strong>El estado no puede pedirnos que seamos el Estado Presente que anhela cuando se ausenta en sus obligaciones como patronal.<\/strong><\/li>\r\n<\/ul>\r\n\r\n\r\n\r\n<p>Adem\u00e1s de todo ese acumulado de demandas hist\u00f3ricas, quienes trabajamos en el Estado Nacional nos encontramos este fin de semana con una grav\u00edsima, inusitada e intempestiva decisi\u00f3n institucional: un sorpresivo Decreto que, estando en una instancia de di\u00e1logo, que lleva a que las compa\u00f1eras y compa\u00f1eros que tienen m\u00e1s de 80 mil pesos de salario, percibir\u00e1n su aguinaldo en cuotas. <strong>Decimos, fervientemente, que el medio aguinaldo de julio -con su contraparte a fin de a\u00f1o- es un Derecho, se paga de una vez, completo y es para todas y todos las trabajadoras y trabajadores.<\/strong><\/p>\r\n\r\n\r\n\r\n<p>Es un antecedente terrible para los dem\u00e1s estamentos del Estado. Por eso<strong> llamamos a todos nuestros compa\u00f1eros en todo el territorio nacional a consensuar una medida conjunta<\/strong>.<\/p>\r\n\r\n\r\n\r\n<p>No queremos ser la variable de ajuste de esta crisis: los recursos hay que buscarlos en la renta financiera, minera, en quienes atesoran especulando con el hambre del Pueblo. El Estado Nacional est\u00e1 ayudando a privados para pagar los salarios a los trabajadores, incluso a empresas a las que les ha ido muy bien, que han atesorado millones de d\u00f3lares en las fortunas de sus due\u00f1os. Esa acci\u00f3n, cuando la enfrentamos al recorte que sufrimos quienes trabajamos, se torna, al menos, odiosa e improcedente cuando no totalmente contraria a un gobierno que se precie de defender los intereses populares.<\/p>\r\n\r\n\r\n\r\n<p><strong>Quienes hacemos ATE C\u00f3rdoba sabemos que nada se conquista sin lucha.<\/strong> <strong>Hay contradicciones dentro del Gobierno y desde nuestro gremio somos conscientes de ello. Pero enarbolamos nuevamente nuestra autonom\u00eda de los patrones y los gobiernos. Por eso si hay quita de derechos, saldremos a pelear por los derechos de las trabajadoras y trabajadores.<\/strong>\u00a0<\/p>\r\n\r\n\r\n\r\n<p>En ese sentido, hasta la semana pr\u00f3xima estaremos construyendo una acci\u00f3n, desde las bases pero que encienda bien fuerte el grito un\u00edsono de \u00a1no m\u00e1s ajuste!<\/p>\r\n\r\n\r\n\r\n<p>En todas nuestras instancias de reuni\u00f3n y comunicados plantearemos:<\/p>\r\n\r\n\r\n\r\n<ul class=\"wp-block-list\">\r\n<li>Cierre de la Paritaria 2019\/2020 de manera urgente;<\/li>\r\n<li>Recomposici\u00f3n Salarial;<\/li>\r\n<li>Pase a planta permanente;<\/li>\r\n<li>Reincorporaci\u00f3n de todas las despedidas y despedidos del Estado Nacional;<\/li>\r\n<li>Condiciones de trabajo dignas para volver al trabajo sin arriesgar nuestra vida y la de toda la comunidad;<\/li>\r\n<li>\u00a0Respeto de los Convenios Colectivos de Trabajo, sus mecanismos e Institutos (Comisiones, Grados, Tramos, Suplementos, etc).<\/li>\r\n<li>No pago del aguinaldo en cuotas.<\/li>\r\n<\/ul>\r\n\r\n\r\n\r\n<p>Por todo ello, <strong>nos declaramos en Estado de Asamblea y Movilizaci\u00f3n Permanente<\/strong> y el pr\u00f3ximo Lunes 29 de junio haremos una devoluci\u00f3n de las Asambleas por sector y decidiremos, en un nuevo plenario de delegados y delegadas de los sectores nacionales de ATE C\u00f3rdoba, una acci\u00f3n directa para la semana del 9 de julio.\u00a0<\/p>\r\n\r\n\r\n\r\n<p><strong>Una nueva y definitiva Independencia se hace impostergable, compa\u00f1eras y compa\u00f1eros.<\/strong><\/p>\r\n\r\n\r\n\r\n<p><strong>Plenario de Delegadas y Delegados Nacionales\u00a0<\/strong><\/p>\r\n\r\n\r\n\r\n<p><strong>ATE C\u00f3rdoba<\/strong><\/p>\r\n","protected":false},"excerpt":{"rendered":"<p>Ante la destrucci\u00f3n de los salarios por la clausura de la paritaria, el aguinaldo en cuotas, la precarizaci\u00f3n en aumento en el Estado, y la \u00faltima decisi\u00f3n del Ejecutivo Nacional de pagarnos el aguinaldo en cuotas, desde C\u00f3rdoba gritamos a viva voz: \u00a1La crisis no vamos a pagarla quienes trabajamos! Las trabajadoras y trabajadores Estatales [&hellip;]<\/p>\n","protected":false},"author":3,"featured_media":20338,"comment_status":"open","ping_status":"open","sticky":true,"template":"","format":"standard","meta":{"_exactmetrics_skip_tracking":false,"_exactmetrics_sitenote_active":false,"_exactmetrics_sitenote_note":"","_exactmetrics_sitenote_category":0,"jnews-multi-image_gallery":[],"jnews_single_post":{"subtitle":"","format":"standard","video":"","gallery":"","source_name":"","source_url":"","via_name":"","via_url":"","override_template":"0","override":[{"template":"1","single_blog_custom":"","parallax":"1","fullscreen":"0","layout":"right-sidebar","sidebar":"default-sidebar","second_sidebar":"default-sidebar","sticky_sidebar":"1","share_position":"top","share_float_style":"share-monocrhome","show_share_counter":"1","show_view_counter":"1","show_featured":"1","show_post_meta":"1","show_post_author":"1","show_post_author_image":"1","show_post_date":"1","post_date_format":"default","post_date_format_custom":"Y\/m\/d","show_post_category":"1","show_post_reading_time":"0","post_reading_time_wpm":"300","show_zoom_button":"0","zoom_button_out_step":"2","zoom_button_in_step":"3","show_post_tag":"1","show_prev_next_post":"1","show_popup_post":"1","number_popup_post":"1","show_author_box":"0","show_post_related":"0","show_inline_post_related":"0"}],"override_image_size":"0","image_override":[{"single_post_thumbnail_size":"crop-500","single_post_gallery_size":"crop-500"}],"trending_post":"0","trending_post_position":"meta","trending_post_label":"Trending","sponsored_post":"0","sponsored_post_label":"Sponsored by","sponsored_post_name":"","sponsored_post_url":"","sponsored_post_logo_enable":"0","sponsored_post_logo":"","sponsored_post_desc":""},"jnews_primary_category":{"id":""},"jnews_social_meta":[],"jnews_review":[],"enable_review":"0","type":"percentage","name":"","summary":"","brand":"","sku":"","good":[{"good_text":""}],"bad":[{"bad_text":""}],"score_override":"","override_value":"","rating":[{"rating_text":"","rating_number":"10"}],"price":[{"shop":"","price":"","link":"","icon":""}],"jnews_override_counter":{"override_view_counter":"0","view_counter_number":"0","override_share_counter":"0","share_counter_number":"0","override_like_counter":"0","like_counter_number":"0","override_dislike_counter":"0","dislike_counter_number":"0"},"jnews_post_split":{"enable_post_split":"0","post_split":[{"template":"1","tag":"h2","numbering":"asc","mode":"normal"}]},"footnotes":""},"categories":[1],"tags":[],"class_list":["post-20339","post","type-post","status-publish","format-standard","has-post-thumbnail","hentry","category-sin-categoria"],"jetpack_featured_media_url":"https:\/\/atecordoba.org\/wp-content\/uploads\/2020\/06\/captura-nacionales-18-6-1024x630.jpg","_links":{"self":[{"href":"https:\/\/atecordoba.org\/index.php?rest_route=\/wp\/v2\/posts\/20339","targetHints":{"allow":["GET"]}}],"collection":[{"href":"https:\/\/atecordoba.org\/index.php?rest_route=\/wp\/v2\/posts"}],"about":[{"href":"https:\/\/atecordoba.org\/index.php?rest_route=\/wp\/v2\/types\/post"}],"author":[{"embeddable":true,"href":"https:\/\/atecordoba.org\/index.php?rest_route=\/wp\/v2\/users\/3"}],"replies":[{"embeddable":true,"href":"https:\/\/atecordoba.org\/index.php?rest_route=%2Fwp%2Fv2%2Fcomments&post=20339"}],"version-history":[{"count":2,"href":"https:\/\/atecordoba.org\/index.php?rest_route=\/wp\/v2\/posts\/20339\/revisions"}],"predecessor-version":[{"id":20373,"href":"https:\/\/atecordoba.org\/index.php?rest_route=\/wp\/v2\/posts\/20339\/revisions\/20373"}],"wp:featuredmedia":[{"embeddable":true,"href":"https:\/\/atecordoba.org\/index.php?rest_route=\/wp\/v2\/media\/20338"}],"wp:attachment":[{"href":"https:\/\/atecordoba.org\/index.php?rest_route=%2Fwp%2Fv2%2Fmedia&parent=20339"}],"wp:term":[{"taxonomy":"category","embeddable":true,"href":"https:\/\/atecordoba.org\/index.php?rest_route=%2Fwp%2Fv2%2Fcategories&post=20339"},{"taxonomy":"post_tag","embeddable":true,"href":"https:\/\/atecordoba.org\/index.php?rest_route=%2Fwp%2Fv2%2Ftags&post=20339"}],"curies":[{"name":"wp","href":"https:\/\/api.w.org\/{rel}","templated":true}]}}