{"id":20311,"date":"2020-06-17T15:55:30","date_gmt":"2020-06-17T18:55:30","guid":{"rendered":"https:\/\/www.atecordoba.org\/?p=13282"},"modified":"2020-06-18T13:12:24","modified_gmt":"2020-06-18T16:12:24","slug":"ate-cordoba-solicita-la-inconstitucionalidad-de-la-reforma-jubilatoria-de-schiaretti","status":"publish","type":"post","link":"https:\/\/atecordoba.org\/?p=20311","title":{"rendered":"ATE C\u00f3rdoba solicita la inconstitucionalidad de la Reforma Jubilatoria de Schiaretti"},"content":{"rendered":"\r\n<p><em>El pedido de inconstitucionalidad sobre la totalidad de la norma aprobada por la Legislatura Provincial el 20 de mayo pasado qued\u00f3 presentado al Tribunal Superior de Justicia de C\u00f3rdoba. El m\u00e1ximo \u00f3rgano del Poder Judicial provincial ha admitido el pedido que pasar\u00e1 a fase de estudio hasta que dictamine al respecto.<\/em><\/p>\r\n\r\n\r\n\r\n<figure class=\"wp-block-image size-large\"><img decoding=\"async\" class=\"wp-image-9534\" src=\"http:\/\/atecordoba.org\/wp-content\/uploads\/2020\/06\/caja-de-jubilaciones-1024x683.jpg\" alt=\"\" \/>\r\n<figcaption>Foto: Micka Hubeli. Archivo ATE C\u00f3rdoba.<\/figcaption>\r\n<\/figure>\r\n\r\n\r\n\r\n<p><strong>El \u201ccordobesismo\u201d ha vuelto inviable el sistema previsional cordob\u00e9s<\/strong> al decidir no tocar a los grandes grupos econ\u00f3micos ni a los sectores m\u00e1s ricos de la sociedad para sostener la pol\u00edtica previsional provincial y hacer caer todo el peso sobre los hombros de las y los trabajadores. Si bien el camino emprendido contra la Caja de Jubilaciones de la Provincia de C\u00f3rdoba no es nuevo, la afrenta de la Reforma Previsional sancionada entre gallos y medianoche por el oficialismo provincial v\u00eda teleconferencia el pasado 20 de mayo es un punto adem\u00e1s de ileg\u00edtimo e inconsulto, totalmente inconstitucional como lo denota la acci\u00f3n emprendida por el equipo jur\u00eddico de Asociaci\u00f3n Trabajadores del Estado (ATE) C\u00f3rdoba por intermedio del Dr. Eugenio Biafore.<\/p>\r\n\r\n\r\n\r\n<p><strong>\u201cLa primera afrenta que iniciamos es contra el principio de progresividad<\/strong> que est\u00e1 en la Convenci\u00f3n de los Derechos Sociales y Pol\u00edticos de 1968 y que es una pieza fundamental del andamiaje jur\u00eddico internacional, con valor Constitucional en el Art\u00edculo 75\u201d, explic\u00f3 Biafore. Seg\u00fan el letrado, ello implica que ninguna Ley de menor rango que la Constituci\u00f3n puede atentar contra ella.<\/p>\r\n\r\n\r\n\r\n<p><strong>\u201cLuego hemos atacado aspectos puntuales: Tal es el caso del Articulo 35 que limita la jubilaci\u00f3n m\u00e1xima en $102.000<\/strong> para quienes sumen esa cifra entre dos jubilaciones, una jubilaci\u00f3n y una pensi\u00f3n o alguna de ellas y un trabajo activo. Eso es directamente un latrocinio. Decidieron sacar con una Ley, parte de lo que ya correspond\u00eda a estos jubilados, sin buscar otras alternativas\u201d, detall\u00f3 Biafore.<\/p>\r\n\r\n\r\n\r\n<p>\u201cPor otro lado \u2013continu\u00f3 el abogado de ATE- <strong>hemos atacado el punto concerniente al cambio del promedio como se calcula el haber jubilatorio<\/strong> que ahora se hace sobre los \u00faltimos diez a\u00f1os, no sobre los \u00faltimos cuatro. Esto puede implicar la p\u00e9rdida del esfuerzo que muchos trabajadores han hecho en estos \u00faltimos tiempos para tener mejores salarios una vez jubilados\u201d, expres\u00f3.<\/p>\r\n\r\n\r\n\r\n<p>Por otro lado, desde ATE C\u00f3rdoba, advertimos tambi\u00e9n que <strong>no puede establecerse una justificaci\u00f3n meramente coyuntural como la del Aislamiento Social, Preventivo y Obligatorio respecto a un d\u00e9ficit que el mismo Gobierno Provincial ha construido<\/strong> a lo largo de los a\u00f1os y que una y otra vez han negociado con los gobiernos de turno para su mantenimiento, financiaci\u00f3n, para extraer sus fondos. El problema, entonces, es del sistema que han creado: y ahora pretenden hacerse los distra\u00eddos y poner las culpas afuera. Es como si uno le echara la culpa al proveedor de agua cuando se le inunda la casa porque dej\u00f3 la ba\u00f1era tapada y con la canilla abierta.<\/p>\r\n\r\n\r\n\r\n<p>Desde ATE C\u00f3rdoba celebramos cuando todas las Cajas Provinciales se nacionalizaron con la nefasta Ley 24.241 (de las AFJP) y C\u00f3rdoba no lo hizo. En aquel entonces la nacionalizaci\u00f3n significaba la privatizaci\u00f3n de los aportes jubilatorios, el ingreso del sistema de reparto privado. Ese era el esquema neoliberal. Mantener la Caja, EPEC, el Banco, era algo relevante para los trabajadores. Sin embargo, a partir de este hito, vinieron todas <strong>las posteriores &#8220;armonizaciones&#8221; que han sido siempre de espaldas a la gente<\/strong> lo que nos da a pensar que si no fueran ajustes bestiales no lo har\u00edan siempre entre gallos y medianoche, cuando la gente no puede salir a manifestarse como es en este caso. Ello marca la profunda vocaci\u00f3n antidemocr\u00e1tica que tiene el gobierno neoliberal de Juan Schiaretti.<\/p>\r\n\r\n\r\n\r\n<p><strong>El Gobernador y sus legisladores decidieron repartir el ajuste entre los que menos tienen y no obligar a que los que m\u00e1s pueden aportar lo hagan<\/strong>: de esta forma la distribuci\u00f3n de los costos fiscales de estos derechos se ampl\u00edan a la mayor cantidad de capas sociales, con un esquema totalmente regresivo que no toca verdaderamente a los ricos sino que equipara todo hacia abajo.<\/p>\r\n\r\n\r\n\r\n<p><strong>Su decisi\u00f3n es que la crisis la paguemos los trabajadores y est\u00e1n dispuestos, inclusive, a ir contra la Constituci\u00f3n para ello. La decisi\u00f3n de ATE C\u00f3rdoba es luchar en todos los \u00e1mbitos para impedirlo.<\/strong><\/p>\r\n\r\n\r\n\r\n<p>&nbsp;<\/p>\r\n\r\n\r\n\r\n<p class=\"has-text-align-center\"><strong>Federico Giuliani<\/strong><\/p>\r\n\r\n\r\n\r\n<p class=\"has-text-align-center\"><strong>Secretario General<\/strong><\/p>\r\n\r\n\r\n\r\n<p class=\"has-text-align-center\"><strong>Consejo Directivo Provincial<\/strong><\/p>\r\n\r\n\r\n\r\n<p class=\"has-text-align-center\"><strong>ATE C\u00f3rdoba<\/strong><\/p>\r\n","protected":false},"excerpt":{"rendered":"<p>El pedido de inconstitucionalidad sobre la totalidad de la norma aprobada por la Legislatura Provincial el 20 de mayo pasado qued\u00f3 presentado al Tribunal Superior de Justicia de C\u00f3rdoba. El m\u00e1ximo \u00f3rgano del Poder Judicial provincial ha admitido el pedido que pasar\u00e1 a fase de estudio hasta que dictamine al respecto. El \u201ccordobesismo\u201d ha vuelto [&hellip;]<\/p>\n","protected":false},"author":3,"featured_media":20310,"comment_status":"open","ping_status":"open","sticky":true,"template":"","format":"standard","meta":{"_exactmetrics_skip_tracking":false,"_exactmetrics_sitenote_active":false,"_exactmetrics_sitenote_note":"","_exactmetrics_sitenote_category":0,"jnews-multi-image_gallery":[],"jnews_single_post":{"subtitle":"","format":"standard","video":"","gallery":"","source_name":"","source_url":"","via_name":"","via_url":"","override_template":"0","override":[{"template":"1","single_blog_custom":"","parallax":"1","fullscreen":"0","layout":"right-sidebar","sidebar":"default-sidebar","second_sidebar":"default-sidebar","sticky_sidebar":"1","share_position":"top","share_float_style":"share-monocrhome","show_share_counter":"1","show_view_counter":"1","show_featured":"1","show_post_meta":"1","show_post_author":"1","show_post_author_image":"1","show_post_date":"1","post_date_format":"default","post_date_format_custom":"Y\/m\/d","show_post_category":"1","show_post_reading_time":"0","post_reading_time_wpm":"300","show_zoom_button":"0","zoom_button_out_step":"2","zoom_button_in_step":"3","show_post_tag":"1","show_prev_next_post":"1","show_popup_post":"1","number_popup_post":"1","show_author_box":"0","show_post_related":"0","show_inline_post_related":"0"}],"override_image_size":"0","image_override":[{"single_post_thumbnail_size":"crop-500","single_post_gallery_size":"crop-500"}],"trending_post":"0","trending_post_position":"meta","trending_post_label":"Trending","sponsored_post":"0","sponsored_post_label":"Sponsored by","sponsored_post_name":"","sponsored_post_url":"","sponsored_post_logo_enable":"0","sponsored_post_logo":"","sponsored_post_desc":""},"jnews_primary_category":{"id":""},"jnews_social_meta":[],"jnews_review":[],"enable_review":"0","type":"percentage","name":"","summary":"","brand":"","sku":"","good":[{"good_text":""}],"bad":[{"bad_text":""}],"score_override":"","override_value":"","rating":[{"rating_text":"","rating_number":"10"}],"price":[{"shop":"","price":"","link":"","icon":""}],"jnews_override_counter":{"override_view_counter":"0","view_counter_number":"0","override_share_counter":"0","share_counter_number":"0","override_like_counter":"0","like_counter_number":"0","override_dislike_counter":"0","dislike_counter_number":"0"},"jnews_post_split":{"enable_post_split":"0","post_split":[{"template":"1","tag":"h2","numbering":"asc","mode":"normal"}]},"footnotes":""},"categories":[1],"tags":[],"class_list":["post-20311","post","type-post","status-publish","format-standard","has-post-thumbnail","hentry","category-sin-categoria"],"jetpack_featured_media_url":"https:\/\/atecordoba.org\/wp-content\/uploads\/2020\/06\/caja-de-jubilaciones-1024x683.jpg","_links":{"self":[{"href":"https:\/\/atecordoba.org\/index.php?rest_route=\/wp\/v2\/posts\/20311","targetHints":{"allow":["GET"]}}],"collection":[{"href":"https:\/\/atecordoba.org\/index.php?rest_route=\/wp\/v2\/posts"}],"about":[{"href":"https:\/\/atecordoba.org\/index.php?rest_route=\/wp\/v2\/types\/post"}],"author":[{"embeddable":true,"href":"https:\/\/atecordoba.org\/index.php?rest_route=\/wp\/v2\/users\/3"}],"replies":[{"embeddable":true,"href":"https:\/\/atecordoba.org\/index.php?rest_route=%2Fwp%2Fv2%2Fcomments&post=20311"}],"version-history":[{"count":2,"href":"https:\/\/atecordoba.org\/index.php?rest_route=\/wp\/v2\/posts\/20311\/revisions"}],"predecessor-version":[{"id":20330,"href":"https:\/\/atecordoba.org\/index.php?rest_route=\/wp\/v2\/posts\/20311\/revisions\/20330"}],"wp:featuredmedia":[{"embeddable":true,"href":"https:\/\/atecordoba.org\/index.php?rest_route=\/wp\/v2\/media\/20310"}],"wp:attachment":[{"href":"https:\/\/atecordoba.org\/index.php?rest_route=%2Fwp%2Fv2%2Fmedia&parent=20311"}],"wp:term":[{"taxonomy":"category","embeddable":true,"href":"https:\/\/atecordoba.org\/index.php?rest_route=%2Fwp%2Fv2%2Fcategories&post=20311"},{"taxonomy":"post_tag","embeddable":true,"href":"https:\/\/atecordoba.org\/index.php?rest_route=%2Fwp%2Fv2%2Ftags&post=20311"}],"curies":[{"name":"wp","href":"https:\/\/api.w.org\/{rel}","templated":true}]}}