{"id":20309,"date":"2020-06-17T15:49:24","date_gmt":"2020-06-17T18:49:24","guid":{"rendered":"https:\/\/www.atecordoba.org\/?p=13279"},"modified":"2020-06-18T12:55:03","modified_gmt":"2020-06-18T15:55:03","slug":"el-medio-aguinaldo-debe-ser-completo-en-un-pago-y-para-todas-y-todos","status":"publish","type":"post","link":"https:\/\/atecordoba.org\/?p=20309","title":{"rendered":"El medio aguinaldo debe ser completo, en un pago y para todas y todos"},"content":{"rendered":"\n<p><em>Ante el Decreto del Poder Ejecutivo Nacional de que el medio aguinaldo de julio para aquellos miembros de organismos y \u00e1reas nacionales que cobren salarios por encima de los $80 mil ser\u00e1 diferido \u201cen cinco cuotas\u201d, desde ATE C\u00f3rdoba repudiamos cabalmente esta decisi\u00f3n enunciando que no hay lugar para ning\u00fan acuerdo en ese sentido. Advertimos que la medida podr\u00eda afectar gravemente a las trabajadoras y trabajadores de los otros niveles del Estado (Provinciales y Municipales)<\/em><\/p>\n\n\n\n<figure class=\"wp-block-image size-large\"><img decoding=\"async\" src=\"http:\/\/atecordoba.org\/wp-content\/uploads\/2020\/06\/DSC_0897-1024x683.jpg\" alt=\"\" class=\"wp-image-13280\"\/><figcaption>Federico Giuliani, Secretario General de ATE C\u00f3rdoba. Foto: Archivo.<\/figcaption><\/figure>\n\n\n\n<p>El Gobierno Nacional a trav\u00e9s de su Jefe de Gabinete, Santiago Cafiero, y del Ministro de Trabajo, Claudio Moroni, comunicaron el viernes pasado la decisi\u00f3n de diferir en cinco veces el pago del medio aguinaldo de julio. El Decreto Presidencial enuncia que el \u201cel monto bruto a abonar en la primera cuota pagadera con la remuneraci\u00f3n del mes junio no podr\u00e1 superar el valor de PESOS CUARENTA MIL ($ 40.000). La suma que exceda de dicho monto se abonar\u00e1 en cuatro cuotas consecutivas, como m\u00e1ximo, junto con las remuneraciones correspondientes a los meses de julio, agosto, septiembre y octubre de 2020\u201d y que la decisi\u00f3n fue tomada considerando que \u201ca trav\u00e9s de la Ley N\u00b0 27.541 se declar\u00f3 la emergencia p\u00fablica en materia econ\u00f3mica, financiera, fiscal, administrativa, previsional, tarifaria, energ\u00e9tica, sanitaria y social\u201d por la pandemia de coronavirus declarada a nivel global por la Organizaci\u00f3n Mundial de la Salud.<\/p>\n\n\n\n<p>Ante la decisi\u00f3n y el argumento no restan m\u00e1s que palabras de repudio. Hacer caer sobre las espaldas de las trabajadoras y trabajadores esta crisis que, aunque se vio agravada por el impacto del COVID-19, viene de larga data y hunde sus ra\u00edces en los m\u00e1s profundos cimientos del sistema, no es una actitud propia de un Gobierno al servicio del Pueblo. El patr\u00f3n financiero de acumulaci\u00f3n y deuda esquilma los recursos de quienes trabajamos, somete a las poblaciones y hace tambalear a los Estados. Todos los indicadores muestran que tiene una crisis producto de su propia l\u00f3gica especuladora de maximizar las ganancias a partir de la generaci\u00f3n de burbujas de valores ficticios y que esa crisis viene de hace tiempo. En ese marco, utilizar la pandemia para ajustar a quienes vivimos de nuestro trabajo en vez de enfocar totalmente los ca\u00f1ones sobre los fondos especulativos que hicieron negocios con nuestra deuda; sobre quienes amasaron grandes fortunas beneficiados por la especulaci\u00f3n y la timba; sobre las grandes corporaciones que explotan y saquean nuestros recursos naturales como el litio, el oro, el petr\u00f3leo, el gas y tantos otros; sobre quienes se beneficiaron de las privatizaciones de los servicios p\u00fablicos, del conocimiento producido en nuestras universidades, de los desarrollos tecnol\u00f3gicos transferidos al \u00e1mbito privado, incluso del desmembramiento de la salud p\u00fablica.<\/p>\n\n\n\n<p>Por eso, la opci\u00f3n de ajustar sobre el salario es siempre regresiva cuando los grandes jugadores del tablero global siguen haciendo negocios y someti\u00e9ndonos a su dependencia.<\/p>\n\n\n\n<p>Muestra de esa dependencia es esta decisi\u00f3n del Gobierno de Alberto Fern\u00e1ndez: muestra de cu\u00e1nta fuerza nos falta a los sectores populares para impulsar gobiernos que lleven adelante cabalmente los intereses del Pueblo sin dar brazo a torcer frente a las multinacionales y su l\u00f3gica a cada paso.<\/p>\n\n\n\n<p>La salida, como siempre, ser\u00e1 m\u00e1s unidad de quienes est\u00e9n dispuestas y dispuestos a construir una nueva Patria, grande, justa, libre y soberana.<\/p>\n\n\n\n<p><\/p>\n\n\n\n<p class=\"has-text-align-center\"><strong>Federico Giuliani<\/strong><\/p>\n\n\n\n<p class=\"has-text-align-center\"><strong>Secretario General<\/strong><\/p>\n\n\n\n<p class=\"has-text-align-center\"><strong>Consejo Directivo Provincial<\/strong><\/p>\n\n\n\n<p class=\"has-text-align-center\"><strong>ATE C\u00f3rdoba<\/strong><\/p>\n","protected":false},"excerpt":{"rendered":"<p>Ante el Decreto del Poder Ejecutivo Nacional de que el medio aguinaldo de julio para aquellos miembros de organismos y \u00e1reas nacionales que cobren salarios por encima de los $80 mil ser\u00e1 diferido \u201cen cinco cuotas\u201d, desde ATE C\u00f3rdoba repudiamos cabalmente esta decisi\u00f3n enunciando que no hay lugar para ning\u00fan acuerdo en ese sentido. Advertimos [&hellip;]<\/p>\n","protected":false},"author":3,"featured_media":13280,"comment_status":"open","ping_status":"open","sticky":true,"template":"","format":"standard","meta":{"_exactmetrics_skip_tracking":false,"_exactmetrics_sitenote_active":false,"_exactmetrics_sitenote_note":"","_exactmetrics_sitenote_category":0,"jnews-multi-image_gallery":[],"jnews_single_post":[],"jnews_primary_category":[],"jnews_social_meta":[],"jnews_review":[],"enable_review":"","type":"","name":"","summary":"","brand":"","sku":"","good":[],"bad":[],"score_override":"","override_value":"","rating":[],"price":[],"jnews_override_counter":[],"jnews_post_split":[],"footnotes":""},"categories":[1],"tags":[],"class_list":["post-20309","post","type-post","status-publish","format-standard","has-post-thumbnail","hentry","category-sin-categoria"],"jetpack_featured_media_url":"https:\/\/atecordoba.org\/wp-content\/uploads\/2020\/05\/3-743x1024.jpg","_links":{"self":[{"href":"https:\/\/atecordoba.org\/index.php?rest_route=\/wp\/v2\/posts\/20309","targetHints":{"allow":["GET"]}}],"collection":[{"href":"https:\/\/atecordoba.org\/index.php?rest_route=\/wp\/v2\/posts"}],"about":[{"href":"https:\/\/atecordoba.org\/index.php?rest_route=\/wp\/v2\/types\/post"}],"author":[{"embeddable":true,"href":"https:\/\/atecordoba.org\/index.php?rest_route=\/wp\/v2\/users\/3"}],"replies":[{"embeddable":true,"href":"https:\/\/atecordoba.org\/index.php?rest_route=%2Fwp%2Fv2%2Fcomments&post=20309"}],"version-history":[{"count":1,"href":"https:\/\/atecordoba.org\/index.php?rest_route=\/wp\/v2\/posts\/20309\/revisions"}],"predecessor-version":[{"id":20319,"href":"https:\/\/atecordoba.org\/index.php?rest_route=\/wp\/v2\/posts\/20309\/revisions\/20319"}],"wp:featuredmedia":[{"embeddable":true,"href":"https:\/\/atecordoba.org\/index.php?rest_route=\/wp\/v2\/media\/13280"}],"wp:attachment":[{"href":"https:\/\/atecordoba.org\/index.php?rest_route=%2Fwp%2Fv2%2Fmedia&parent=20309"}],"wp:term":[{"taxonomy":"category","embeddable":true,"href":"https:\/\/atecordoba.org\/index.php?rest_route=%2Fwp%2Fv2%2Fcategories&post=20309"},{"taxonomy":"post_tag","embeddable":true,"href":"https:\/\/atecordoba.org\/index.php?rest_route=%2Fwp%2Fv2%2Ftags&post=20309"}],"curies":[{"name":"wp","href":"https:\/\/api.w.org\/{rel}","templated":true}]}}