{"id":20306,"date":"2020-06-16T15:07:52","date_gmt":"2020-06-16T18:07:52","guid":{"rendered":"https:\/\/www.atecordoba.org\/?p=13269"},"modified":"2020-07-02T11:34:13","modified_gmt":"2020-07-02T14:34:13","slug":"reincorporan-en-anac-a-un-despedido-del-macrismo","status":"publish","type":"post","link":"https:\/\/atecordoba.org\/?p=20306","title":{"rendered":"Reincorporan en Anac a un despedido del macrismo"},"content":{"rendered":"\r\n<p><em>Con alegr\u00eda informamos que el trabajador se reintegra a sus funciones normales.<\/em><\/p>\r\n\r\n\r\n\r\n<div class=\"wp-block-image\">\r\n<figure class=\"aligncenter size-large is-resized\"><img loading=\"lazy\" decoding=\"async\" class=\"wp-image-13270\" src=\"http:\/\/atecordoba.org\/wp-content\/uploads\/2020\/06\/anac-ambilancia-1024x768.jpg\" alt=\"\" width=\"512\" height=\"384\" \/><\/figure>\r\n<\/div>\r\n\r\n\r\n\r\n<p>Es un compa\u00f1ero que en la transici\u00f3n de ANAC a EANA qued\u00f3 sin funciones y la ANAC, en vez de reubicarlo ya que era empleado del organismo, opt\u00f3 por dejarlo afuera. Hoy es reincorporado y reubicado en nuevas funciones c\u00f3mo control terrestre, renovando la esperanza para los que a\u00fan aguardan una oportunidad en la ANAC.<\/p>\r\n\r\n\r\n\r\n<p>&#8220;Estamos muy felices por esta reincorporaci\u00f3n porque demuestra que es posible una pol\u00edtica de recuperaci\u00f3n del Estado, una vez superada la etapa macrista de ajuste y despidos&#8221;, explic\u00f3 el delegado de ATE y vocal del Consejo Directivo Provincial, Agust\u00edn Bertone.<\/p>\r\n\r\n\r\n\r\n<p>Y agreg\u00f3: &#8220;agradecemos a todos los que hicieron posible que el compa\u00f1ero recupere su trabajo, empezando por la Coordinaci\u00f3n Nacional de ATE-ANAC y todos los que hicieron su aporte en ese logro de nuestro sindicato&#8221;.<\/p>\r\n\r\n\r\n\r\n<p>&nbsp;<\/p>\r\n","protected":false},"excerpt":{"rendered":"<p>Con alegr\u00eda informamos que el trabajador se reintegra a sus funciones normales. Es un compa\u00f1ero que en la transici\u00f3n de ANAC a EANA qued\u00f3 sin funciones y la ANAC, en vez de reubicarlo ya que era empleado del organismo, opt\u00f3 por dejarlo afuera. Hoy es reincorporado y reubicado en nuevas funciones c\u00f3mo control terrestre, renovando [&hellip;]<\/p>\n","protected":false},"author":3,"featured_media":20305,"comment_status":"open","ping_status":"open","sticky":true,"template":"","format":"standard","meta":{"_exactmetrics_skip_tracking":false,"_exactmetrics_sitenote_active":false,"_exactmetrics_sitenote_note":"","_exactmetrics_sitenote_category":0,"jnews-multi-image_gallery":[],"jnews_single_post":{"subtitle":"","format":"standard","video":"","gallery":"","source_name":"","source_url":"","via_name":"","via_url":"","override_template":"0","override":[{"template":"1","single_blog_custom":"","parallax":"1","fullscreen":"0","layout":"right-sidebar","sidebar":"default-sidebar","second_sidebar":"default-sidebar","sticky_sidebar":"1","share_position":"top","share_float_style":"share-monocrhome","show_share_counter":"1","show_view_counter":"1","show_featured":"1","show_post_meta":"1","show_post_author":"1","show_post_author_image":"1","show_post_date":"1","post_date_format":"default","post_date_format_custom":"Y\/m\/d","show_post_category":"1","show_post_reading_time":"0","post_reading_time_wpm":"300","show_zoom_button":"0","zoom_button_out_step":"2","zoom_button_in_step":"3","show_post_tag":"1","show_prev_next_post":"1","show_popup_post":"1","number_popup_post":"1","show_author_box":"0","show_post_related":"0","show_inline_post_related":"0"}],"override_image_size":"0","image_override":[{"single_post_thumbnail_size":"crop-500","single_post_gallery_size":"crop-500"}],"trending_post":"0","trending_post_position":"meta","trending_post_label":"Trending","sponsored_post":"0","sponsored_post_label":"Sponsored by","sponsored_post_name":"","sponsored_post_url":"","sponsored_post_logo_enable":"0","sponsored_post_logo":"","sponsored_post_desc":""},"jnews_primary_category":{"id":""},"jnews_social_meta":[],"jnews_review":[],"enable_review":"0","type":"percentage","name":"","summary":"","brand":"","sku":"","good":[{"good_text":""}],"bad":[{"bad_text":""}],"score_override":"","override_value":"","rating":[{"rating_text":"","rating_number":"10"}],"price":[{"shop":"","price":"","link":"","icon":""}],"jnews_override_counter":{"override_view_counter":"0","view_counter_number":"0","override_share_counter":"0","share_counter_number":"0","override_like_counter":"0","like_counter_number":"0","override_dislike_counter":"0","dislike_counter_number":"0"},"jnews_post_split":{"enable_post_split":"0","post_split":[{"template":"1","tag":"h2","numbering":"asc","mode":"normal"}]},"footnotes":""},"categories":[18],"tags":[33,347],"class_list":["post-20306","post","type-post","status-publish","format-standard","has-post-thumbnail","hentry","category-nacionales","tag-anac","tag-movimiento-aeronautico-cordobes-mac"],"jetpack_featured_media_url":"https:\/\/atecordoba.org\/wp-content\/uploads\/2020\/06\/anac-ambilancia-1024x768.jpg","_links":{"self":[{"href":"https:\/\/atecordoba.org\/index.php?rest_route=\/wp\/v2\/posts\/20306","targetHints":{"allow":["GET"]}}],"collection":[{"href":"https:\/\/atecordoba.org\/index.php?rest_route=\/wp\/v2\/posts"}],"about":[{"href":"https:\/\/atecordoba.org\/index.php?rest_route=\/wp\/v2\/types\/post"}],"author":[{"embeddable":true,"href":"https:\/\/atecordoba.org\/index.php?rest_route=\/wp\/v2\/users\/3"}],"replies":[{"embeddable":true,"href":"https:\/\/atecordoba.org\/index.php?rest_route=%2Fwp%2Fv2%2Fcomments&post=20306"}],"version-history":[{"count":2,"href":"https:\/\/atecordoba.org\/index.php?rest_route=\/wp\/v2\/posts\/20306\/revisions"}],"predecessor-version":[{"id":20332,"href":"https:\/\/atecordoba.org\/index.php?rest_route=\/wp\/v2\/posts\/20306\/revisions\/20332"}],"wp:featuredmedia":[{"embeddable":true,"href":"https:\/\/atecordoba.org\/index.php?rest_route=\/wp\/v2\/media\/20305"}],"wp:attachment":[{"href":"https:\/\/atecordoba.org\/index.php?rest_route=%2Fwp%2Fv2%2Fmedia&parent=20306"}],"wp:term":[{"taxonomy":"category","embeddable":true,"href":"https:\/\/atecordoba.org\/index.php?rest_route=%2Fwp%2Fv2%2Fcategories&post=20306"},{"taxonomy":"post_tag","embeddable":true,"href":"https:\/\/atecordoba.org\/index.php?rest_route=%2Fwp%2Fv2%2Ftags&post=20306"}],"curies":[{"name":"wp","href":"https:\/\/api.w.org\/{rel}","templated":true}]}}