{"id":20303,"date":"2020-06-16T12:37:40","date_gmt":"2020-06-16T15:37:40","guid":{"rendered":"https:\/\/www.atecordoba.org\/?p=13255"},"modified":"2020-06-18T13:20:51","modified_gmt":"2020-06-18T16:20:51","slug":"logro-en-dioxitek-tras-el-conflicto-se-pagaran-suplementos-salariales","status":"publish","type":"post","link":"https:\/\/atecordoba.org\/?p=20303","title":{"rendered":"Logro en Dioxitek: tras el conflicto se pagar\u00e1n suplementos salariales"},"content":{"rendered":"\r\n<p><em>Todo el personal recibir\u00e1 una recomposici\u00f3n fija de 9800 pesos con los haberes de junio, m\u00e1s suplementos para quienes corresponda por traslado y teletrabajo.<\/em><\/p>\r\n\r\n\r\n\r\n<div class=\"wp-block-image\">\r\n<figure class=\"aligncenter size-large\"><img decoding=\"async\" class=\"wp-image-13256\" src=\"http:\/\/atecordoba.org\/wp-content\/uploads\/2020\/06\/dioxitek.jpg\" alt=\"\" \/>\r\n<figcaption><em>Movilizaci\u00f3n de trabajadores de Dioxitek (archivo)<\/em>.<\/figcaption>\r\n<\/figure>\r\n<\/div>\r\n\r\n\r\n\r\n<p>En una reuni\u00f3n virtual con las autoridades de Dioxitek llevada a cabo el pasado viernes 12 de junio, las representaciones gremiales del sector encabezadas por ATE acordaron una recomposici\u00f3n salarial fija para todo el personal de la empresa estatal de producci\u00f3n de di\u00f3xido de uranio.<\/p>\r\n\r\n\r\n\r\n<p>La medida es fruto de una serie de medidas de fuerza que las y los trabajadores realizaron durante mayo y junio en reclamo del cierre de la paritaria 2019, pendiente en su \u00faltimo tramo salarial para completar la recomposici\u00f3n de haberes para compensar la inflaci\u00f3n del a\u00f1o.<\/p>\r\n\r\n\r\n\r\n<p>Dioxitek se encarga de proveer la materia prima para el funcionamiento de las centrales at\u00f3micas nacionales para el suministro de electricidad al sistema interconectado nacional.<\/p>\r\n\r\n\r\n\r\n<p>El suplemento acordado que qued\u00f3 suscripto en una acta-acuerdo es un monto dijo de 9800 pesos, bajo la figura de suplemento por refrigerio. Adem\u00e1s, aquellos compa\u00f1eros que realizan teletrabajo suman un suplemento de 2000 pesos, en tanto quienes deban realizar el traslado desde su domicilio hasta la planta fabril de Alta C\u00f3rdoba \u2013atento a que no funciona con normalidad el transporte p\u00fablico\u2013, recibir\u00e1n un suplemento de 5000 pesos en el caso de vivir a m\u00e1s de 20 kil\u00f3metros de la f\u00e1brica y de 4000 pesos de vivir a menos de esa distancia.<\/p>\r\n\r\n\r\n\r\n<p>De esta forma, Dioxitek da una respuesta satisfactoria a los reclamos que ATE y el resto de las entidades gremiales ven\u00edan realizando con paros, asambleas y declaraciones p\u00fablicas.<\/p>\r\n\r\n\r\n\r\n<p>En acta incluye el compromiso de no realizar medidas de fuerza por tres meses, a su vez que queda pendiente concretar el cierre de la \u00faltima cuota de la paritaria 2019 y la primera etapa de la paritaria 2020.<\/p>\r\n\r\n\r\n\r\n<figure class=\"wp-block-image size-large\"><img decoding=\"async\" class=\"wp-image-13258\" src=\"http:\/\/atecordoba.org\/wp-content\/uploads\/2020\/06\/IMG-20200613-WA0023-768x1024.jpg\" alt=\"\" \/>\r\n<figcaption><em>Acta-acuerdo.<\/em><\/figcaption>\r\n<\/figure>\r\n\r\n\r\n\r\n<figure class=\"wp-block-gallery columns-3 is-cropped wp-block-gallery-1 is-layout-flex wp-block-gallery-is-layout-flex\">\r\n<ul class=\"blocks-gallery-grid\">\r\n<li class=\"blocks-gallery-item\">\r\n<figure><img decoding=\"async\" class=\"wp-image-13259\" src=\"http:\/\/atecordoba.org\/wp-content\/uploads\/2020\/06\/IMG-20200613-WA0021-768x1024.jpg\" alt=\"\" data-id=\"13259\" data-full-url=\"https:\/\/www.atecordoba.org\/wp-content\/uploads\/2020\/06\/IMG-20200613-WA0021.jpg\" data-link=\"https:\/\/www.atecordoba.org\/archivos\/13255\/img-20200613-wa0021\" \/><\/figure>\r\n<\/li>\r\n<li class=\"blocks-gallery-item\">\r\n<figure><img decoding=\"async\" class=\"wp-image-13260\" src=\"http:\/\/atecordoba.org\/wp-content\/uploads\/2020\/06\/IMG-20200613-WA0022-768x1024.jpg\" alt=\"\" data-id=\"13260\" data-full-url=\"https:\/\/www.atecordoba.org\/wp-content\/uploads\/2020\/06\/IMG-20200613-WA0022.jpg\" data-link=\"https:\/\/www.atecordoba.org\/archivos\/13255\/img-20200613-wa0022\" \/><\/figure>\r\n<\/li>\r\n<li class=\"blocks-gallery-item\">\r\n<figure><img decoding=\"async\" class=\"wp-image-13261\" src=\"http:\/\/atecordoba.org\/wp-content\/uploads\/2020\/06\/IMG-20200613-WA0020-768x1024.jpg\" alt=\"\" data-id=\"13261\" data-full-url=\"https:\/\/www.atecordoba.org\/wp-content\/uploads\/2020\/06\/IMG-20200613-WA0020.jpg\" data-link=\"https:\/\/www.atecordoba.org\/archivos\/13255\/img-20200613-wa0020\" \/><\/figure>\r\n<\/li>\r\n<\/ul>\r\n<\/figure>\r\n","protected":false},"excerpt":{"rendered":"<p>Todo el personal recibir\u00e1 una recomposici\u00f3n fija de 9800 pesos con los haberes de junio, m\u00e1s suplementos para quienes corresponda por traslado y teletrabajo. En una reuni\u00f3n virtual con las autoridades de Dioxitek llevada a cabo el pasado viernes 12 de junio, las representaciones gremiales del sector encabezadas por ATE acordaron una recomposici\u00f3n salarial fija [&hellip;]<\/p>\n","protected":false},"author":3,"featured_media":15765,"comment_status":"open","ping_status":"open","sticky":true,"template":"","format":"standard","meta":{"_exactmetrics_skip_tracking":false,"_exactmetrics_sitenote_active":false,"_exactmetrics_sitenote_note":"","_exactmetrics_sitenote_category":0,"jnews-multi-image_gallery":[],"jnews_single_post":{"subtitle":"","format":"standard","video":"","gallery":"","source_name":"","source_url":"","via_name":"","via_url":"","override_template":"0","override":[{"template":"1","single_blog_custom":"","parallax":"1","fullscreen":"0","layout":"right-sidebar","sidebar":"default-sidebar","second_sidebar":"default-sidebar","sticky_sidebar":"1","share_position":"top","share_float_style":"share-monocrhome","show_share_counter":"1","show_view_counter":"1","show_featured":"1","show_post_meta":"1","show_post_author":"1","show_post_author_image":"1","show_post_date":"1","post_date_format":"default","post_date_format_custom":"Y\/m\/d","show_post_category":"1","show_post_reading_time":"0","post_reading_time_wpm":"300","show_zoom_button":"0","zoom_button_out_step":"2","zoom_button_in_step":"3","show_post_tag":"1","show_prev_next_post":"1","show_popup_post":"1","number_popup_post":"1","show_author_box":"0","show_post_related":"0","show_inline_post_related":"0"}],"override_image_size":"0","image_override":[{"single_post_thumbnail_size":"crop-500","single_post_gallery_size":"crop-500"}],"trending_post":"0","trending_post_position":"meta","trending_post_label":"Trending","sponsored_post":"0","sponsored_post_label":"Sponsored by","sponsored_post_name":"","sponsored_post_url":"","sponsored_post_logo_enable":"0","sponsored_post_logo":"","sponsored_post_desc":""},"jnews_primary_category":{"id":""},"jnews_social_meta":[],"jnews_review":[],"enable_review":"0","type":"percentage","name":"","summary":"","brand":"","sku":"","good":[{"good_text":""}],"bad":[{"bad_text":""}],"score_override":"","override_value":"","rating":[{"rating_text":"","rating_number":"10"}],"price":[{"shop":"","price":"","link":"","icon":""}],"jnews_override_counter":{"override_view_counter":"0","view_counter_number":"0","override_share_counter":"0","share_counter_number":"0","override_like_counter":"0","like_counter_number":"0","override_dislike_counter":"0","dislike_counter_number":"0"},"jnews_post_split":{"enable_post_split":"0","post_split":[{"template":"1","tag":"h2","numbering":"asc","mode":"normal"}]},"footnotes":""},"categories":[135,18],"tags":[],"class_list":["post-20303","post","type-post","status-publish","format-standard","has-post-thumbnail","hentry","category-dioxitek","category-nacionales"],"jetpack_featured_media_url":"https:\/\/atecordoba.org\/wp-content\/uploads\/2020\/05\/dioxitek-2-e1489604877289.jpg","_links":{"self":[{"href":"https:\/\/atecordoba.org\/index.php?rest_route=\/wp\/v2\/posts\/20303","targetHints":{"allow":["GET"]}}],"collection":[{"href":"https:\/\/atecordoba.org\/index.php?rest_route=\/wp\/v2\/posts"}],"about":[{"href":"https:\/\/atecordoba.org\/index.php?rest_route=\/wp\/v2\/types\/post"}],"author":[{"embeddable":true,"href":"https:\/\/atecordoba.org\/index.php?rest_route=\/wp\/v2\/users\/3"}],"replies":[{"embeddable":true,"href":"https:\/\/atecordoba.org\/index.php?rest_route=%2Fwp%2Fv2%2Fcomments&post=20303"}],"version-history":[{"count":2,"href":"https:\/\/atecordoba.org\/index.php?rest_route=\/wp\/v2\/posts\/20303\/revisions"}],"predecessor-version":[{"id":20333,"href":"https:\/\/atecordoba.org\/index.php?rest_route=\/wp\/v2\/posts\/20303\/revisions\/20333"}],"wp:featuredmedia":[{"embeddable":true,"href":"https:\/\/atecordoba.org\/index.php?rest_route=\/wp\/v2\/media\/15765"}],"wp:attachment":[{"href":"https:\/\/atecordoba.org\/index.php?rest_route=%2Fwp%2Fv2%2Fmedia&parent=20303"}],"wp:term":[{"taxonomy":"category","embeddable":true,"href":"https:\/\/atecordoba.org\/index.php?rest_route=%2Fwp%2Fv2%2Fcategories&post=20303"},{"taxonomy":"post_tag","embeddable":true,"href":"https:\/\/atecordoba.org\/index.php?rest_route=%2Fwp%2Fv2%2Ftags&post=20303"}],"curies":[{"name":"wp","href":"https:\/\/api.w.org\/{rel}","templated":true}]}}