{"id":20295,"date":"2020-06-12T17:09:13","date_gmt":"2020-06-12T20:09:13","guid":{"rendered":"https:\/\/www.atecordoba.org\/?p=13241"},"modified":"2020-07-02T12:20:34","modified_gmt":"2020-07-02T15:20:34","slug":"con-alta-participacion-se-realizo-ayer-el-encuentro-virtual-de-periodismo-y-generos-organizado-por-el-cdp","status":"publish","type":"post","link":"https:\/\/atecordoba.org\/?p=20295","title":{"rendered":"Con alta participaci\u00f3n se realiz\u00f3 el encuentro virtual de periodismo y g\u00e9neros organizado por el CDP"},"content":{"rendered":"\n<p><em>La actividad se desarroll\u00f3 en el marco de la semana de eventos, charlas y debates motorizados por la inauguraci\u00f3n de la nueva web de ATE C\u00f3rdoba, presentada formalmente el martes pasado y que estar\u00e1 activa para el p\u00fablico la semana entrante. Expusieron las compa\u00f1eras Claudia V\u00e1squez Haro y Carina Ambrogi para contar sus experiencias en el desarrollo de espacios de comunicaci\u00f3n de g\u00e9neros.<\/em><\/p>\n\n\n\n<div class=\"wp-block-image\"><figure class=\"aligncenter size-large\"><img decoding=\"async\" src=\"http:\/\/atecordoba.org\/wp-content\/uploads\/2020\/06\/image.png\" alt=\"\" class=\"wp-image-13242\"\/><\/figure><\/div>\n\n\n\n<p>La actividad estuvo coordinada por la secretaria de Prensa y Comunicaci\u00f3n del Consejo Directivo Provincial, Julia Giuliani, y cont\u00f3 con la partici\u00f3n de compa\u00f1eras y compa\u00f1eros de toda la provincia, as\u00ed como de San Luis, La Pampa y Misiones. Adem\u00e1s participaron Ivanna Aguilera y Gabriela Alcoba, como parte del Departamento de G\u00e9nero y Diversidades, recientemente formado en el CDP.<\/p>\n\n\n\n<p>Comenzada la actividad, luego que Giuliani hiciera una presentaci\u00f3n introductoria destacando la importancia de estas instancias de debate, reflexi\u00f3n y repensarnos colectivamente, inici\u00f3 su exposici\u00f3n Claudia V\u00e1squez Haro,  primera mujer trans en recibirse de licenciada en comunicaci\u00f3n social de la Universidad Nacional de la Plata, doctora en Comunicaci\u00f3n Social, conductora de radio en AM 1270 y titular de la Agencia de Noticias Sudaka. V\u00e1squez Haro es, adem\u00e1s, presidenta de la organizaci\u00f3n Otrans Argentina y de la Convocatoria Federal Travesti y Trans Argentina.<\/p>\n\n\n\n<div class=\"wp-block-image\"><figure class=\"alignright size-large is-resized\"><img loading=\"lazy\" decoding=\"async\" src=\"http:\/\/atecordoba.org\/wp-content\/uploads\/2020\/06\/image-1.png\" alt=\"\" class=\"wp-image-13243\" width=\"399\" height=\"224\"\/><\/figure><\/div>\n\n\n\n<p>En primer t\u00e9rmino, Claudia<\/p>\n\n\n\n<p><\/p>\n\n\n\n<p><\/p>\n\n\n\n<p> abord\u00f3 &#8220;la participaci\u00f3n de travestis y trans en la comunicaci\u00f3n y cu\u00e1l es el rol de los medios en un contexto muy dif\u00edcil por la cuarentena y lo que significa a nivel global el Covid 19. Todo esto nos presenta el desaf\u00edo de c\u00f3mo producir noticias y tramas, representaciones en diferentes formatos sobre el colectivo LGTTTBI+. Ante las hist\u00f3ricas las demandas postergadas del colectivo de la diversidad sexual, puntualmente de las personas travestis y trans, creemos necesario construir alianzas, tejer redes. La Agencia Sudaka es resultado de procesos donde venimos militando hace muchos a\u00f1os&#8221;. <\/p>\n\n\n\n<p>En tal sentido, V\u00e1squez Haro explic\u00f3 que &#8220;nosotras venimos con una formaci\u00f3n respecto a la comunicaci\u00f3n, pero adem\u00e1s pudimos construir pr\u00e1cticas pol\u00edtico comunicacionales de subsistencia no formales y despu\u00e9s, en todo caso, ir a la universidad y formarnos con teor\u00eda&#8221;.<\/p>\n\n\n\n<p>La compa\u00f1era apunt\u00f3 as\u00ed a &#8220;mirar de d\u00f3nde venimos nosotras para despu\u00e9s hablar de pr\u00e1cticas comunicacionales que est\u00e1n inscriptas en nuestras propias biograf\u00edas, pero tambi\u00e9n en c\u00f3mo construimos alianzas. En ese hacer, nosotras ingresamos a las universidades donde tenemos otros conocimientos y experiencias que tienen que ver con disputar los espacios de formaci\u00f3n acad\u00e9mica y del conocimiento, pero tambi\u00e9n cuestionar conceptos en la l\u00ednea de Buenaventura Sousa, que plantea el epistemicidio: acu\u00f1ar el concepto del transepistemicidio en relaci\u00f3n la reclusa de las voces de los travestis en los espacios de creaci\u00f3n de conocimiento&#8221;.<\/p>\n\n\n\n<p>&#8220;Nosotras venimos de experiencias y pr\u00e1cticas de militancia comunicacionales anteriores a las leyes de identidad de g\u00e9nero y de matrimonio igualitario, de la ley inmigratoria del 2004, la ley de medios donde participamos en la discusi\u00f3n de los 21 puntos. Sin bien las travestis y trans participamos en esas discusiones en momentos donde ven\u00edamos por un lado abordando la problem\u00e1tica de los c\u00f3digos de faltas y edictos policiales, simult\u00e1neamente buscamos espacios de participaci\u00f3n en t\u00e9rminos de incidencia en las pr\u00e1cticas pol\u00edtico-comunicacionales. De esta forma venimos construyendo espacios como Otrans Argentina y la Convocatoria Federal Travesti y Trans Argentina, creada en 2017 durante la gesti\u00f3n de Macri cuando se reconfigura nuestra lucha a partir de las muertes de Luana, Diana y de algunas liderezas que fueron marcando el camino de la lucha del movimiento travesti y trans en Argentina&#8221;, relat\u00f3. <\/p>\n\n\n\n<p>Para V\u00e1squez Haro &#8220;es imposible hacer una lectura si no es en t\u00e9rminos de pr\u00e1cticas pol\u00edtico-comunicacionales. Que empiezan siendo informales pero al mismo tiempo empezamos a producir estas practicas desde la academia, con la academia, desde otros aliados, un sector importante del movimiento de mujeres&#8221;. <\/p>\n\n\n\n<p>Y concluy\u00f3 agregando: &#8220;para hablar de feminismo hay que dejar asentadas las discusiones que planteamos para adentro del movimiento. Y el cuestionamiento hacia un feminismo profundamente radical, las feministas ters, o las feministas que cuestiono porque son feministas de manual. Yo no hablo de espacio feminista sino transfeminista que nos propone no solo hablar de cuerpo y g\u00e9nero sino de alianzas con otres que son necesarios en estos contextos&#8221;.<\/p>\n\n\n\n<div class=\"wp-block-image\"><figure class=\"alignleft size-large is-resized\"><img loading=\"lazy\" decoding=\"async\" src=\"http:\/\/atecordoba.org\/wp-content\/uploads\/2020\/06\/image-3.png\" alt=\"\" class=\"wp-image-13244\" width=\"376\" height=\"211\"\/><\/figure><\/div>\n\n\n\n<p>En el medio tuvo una intervenci\u00f3n Garba, artista cordobesa que aport\u00f3 su mirada desde la militancia y el arte, al tiempo que comparti\u00f3 dos bellas canciones . <\/p>\n\n\n\n<p>&#8220;Soy militante pol\u00edtica, feminista, peronista, y artista -dijo Garba-. Cuando me convocaron a la charla, como primera medida me pareci\u00f3 importante hablar con compa\u00f1eras y compa\u00f1eros de lucha que saben m\u00e1s que yo. Y de esa charla, la compa\u00f1era Celeste me dio una mano para encontrar palabras que tengan sentido para hablar de comunicaci\u00f3n y de g\u00e9neros. Esta bueno pedir ayuda y convidar la palabra, en el di\u00e1logo y el aprendizaje nos vamos encontrando y encontramos las respuestas que como sociedad nos debemos, para poder vivir en la justicia social y no solo a\u00f1orarla, sobre todo en espacios de militancia. El eje del aporte desde d\u00f3nde comunicamos. Las personas que se encuentran en la disidencia, que luchan, son personas, antes de hombre mujer travesti, y hay que apuntar a que nos interese su comunicaci\u00f3n en la variedad de luchas, mas all\u00e1 del g\u00e9nero y de qui\u00e9n seamos. Cuando hablamos de incluir es m\u00e1s abarcativo que sumar a una compa\u00f1era travesti a los espacios de lucha&#8221;.<\/p>\n\n\n\n<p>Posteriormente, fue el turno de Carina Ambrogi periodista del medio de comunicaci\u00f3n con perspectiva de g\u00e9nero La Marea Noticias, que se edita desde R\u00edo Cuarto y fue el primero de su caracter\u00edstica en la provincia.<\/p>\n\n\n\n<p>&#8220;En lo que tiene que ver con&nbsp; la cuesti\u00f3n de g\u00e9nero, comenz\u00f3 Ambrogi, quiero destacar que en el a\u00f1o 95 la Plataforma de Acci\u00f3n Beij\u00edn determin\u00f3 que los medios de comunicaci\u00f3n eran uno de los 12 \u00e1mbitos cr\u00edticos que constitu\u00edan un obst\u00e1culo para poder permitir que las mujeres accedan a una vida plena de derechos humanos y libertades esenciales. Quienes estudiamos comunicaci\u00f3n aprendimos que estamos atravesadas por las cuestiones de g\u00e9nero, porque esto es algo que no se elige sino que te atraviesa y de esa forma se ingresa a la lucha feminista&#8221;.<\/p>\n\n\n\n<p>&#8220;Yo digo que hay un hilo invisible rojo que seguramente traemos desde las injusticias de nuestras ancestras, que nos trae la necesidad de lograr una sociedad de iguales. En Marea Noticias mi compa\u00f1era Romina siempre dice que tenemos la necesidad de cambiarlo todo, nosotras entendemos que es a trav\u00e9s de la construcci\u00f3n de nuevos medios que vamos a ayudar a terminar con estas brechas, que existen pese a que tenemos normas desde hace muchos a\u00f1os que regulan desde el Estado nacional, m\u00e1s en una situaci\u00f3n minada de violencias de todo tipo&#8221;, razon\u00f3 Ambrogi. <\/p>\n\n\n\n<div class=\"wp-block-image\"><figure class=\"alignright size-large is-resized\"><img loading=\"lazy\" decoding=\"async\" src=\"http:\/\/atecordoba.org\/wp-content\/uploads\/2020\/06\/image-2.png\" alt=\"\" class=\"wp-image-13245\" width=\"409\" height=\"230\"\/><\/figure><\/div>\n\n\n\n<p>&#8220;En realidad, agreg\u00f3, si nos tenemos &nbsp;que fijar en las pol\u00edticas que se hacen en C\u00f3rdoba desde el gobierno, todas est\u00e1n dirigidas a proteger a la v\u00edctima. Entonces el Estado  muestra que en cuestiones de g\u00e9nero lo que hace es castigar en el mejor de los casos al victimario o hacer una reparaci\u00f3n de la v\u00edctima, pero no trabaja la cuesti\u00f3n de fondo que es cambiar esa construcci\u00f3n simb\u00f3lica desigual, base de todas estas violencias y desigualdades, que es la violencia simb\u00f3lica&#8221;.<\/p>\n\n\n\n<p>&#8220;Creemos que la manera de cambiar esa violencia es justamente d\u00e1ndole voz a las mujeres y a las identidades diversas. Porque no miramos igual y falta much\u00edsimo para que tengamos posibilidades de hablar&#8221;.<\/p>\n\n\n\n<p>En otro tramo, Ambrogi profundiz\u00f3 en su experiencia en la comunicaci\u00f3n  de g\u00e9neros contando que &#8220;cuando estudi\u00e1bamos comunicaci\u00f3n, habl\u00e1bamos de foco selectivo. Tiene que ver con o que elegimos difundir, con la fuente que elegimos reflejar, con el momento que elegimos utilizar. Hay algunos datos sobre c\u00f3mo estamos representadas las mujeres en los medios que muestran que sigue siendo sumamente escasa nuestra participaci\u00f3n, para producir las noticias pero tambi\u00e9n para protagonista de las noticias. En este sentido tenemos la satisfacci\u00f3n de darle voz a los que generamos medios, para disputar el sentido desde nuestra mirada. Encontramos mujeres para la fuente de noticias en absolutamente todos los campos. Son mujeres invisibilizadas que tienen mucho conocimiento en pol\u00edtica, econom\u00eda, ciencias, ni hablar lo que est\u00e1 pasando en los gremios, y se ve cada vez m\u00e1s fuerte el papel de las mujeres en esos espacios pol\u00edticos y de comunicaci\u00f3n&#8221;. <\/p>\n\n\n\n<p>Y finaliz\u00f3 su exposici\u00f3n afirmando que &#8220;nosotras consideramos que generar medios donde podemos decidir a qui\u00e9n entrevistamos y sobre qu\u00e9 temas nos permiti\u00f3 incidir de manera positiva en la lucha que para nosotros\/as, de acuerdo a nuestra percepci\u00f3n selectiva, es importante. Definitivamente creemos que no hay derecho a la comunicaci\u00f3n si hay voces excluidas o discriminadas, en el sentido que otros ven la realidad por esas personas. Tenemos que tener en cuenta que estamos atravesados por una marea, de ah\u00ed el nombre de nuestro medio, que hace que todo esto se potencie. Construimos el primer medio con perspectiva de g\u00e9nero porque no exist\u00eda. Esto tiene que ver con un colectivo feminista que nos ense\u00f1a que esta lucha se hace en conjunto. Es una lucha desigual donde tenemos que romper con muchas estructuras patriarcales, como en el caso de las y los periodistas estrellas. Tenemos que hacer alianzas que nos fortalezcan para revertirlo&#8221;.<\/p>\n\n\n\n<p>Tras las exposiciones se produjo un rico intercambio de opiniones con participaci\u00f3n de las y los compa\u00f1eros presentes. <\/p>\n\n\n\n<p>La actividad completa est\u00e1 en el siguiente video. <\/p>\n\n\n\n<figure class=\"wp-block-embed-youtube wp-block-embed is-type-video is-provider-youtube wp-embed-aspect-16-9 wp-has-aspect-ratio\"><div class=\"wp-block-embed__wrapper\">\n<div class=\"epyt-video-wrapper\"><iframe loading=\"lazy\"  style=\"display: block; margin: 0px auto;\"  id=\"_ytid_48380\"  width=\"480\" height=\"270\"  data-origwidth=\"480\" data-origheight=\"270\" src=\"https:\/\/www.youtube.com\/embed\/ZZB6Mx0TOd0?enablejsapi=1&#038;autoplay=0&#038;cc_load_policy=0&#038;cc_lang_pref=&#038;iv_load_policy=3&#038;loop=0&#038;rel=0&#038;fs=1&#038;playsinline=0&#038;autohide=2&#038;theme=dark&#038;color=red&#038;controls=1&#038;disablekb=0&#038;\" class=\"__youtube_prefs__  epyt-is-override  no-lazyload\" title=\"YouTube player\"  allow=\"fullscreen; accelerometer; autoplay; clipboard-write; encrypted-media; gyroscope; picture-in-picture; web-share\" referrerpolicy=\"strict-origin-when-cross-origin\" allowfullscreen data-no-lazy=\"1\" data-skipgform_ajax_framebjll=\"\"><\/iframe><\/div>\n<\/div><\/figure>\n","protected":false},"excerpt":{"rendered":"<p>La actividad se desarroll\u00f3 en el marco de la semana de eventos, charlas y debates motorizados por la inauguraci\u00f3n de la nueva web de ATE C\u00f3rdoba, presentada formalmente el martes pasado y que estar\u00e1 activa para el p\u00fablico la semana entrante. Expusieron las compa\u00f1eras Claudia V\u00e1squez Haro y Carina Ambrogi para contar sus experiencias en [&hellip;]<\/p>\n","protected":false},"author":3,"featured_media":13242,"comment_status":"open","ping_status":"open","sticky":true,"template":"","format":"standard","meta":{"_exactmetrics_skip_tracking":false,"_exactmetrics_sitenote_active":false,"_exactmetrics_sitenote_note":"","_exactmetrics_sitenote_category":0,"jnews-multi-image_gallery":[],"jnews_single_post":[],"jnews_primary_category":[],"jnews_social_meta":[],"jnews_review":[],"enable_review":"","type":"","name":"","summary":"","brand":"","sku":"","good":[],"bad":[],"score_override":"","override_value":"","rating":[],"price":[],"jnews_override_counter":[],"jnews_post_split":[],"footnotes":""},"categories":[325],"tags":[],"class_list":["post-20295","post","type-post","status-publish","format-standard","has-post-thumbnail","hentry","category-generos-y-diversidades"],"jetpack_featured_media_url":"https:\/\/atecordoba.org\/wp-content\/uploads\/2020\/05\/8-590x1024.jpg","_links":{"self":[{"href":"https:\/\/atecordoba.org\/index.php?rest_route=\/wp\/v2\/posts\/20295","targetHints":{"allow":["GET"]}}],"collection":[{"href":"https:\/\/atecordoba.org\/index.php?rest_route=\/wp\/v2\/posts"}],"about":[{"href":"https:\/\/atecordoba.org\/index.php?rest_route=\/wp\/v2\/types\/post"}],"author":[{"embeddable":true,"href":"https:\/\/atecordoba.org\/index.php?rest_route=\/wp\/v2\/users\/3"}],"replies":[{"embeddable":true,"href":"https:\/\/atecordoba.org\/index.php?rest_route=%2Fwp%2Fv2%2Fcomments&post=20295"}],"version-history":[{"count":1,"href":"https:\/\/atecordoba.org\/index.php?rest_route=\/wp\/v2\/posts\/20295\/revisions"}],"predecessor-version":[{"id":20571,"href":"https:\/\/atecordoba.org\/index.php?rest_route=\/wp\/v2\/posts\/20295\/revisions\/20571"}],"wp:featuredmedia":[{"embeddable":true,"href":"https:\/\/atecordoba.org\/index.php?rest_route=\/wp\/v2\/media\/13242"}],"wp:attachment":[{"href":"https:\/\/atecordoba.org\/index.php?rest_route=%2Fwp%2Fv2%2Fmedia&parent=20295"}],"wp:term":[{"taxonomy":"category","embeddable":true,"href":"https:\/\/atecordoba.org\/index.php?rest_route=%2Fwp%2Fv2%2Fcategories&post=20295"},{"taxonomy":"post_tag","embeddable":true,"href":"https:\/\/atecordoba.org\/index.php?rest_route=%2Fwp%2Fv2%2Ftags&post=20295"}],"curies":[{"name":"wp","href":"https:\/\/api.w.org\/{rel}","templated":true}]}}