{"id":2029,"date":"2012-12-07T16:37:47","date_gmt":"2012-12-07T19:37:47","guid":{"rendered":"http:\/\/www.atecordoba.org\/?p=2029"},"modified":"2012-12-07T16:37:47","modified_gmt":"2012-12-07T19:37:47","slug":"capacitacion-para-delegados-de-desarrollo-social-de-la-nacion","status":"publish","type":"post","link":"https:\/\/atecordoba.org\/?p=2029","title":{"rendered":"Capacitaci\u00f3n para trabajadores de Desarrollo Social de la Naci\u00f3n"},"content":{"rendered":"<p><em>La actividad se llevo a cabo en nuestra sede gremial el pasado \u00a03 de diciembre, con la presencia de m\u00e1s de 30 compa\u00f1eros de la Secretaria Nacional de Ni\u00f1ez, Adolescencia y Familia, Centro de Referencia y de Comisi\u00f3n Nacional de Pensiones.<\/em><\/p>\n<p style=\"text-align: center;\"><a href=\"http:\/\/www.atecordoba.org\/wp-content\/uploads\/2012\/12\/IMG_3468.jpg\"><img loading=\"lazy\" decoding=\"async\" class=\"aligncenter  wp-image-2030\" title=\"IMG_3468\" src=\"http:\/\/www.atecordoba.org\/wp-content\/uploads\/2012\/12\/IMG_3468-1024x768.jpg\" alt=\"\" width=\"819\" height=\"614\" \/><\/a><\/p>\n<p>El cuerpo de delegados del Ministerio de Desarrollo Social de la Naci\u00f3n en C\u00f3rdoba\u00a0 realiz\u00f3 la segunda jornada de capacitaci\u00f3n para todos los trabajadores del sector.La\u00a0 apertura de la jornada estuvo a cargo de nuestra Secretaria General, \u00a0Mar\u00eda Teresa Romero, que tras dar la bienvenida a los compa\u00f1eros recalc\u00f3 la importancia de estos encuentros para informar y capacitar a los trabajadores en tem\u00e1ticas tan sensibles para la clase trabajadora como el Impuesto a las Ganancias y la Ley de Riesgo de Trabajo.<strong> <\/strong>Tambi\u00e9n estuvo presente el pro-Secretario Gremial, Diego Guerra, \u00a0junto a otros miembros del Secretariado del Consejo Directivo C\u00f3rdoba.<\/p>\n<p>La contadora \u00a0Mara Ciacci expuso sobre el Impuesto a las Ganancias y nuestro asesor letrado, Eugenio Biafore, \u00a0present\u00f3 la Ley de Riesgo de Trabajo.<\/p>\n<p>Los delegados del Sector agradecieron la presencia\u00a0 y la participaci\u00f3n de todos los trabajadores y redoblaron\u00a0 el compromiso para el pr\u00f3ximo a\u00f1o a continuar con estos encuentros de capacitaci\u00f3n para que \u00a0los trabajadores puedan ejercer los derechos.<\/p>\n<p><strong>Nuevos delegados<\/strong><\/p>\n<p>Ese mismo lunes se realizaron las elecciones para la elecci\u00f3n de delegados en la delegaci\u00f3n C\u00f3rdoba del Ministerio de Desarrollo Social de la Naci\u00f3n. La jornada electoral se desarroll\u00f3 \u00a0con la participaci\u00f3n activa de los trabajadores y resultaron \u00a0fueron elegidos \u00a0los compa\u00f1eros Mar\u00eda Spaventa y Ricardo Reyna \u00a0para el periodo 2012-2014.<\/p>\n","protected":false},"excerpt":{"rendered":"<p>La actividad se llevo a cabo en nuestra sede gremial el pasado \u00a03 de diciembre, con la presencia de m\u00e1s de 30 compa\u00f1eros de la Secretaria Nacional de Ni\u00f1ez, Adolescencia y Familia, Centro de Referencia y de Comisi\u00f3n Nacional de Pensiones. El cuerpo de delegados del Ministerio de Desarrollo Social de la Naci\u00f3n en C\u00f3rdoba\u00a0 [&hellip;]<\/p>\n","protected":false},"author":1,"featured_media":19220,"comment_status":"open","ping_status":"open","sticky":false,"template":"","format":"standard","meta":{"_exactmetrics_skip_tracking":false,"_exactmetrics_sitenote_active":false,"_exactmetrics_sitenote_note":"","_exactmetrics_sitenote_category":0,"jnews-multi-image_gallery":[],"jnews_single_post":[],"jnews_primary_category":[],"jnews_social_meta":[],"jnews_review":[],"enable_review":"","type":"","name":"","summary":"","brand":"","sku":"","good":[],"bad":[],"score_override":"","override_value":"","rating":[],"price":[],"jnews_override_counter":[],"jnews_post_split":[],"footnotes":""},"categories":[18],"tags":[],"class_list":["post-2029","post","type-post","status-publish","format-standard","has-post-thumbnail","hentry","category-nacionales"],"jetpack_featured_media_url":"https:\/\/atecordoba.org\/wp-content\/uploads\/2020\/05\/logo-nuevochico-e1561581322808.png","_links":{"self":[{"href":"https:\/\/atecordoba.org\/index.php?rest_route=\/wp\/v2\/posts\/2029","targetHints":{"allow":["GET"]}}],"collection":[{"href":"https:\/\/atecordoba.org\/index.php?rest_route=\/wp\/v2\/posts"}],"about":[{"href":"https:\/\/atecordoba.org\/index.php?rest_route=\/wp\/v2\/types\/post"}],"author":[{"embeddable":true,"href":"https:\/\/atecordoba.org\/index.php?rest_route=\/wp\/v2\/users\/1"}],"replies":[{"embeddable":true,"href":"https:\/\/atecordoba.org\/index.php?rest_route=%2Fwp%2Fv2%2Fcomments&post=2029"}],"version-history":[{"count":0,"href":"https:\/\/atecordoba.org\/index.php?rest_route=\/wp\/v2\/posts\/2029\/revisions"}],"wp:featuredmedia":[{"embeddable":true,"href":"https:\/\/atecordoba.org\/index.php?rest_route=\/wp\/v2\/media\/19220"}],"wp:attachment":[{"href":"https:\/\/atecordoba.org\/index.php?rest_route=%2Fwp%2Fv2%2Fmedia&parent=2029"}],"wp:term":[{"taxonomy":"category","embeddable":true,"href":"https:\/\/atecordoba.org\/index.php?rest_route=%2Fwp%2Fv2%2Fcategories&post=2029"},{"taxonomy":"post_tag","embeddable":true,"href":"https:\/\/atecordoba.org\/index.php?rest_route=%2Fwp%2Fv2%2Ftags&post=2029"}],"curies":[{"name":"wp","href":"https:\/\/api.w.org\/{rel}","templated":true}]}}