{"id":20289,"date":"2020-06-11T10:57:02","date_gmt":"2020-06-11T13:57:02","guid":{"rendered":"https:\/\/www.atecordoba.org\/?p=13235"},"modified":"2020-07-02T12:20:54","modified_gmt":"2020-07-02T15:20:54","slug":"ate-se-solidariza-con-trabajadoras-unidas-por-la-tierra-y-reclama-que-les-restituyan-los-programas-sociales","status":"publish","type":"post","link":"https:\/\/atecordoba.org\/?p=20289","title":{"rendered":"ATE se solidariza con Trabajadoras Unidas por la Tierra y reclama que les restituyan los programas sociales"},"content":{"rendered":"\n<p><em>Se trata de compa\u00f1eras que son cabeza de familia que recib\u00edan escasos 4500 pesos. \u00a0<\/em><\/p>\n\n\n\n<figure class=\"wp-block-image size-large\"><img decoding=\"async\" src=\"http:\/\/atecordoba.org\/wp-content\/uploads\/2020\/06\/trabajadoras-tierra.jpg\" alt=\"\" class=\"wp-image-13236\"\/><\/figure>\n\n\n\n<p>El Consejo Directivo Provincial de ATE C\u00f3rdoba quiere expresar su solidaridad con las Trabajadoras Unidas por la Tierra, abandonadas a su suerte por el gobierno de C\u00f3rdoba tras dar de baja programas de apoyo financiero en plena pandemia, que significaban buena parte de sus ingresos.<\/p>\n\n\n\n<p>En consecuencia exigimos que se restituyan las ayudas econ\u00f3micas a estas familias.<\/p>\n\n\n\n<p>A continuaci\u00f3n en comunicado completo de la organizaci\u00f3n social: &nbsp;<\/p>\n\n\n\n<p>\u201cA nuestros vecinos y vecinas:<br>Somos Trabajadoras Unidas por la Tierra. Hace alg\u00fan tiempo comenzamos a juntarnos y organizarnos para producir alimentos sanos para nuestras familias, y con las ganas de hacer crecer nuestras huertas, gallineros y dem\u00e1s espacios de producci\u00f3n, para que los frutos de nuestro trabajo lleguen a todas las mesas de nuestras comunidades. Y, sobretodo, a las familias que m\u00e1s lo necesitan en nuestros pueblos y en las ciudades.<br>Fuimos aprendiendo que el alimento es nutrici\u00f3n, que nos permite crecer y desarrollarnos con buena salud. Y de a poco fuimos decidiendo que no queremos que nuestros\/as hijos\/as coman verduras envenenadas con agroqu\u00edmicos o pollos llenos de hormonas\u2026 queremos que nuestros\/as hijos\/as se ALIMENTEN, que crezcan sanos\/as, que sean felices. Tambi\u00e9n nosotras queremos estar sanas y sentirnos bien.<br>Juntas fuimos entendiendo que muchas de las tareas que realizamos todos los d\u00edas dentro de nuestras casas (limpiar, cocinar, cuidar a los\/as ni\u00f1os\/as y a los\/as ancianos\/as, etc.) son TRABAJO\u2026 un trabajo que muchas veces no es reconocido ni valorado, pero que es fundamental para el CUIDADO DE LA VIDA de todos\/as. Y que sin ese trabajo, ninguna otra forma de trabajo ser\u00eda posible, porque las tareas de cuidado son las primeras, las que nos sostienen y nos permiten vivir cada nuevo d\u00eda.<br>Y entonces crecimos\u2026 y nos nombramos como TRABAJADORAS tambi\u00e9n porque elegimos juntarnos con otras\/os, organizarnos comunitariamente, producir juntas\/os, so\u00f1ar con que podemos construir una sociedad m\u00e1s justa, m\u00e1s equitativa, m\u00e1s libre. Nos convencimos de que podemos generar un ingreso propio y tener autonom\u00eda econ\u00f3mica, sin depender de otros.<br>En el camino encontramos algunas dificultades, pero sobre todo nos encontramos con muchas otras trabajadoras y trabajadores con quienes pudimos caminar juntos\/as nuevas soluciones. Y nos reconocimos como TRABAJADORAS DE LA ECONOM\u00cdA POPULAR, porque el mercado de trabajo no tiene respuestas para nosotras, no nos incluye. Y debimos tomar en nuestras manos nuestro futuro y el de nuestras familias, tuvimos que inventar nuestros trabajos y nuestros proyectos, salir a golpear puertas para conseguir apoyo y acompa\u00f1amiento. Sabemos que a\u00fan nos queda mucho por andar\u2026 pero ESTAMOS ORGULLOSAS DE LO QUE HEMOS LOGRADO Y LO QUE HEMOS CRECIDO JUNTAS.<br>Hoy les estamos escribiendo esta carta porque estamos atravesando una situaci\u00f3n muy dif\u00edcil: hace m\u00e1s de un mes (el 15 de abril), en plena cuarentena y en medio de una crisis sanitaria, social y econ\u00f3mica muy profunda, el gobierno de la provincia de C\u00f3rdoba decidi\u00f3 arbitrariamente suspender el Programa Xm\u00ed y otros programas (PPP, Pila, etc.) que dependen del Ministerio de Promoci\u00f3n del Empleo y Econom\u00eda Familiar. Esa suspensi\u00f3n va en contra de un decreto presidencial que prohib\u00eda expl\u00edcitamente que en este tiempo haya despidos y suspensiones de trabajadores\/as, porque eso implica dejar a\u00fan m\u00e1s desamparadas a las familias trabajadoras. La decisi\u00f3n afect\u00f3 a miles de familias de nuestra provincia, en nuestro caso concreto hay 26 compa\u00f1eras que viven en Despe\u00f1aderos y San Agust\u00edn, que son sost\u00e9n de sus hogares y que se quedaron sin ese ingreso de $4500 mensuales, que serv\u00eda para cubrir necesidades muy b\u00e1sicas de sus familias.<br>El pasado 3 de Junio, d\u00eda de lucha contra todas las formas de violencia hacia las mujeres, nosotras salimos a denunciar esto como una forma de violencia, porque entendemos que atenta directamente contra nuestros derechos, y porque estamos viviendo una situaci\u00f3n muy angustiante. Necesitamos una respuesta justa y solidaria de parte del gobierno, pero esa respuesta a\u00fan no llega. Por eso, mediante esta carta, queremos pedirle a toda la comunidad de Despe\u00f1aderos, San Agust\u00edn, Monte Ralo, Los Molinos, Villa San Isidro, Jos\u00e9 de la Quintana, su APOYO, SORORIDAD y SOLIDARIDAD para con nuestro reclamo. Para nosotras es muy importante que los gobernantes NOS VEAN y NOS ESCUCHEN, y su acompa\u00f1amiento puede ayudarnos a que eso suceda. Por eso les pedimos que suban a las redes sociales, a sus estados de Facebook y de WhatsApp la imagen que les compartimos junto con esta carta.<br>Cualquier otro aporte, sugerencia, idea, tambi\u00e9n va a ser bien recibida. Sabemos que somos muchas\/os las\/os que estamos viviendo momentos dif\u00edciles, y estamos convencidas de que el camino es la solidaridad, la unidad, la organizaci\u00f3n. Desde ya, todos\/as los\/as trabajadores\/as pueden encontrar ac\u00e1 a un grupo de compa\u00f1eras.<br>\u00a1Gracias por leernos!<br>Por la dignidad, por nosotras&#8230;\u201d<\/p>\n","protected":false},"excerpt":{"rendered":"<p>Se trata de compa\u00f1eras que son cabeza de familia que recib\u00edan escasos 4500 pesos. \u00a0 El Consejo Directivo Provincial de ATE C\u00f3rdoba quiere expresar su solidaridad con las Trabajadoras Unidas por la Tierra, abandonadas a su suerte por el gobierno de C\u00f3rdoba tras dar de baja programas de apoyo financiero en plena pandemia, que significaban [&hellip;]<\/p>\n","protected":false},"author":3,"featured_media":13236,"comment_status":"open","ping_status":"open","sticky":true,"template":"","format":"standard","meta":{"_exactmetrics_skip_tracking":false,"_exactmetrics_sitenote_active":false,"_exactmetrics_sitenote_note":"","_exactmetrics_sitenote_category":0,"jnews-multi-image_gallery":[],"jnews_single_post":[],"jnews_primary_category":[],"jnews_social_meta":[],"jnews_review":[],"enable_review":"","type":"","name":"","summary":"","brand":"","sku":"","good":[],"bad":[],"score_override":"","override_value":"","rating":[],"price":[],"jnews_override_counter":[],"jnews_post_split":[],"footnotes":""},"categories":[10,325],"tags":[],"class_list":["post-20289","post","type-post","status-publish","format-standard","has-post-thumbnail","hentry","category-accion-politica","category-generos-y-diversidades"],"jetpack_featured_media_url":"https:\/\/atecordoba.org\/wp-content\/uploads\/2020\/05\/4-1-1024x768.jpg","_links":{"self":[{"href":"https:\/\/atecordoba.org\/index.php?rest_route=\/wp\/v2\/posts\/20289","targetHints":{"allow":["GET"]}}],"collection":[{"href":"https:\/\/atecordoba.org\/index.php?rest_route=\/wp\/v2\/posts"}],"about":[{"href":"https:\/\/atecordoba.org\/index.php?rest_route=\/wp\/v2\/types\/post"}],"author":[{"embeddable":true,"href":"https:\/\/atecordoba.org\/index.php?rest_route=\/wp\/v2\/users\/3"}],"replies":[{"embeddable":true,"href":"https:\/\/atecordoba.org\/index.php?rest_route=%2Fwp%2Fv2%2Fcomments&post=20289"}],"version-history":[{"count":1,"href":"https:\/\/atecordoba.org\/index.php?rest_route=\/wp\/v2\/posts\/20289\/revisions"}],"predecessor-version":[{"id":20573,"href":"https:\/\/atecordoba.org\/index.php?rest_route=\/wp\/v2\/posts\/20289\/revisions\/20573"}],"wp:featuredmedia":[{"embeddable":true,"href":"https:\/\/atecordoba.org\/index.php?rest_route=\/wp\/v2\/media\/13236"}],"wp:attachment":[{"href":"https:\/\/atecordoba.org\/index.php?rest_route=%2Fwp%2Fv2%2Fmedia&parent=20289"}],"wp:term":[{"taxonomy":"category","embeddable":true,"href":"https:\/\/atecordoba.org\/index.php?rest_route=%2Fwp%2Fv2%2Fcategories&post=20289"},{"taxonomy":"post_tag","embeddable":true,"href":"https:\/\/atecordoba.org\/index.php?rest_route=%2Fwp%2Fv2%2Ftags&post=20289"}],"curies":[{"name":"wp","href":"https:\/\/api.w.org\/{rel}","templated":true}]}}