{"id":20287,"date":"2020-06-10T19:13:10","date_gmt":"2020-06-10T22:13:10","guid":{"rendered":"https:\/\/www.atecordoba.org\/?p=13227"},"modified":"2020-06-10T19:13:10","modified_gmt":"2020-06-10T22:13:10","slug":"el-periodismo-en-tiempos-de-pandemia-eje-de-debate-en-la-semana-del-y-la-periodista","status":"publish","type":"post","link":"https:\/\/atecordoba.org\/?p=20287","title":{"rendered":"El periodismo en tiempos de pandemia. Eje de debate en la semana del y la periodista"},"content":{"rendered":"\n<p><em>Este mi\u00e9rcoles 10 de junio, d\u00eda de la soberan\u00eda sobre nuestras Malvinas y el atl\u00e1ntico sur, se realiz\u00f3 de manera virtual la charla Periodismo en tiempos de pandemia v\u00eda zoom y por Facebook Live.<\/em><\/p>\n\n\n\n<figure class=\"wp-block-embed-youtube wp-block-embed is-type-video is-provider-youtube wp-embed-aspect-16-9 wp-has-aspect-ratio\"><div class=\"wp-block-embed__wrapper\">\n<div class=\"epyt-video-wrapper\"><iframe loading=\"lazy\"  style=\"display: block; margin: 0px auto;\"  id=\"_ytid_51903\"  width=\"480\" height=\"270\"  data-origwidth=\"480\" data-origheight=\"270\" src=\"https:\/\/www.youtube.com\/embed\/1hkJq2pkX9Y?enablejsapi=1&#038;autoplay=0&#038;cc_load_policy=0&#038;cc_lang_pref=&#038;iv_load_policy=3&#038;loop=0&#038;rel=0&#038;fs=1&#038;playsinline=0&#038;autohide=2&#038;theme=dark&#038;color=red&#038;controls=1&#038;disablekb=0&#038;\" class=\"__youtube_prefs__  epyt-is-override  no-lazyload\" title=\"YouTube player\"  allow=\"fullscreen; accelerometer; autoplay; clipboard-write; encrypted-media; gyroscope; picture-in-picture; web-share\" referrerpolicy=\"strict-origin-when-cross-origin\" allowfullscreen data-no-lazy=\"1\" data-skipgform_ajax_framebjll=\"\"><\/iframe><\/div>\n<\/div><figcaption>Reviv\u00ed la charla aqu\u00ed<\/figcaption><\/figure>\n\n\n\n<p>Viviana Cornaglia periodista del programa EntreVistas que se emite por Canal C de C\u00f3rdoba, Juan Leyes periodista de la secci\u00f3n pol\u00edtica de La Voz del Interior y Maximiliano Taibi, productor y coordinador general de El Resaltador, fueron parte del panel para debatir en el marco del d\u00eda de la y el periodista.<\/p>\n\n\n\n<p>Con la excusa de esta fecha conmemorativa y el lanzamiento del nuevo sitio web de ATE C\u00f3rdoba, esta semana la Asociaci\u00f3n de Trabajadores del Estado lleva adelante una serie de actividades en donde se convoca a repensar el rol de los medios y la comunicaci\u00f3n. En tiempos de pandemia el papel de la prensa y el periodismo est\u00e1n continuamente en el ojo de la tormenta, con diferentes tonalidades la y los expositores coincidieron con que es una etapa singular y extraordinaria donde, adem\u00e1s, el uso de redes y la cantidad de informaci\u00f3n que circula permite a la comunidad optar entre las distintas ofertas informativas. Pero es cierto que es necesario apelar a la responsabilidad que deben asumir quienes informan, ya que en algunos casos se utiliza la pandemia para desinformar y para tener gestos pol\u00edticos que van en desmedro de las y los trabajadores, como fue el caso de la reforma previsional que Juan Schiaretti hizo tratar entre gallos y medianoche, desprestigiando a las instituciones democr\u00e1ticas de la provincia.<\/p>\n\n\n\n<p>Viviana Cornaglia destac\u00f3 la importancia de ir a las fuentes y de hablar con quienes saben y conocen; mientras que Maximiliano Taibi destac\u00f3 que el rol de los medios debe ser informar con responsabilidad y no tener siempre la necesidad de la primicia, ya que hay muchas fake news y con el aislamiento mucha gente est\u00e1 sensibilizada en su casa en espera de informaci\u00f3n.<\/p>\n\n\n\n<p>Por su parte Juan Leyes, quien fue repatriado desde Per\u00fa cuando comenz\u00f3 la pandemia, destac\u00f3 que \u201calgunos periodistas se han subido al tren de criticar por criticar, subi\u00e9ndose a una ola de ser opositor por serlo, y debemos utilizar como fuentes a las y los expertos\u201d.<\/p>\n\n\n\n<p>La y los periodistas coincidieron en la irresponsabilidad del gobierno en tomar algunas medidas que fueron contra las y los trabajadores, ya que era obvio que esto causar\u00eda reacciones de los sindicatos que han debido readecuar sus m\u00e9todos de protesta.<\/p>\n\n\n\n<p>Tras la apertura a los aportes de las y los presentes, qued\u00f3 abierta una instancia y un espacio de interacci\u00f3n donde de vuelta el gremialismo vuelve a estar en agenda.<\/p>\n\n\n\n<p>\u201cDar informaci\u00f3n de calidad nos renueva a tener un compromiso directo de a quien le estamos escribiendo\u201d, fue la reflexi\u00f3n final de Juan Leyes.<\/p>\n\n\n\n<p>A su vez Juan Carlos \u201cPip\u00f3n\u201d Giuliani, periodista durante muchos a\u00f1os de Diario Puntal de R\u00edo Cuarto y participante de la teleconferencia remarc\u00f3 la importancia de escribir para todos y todas \u201ccomo si fuera la primera vez que nos leen, nos ven y nos escuchan\u201d. A rengl\u00f3n seguido Maximiliano Chappezzone del medio El Meg\u00e1fono de R\u00edo Cuarto destac\u00f3: \u201c el derecho a la informaci\u00f3n y acceso a la informaci\u00f3n es fundamental, pero no lo habr\u00e1 si la variable de ajuste son las y los trabajadores. La pandemia demostr\u00f3 el estado de precariedad de las y los trabajadores de la comunicaci\u00f3n y el periodismo\u201d.<\/p>\n\n\n\n<p>Tras esta enriquecedora instancia, qued\u00f3 hecha la invitaci\u00f3n a la charla de este jueves sobre periodismo y g\u00e9neros.<\/p>\n","protected":false},"excerpt":{"rendered":"<p>Este mi\u00e9rcoles 10 de junio, d\u00eda de la soberan\u00eda sobre nuestras Malvinas y el atl\u00e1ntico sur, se realiz\u00f3 de manera virtual la charla Periodismo en tiempos de pandemia v\u00eda zoom y por Facebook Live. Viviana Cornaglia periodista del programa EntreVistas que se emite por Canal C de C\u00f3rdoba, Juan Leyes periodista de la secci\u00f3n pol\u00edtica [&hellip;]<\/p>\n","protected":false},"author":3,"featured_media":13231,"comment_status":"open","ping_status":"open","sticky":true,"template":"","format":"standard","meta":{"_exactmetrics_skip_tracking":false,"_exactmetrics_sitenote_active":false,"_exactmetrics_sitenote_note":"","_exactmetrics_sitenote_category":0,"jnews-multi-image_gallery":[],"jnews_single_post":[],"jnews_primary_category":[],"jnews_social_meta":[],"jnews_review":[],"enable_review":"","type":"","name":"","summary":"","brand":"","sku":"","good":[],"bad":[],"score_override":"","override_value":"","rating":[],"price":[],"jnews_override_counter":[],"jnews_post_split":[],"footnotes":""},"categories":[1],"tags":[],"class_list":["post-20287","post","type-post","status-publish","format-standard","has-post-thumbnail","hentry","category-sin-categoria"],"jetpack_featured_media_url":"https:\/\/atecordoba.org\/wp-content\/uploads\/2020\/05\/Malbran_1_1586279680-1024x683.jpg","_links":{"self":[{"href":"https:\/\/atecordoba.org\/index.php?rest_route=\/wp\/v2\/posts\/20287","targetHints":{"allow":["GET"]}}],"collection":[{"href":"https:\/\/atecordoba.org\/index.php?rest_route=\/wp\/v2\/posts"}],"about":[{"href":"https:\/\/atecordoba.org\/index.php?rest_route=\/wp\/v2\/types\/post"}],"author":[{"embeddable":true,"href":"https:\/\/atecordoba.org\/index.php?rest_route=\/wp\/v2\/users\/3"}],"replies":[{"embeddable":true,"href":"https:\/\/atecordoba.org\/index.php?rest_route=%2Fwp%2Fv2%2Fcomments&post=20287"}],"version-history":[{"count":0,"href":"https:\/\/atecordoba.org\/index.php?rest_route=\/wp\/v2\/posts\/20287\/revisions"}],"wp:featuredmedia":[{"embeddable":true,"href":"https:\/\/atecordoba.org\/index.php?rest_route=\/wp\/v2\/media\/13231"}],"wp:attachment":[{"href":"https:\/\/atecordoba.org\/index.php?rest_route=%2Fwp%2Fv2%2Fmedia&parent=20287"}],"wp:term":[{"taxonomy":"category","embeddable":true,"href":"https:\/\/atecordoba.org\/index.php?rest_route=%2Fwp%2Fv2%2Fcategories&post=20287"},{"taxonomy":"post_tag","embeddable":true,"href":"https:\/\/atecordoba.org\/index.php?rest_route=%2Fwp%2Fv2%2Ftags&post=20287"}],"curies":[{"name":"wp","href":"https:\/\/api.w.org\/{rel}","templated":true}]}}