{"id":20286,"date":"2020-06-10T12:01:21","date_gmt":"2020-06-10T15:01:21","guid":{"rendered":"https:\/\/www.atecordoba.org\/?p=13219"},"modified":"2020-07-24T08:59:27","modified_gmt":"2020-07-24T11:59:27","slug":"lanzamiento-de-la-nueva-pagina-web-de-ate-cordoba","status":"publish","type":"post","link":"https:\/\/atecordoba.org\/?p=20286","title":{"rendered":"ATE C\u00f3rdoba present\u00f3 su nueva p\u00e1gina Web"},"content":{"rendered":"\r\n<p>&nbsp;<\/p>\r\n\r\n\r\n\r\n<figure class=\"wp-block-image size-large\"><img decoding=\"async\" class=\"wp-image-13221\" src=\"http:\/\/atecordoba.org\/wp-content\/uploads\/2020\/06\/Cronica-lanzamiento-web-1024x576.jpg\" alt=\"\" \/>\r\n<figcaption>Para ver el video, siga el enlace a continuaci\u00f3n <a href=\"https:\/\/youtu.be\/L5D77NDutZM\" target=\"_blank\" rel=\"noreferrer noopener\">https:\/\/youtu.be\/L5D77NDutZM<\/a><\/figcaption>\r\n<\/figure>\r\n\r\n\r\n\r\n<p>Con la presencia del Secretario General y Adjunto de ATE Nacional, Hugo Cachorro Godoy y Rodolfo Aguiar -respectivamente-, el Presidente de la Confederaci\u00f3n Latinoamericana y del Caribe de Trabajadorxs Estatales (Clate), Julio Fuentes, de Esterea Gonzalez, Secretaria de Finanzas del Consejo Directivo Nacional, Federico Chechele y Mirta Matheos miembros de la conducci\u00f3n m\u00e1xima de ATE Argentina y el Abogado de ATE Nacional, Dr. Matias Cremonte, de Ram\u00f3n Chanqueo de la Central Unitaria de Trabajadores (CUT) de Chile, de referentes y referentas\u00a0de Entre R\u00edos, Buenos Aires, R\u00edo Negro, San Luis, La Pampa,\u00a0entre otros y otras, &#8220;ponemos a disposici\u00f3n de la clase trabajadora de nuestra querida provincia en su conjunto , una herramienta de difusi\u00f3n, debate, formaci\u00f3n y producci\u00f3n de contenidos&#8221;, expres\u00f3 el Secretario General del Consejo Directivo Provincial (CDP) de ATE C\u00f3rdoba, Federico Giuliani, en sus redes. De la instancia, participaron tambi\u00e9n dirigentes de ATE de las Seccionales de Cruz del Eje, R\u00edo Tercero, Adelia Mar\u00eda, R\u00edo Cuarto, San Francisco y C\u00f3rdoba Capital, aparte de compa\u00f1eros y compa\u00f1eras de la CTA Aut\u00f3noma de toda la provincia. &#8220;Felicitaciones al equipo de prensa y la Secretar\u00eda de Comunicaci\u00f3n del CDP&#8221;, manifest\u00f3 el Secretario General\u200b quien aprovech\u00f3 la instancia, adem\u00e1s, para comunicar la reincorporaci\u00f3n de Claudio Beccacesi\u00a0-trabajador despedido por el macrismo- a la delegaci\u00f3n cordobesa de la CNRT\u200b: &#8220;es una alegr\u00eda porque es una familia que vuelve a vertebrarse aunque seguimos insistiendo en que cada despido que produjo el gobierno anterior es un pedacito de Estado que perdimos y por todo eso que nos falta es que seguiremos luchando hasta el final&#8221;, remarc\u00f3.<\/p>\r\n\r\n\r\n\r\n<p>\u200bLa Secretaria de Prensa y Comunicaci\u00f3n del CDP, Julia Giuliani,\u200b por su parte,\u200b expres\u00f3 que el de la nueva web &#8220;es un paso m\u00e1s en la concreci\u00f3n del derecho a la comunicaci\u00f3n&#8221;. &#8220;Somos las organizaciones populares quienes debemos desarrollar nuestras propias herramientas para dar la batalla por el sentido, por la construcci\u00f3n de esa Patria Justa, Libre y Soberana donde nadie sea lobo de nadie, como nos ense\u00f1aron las y los luchadores sociales que preceden nuestros pasos&#8221;,\u00a0 remarc\u00f3 la Secretaria de Prensa. La referenta dijo, adem\u00e1s, que &#8220;ATE pretende estar a la vanguardia en la innovaci\u00f3n, en la construcci\u00f3n de informaci\u00f3n, en la estructuraci\u00f3n de redes para fortalecer nuestras luchas como Pueblo y a ello apuntamos cuando decidimos dar esta nueva programaci\u00f3n al sitio web para que permita mayores funcionalidades a la hora de visualizaci\u00f3n, de compartir, de interactuar en m\u00faltiples plataformas y desde distintos dispositivos&#8221;, remarc\u00f3. La Secretaria de Prensa, adem\u00e1s, agradeci\u00f3 la presencia de compa\u00f1eras y compa\u00f1eros de todo el pa\u00eds, entre ellas la cantora Garba quien, al inicio y cierre del encuentro regal\u00f3 a la asistencia canciones y lecturas populares que invitaron al pensamiento y a la acci\u00f3n de lucha.<\/p>\r\n\r\n\r\n\r\n<figure class=\"wp-block-image size-large\"><img decoding=\"async\" class=\"wp-image-13189\" src=\"http:\/\/atecordoba.org\/wp-content\/uploads\/2020\/06\/flyer-web-nueva-2.jpg\" alt=\"\" \/><\/figure>\r\n\r\n\r\n\r\n<p>Otro de los oradores principales de la instancia fue Hugo &#8220;Cachorro&#8221; Godoy, quien, felicit\u00f3 la iniciativa y dijo que &#8220;no es posible pensar en la transformaci\u00f3n del Estado y de la sociedad en un sentido liberador si no es con la unidad de todo el campo popular, con un programa, organizado en cada metro cuadrado de nuestra patria, y estas herramientas inform\u00e1ticas, junto con todo el conjunto de las seccionales de ATE, de CTA Aut\u00f3noma sirven a la construcci\u00f3n de ese proyecto, a la difusi\u00f3n del mismo&#8221;. Tras ello, Godoy remarc\u00f3 la decisi\u00f3n del Gobierno Nacional de la estatizaci\u00f3n de la empresa Vicent\u00edn &#8220;decisi\u00f3n clave para intervenir en el mercado de comercializaci\u00f3n de granos&#8221; y ponder\u00f3 que &#8220;hay lugar para iniciativas, para planteos de fondo como estos. De hecho, desde que arrib\u00f3 al directorio del Banco Naci\u00f3n, nuestro compa\u00f1ero Claudio Lozano fue uno de los principales impulsores de esta iniciativa ya que a entidad bancaria nacional fue de las principales damnificadas ante el saqueo de esa empresa. Saludamos la decisi\u00f3n porque fuimos parte fundamental en su impulso&#8221;, expres\u00f3 el Secretario General del CDN de ATE.<\/p>\r\n\r\n\r\n\r\n<p>Tras Godoy, tom\u00f3 la palabra el Secretario Adjunto del CDN, Rodolfo &#8220;Rody&#8221; Aguiar quien tambi\u00e9n ponder\u00f3 la decisi\u00f3n del Estado Nacional al respecto de Vicent\u00edn y enunci\u00f3 que &#8220;las y los luchadores sociales, debemos debatir imperativa y profundamente el rol del Estado: o est\u00e1 al servicio de las corporaciones como ven\u00eda siendo o lo ponemos al servicio de los sectores populares, con estos sectores como actores fundamentales de sus pol\u00edticas&#8221;. Aguiar, adem\u00e1s, felicit\u00f3 la iniciativa del lanzamiento de la p\u00e1gina web rememorando a &#8220;aquellas revolucionarias y revolucionarios por la independencia quienes adem\u00e1s de tropas y armas en sus campa\u00f1as llevaban siempre una imprenta ya que la victoria depend\u00eda no solo de ese combate con las bayonetas sino tambi\u00e9n con esa otra batalla, la de las ideas, que es la que emprendemos desde las trincheras de la informaci\u00f3n, de la comunicaci\u00f3n, de las redes&#8221;.<\/p>\r\n\r\n\r\n\r\n<figure class=\"wp-block-image size-large\"><img decoding=\"async\" class=\"wp-image-13190\" src=\"http:\/\/atecordoba.org\/wp-content\/uploads\/2020\/06\/flyer-web-nueva-3.jpg\" alt=\"\" \/><\/figure>\r\n","protected":false},"excerpt":{"rendered":"<p>&nbsp; Con la presencia del Secretario General y Adjunto de ATE Nacional, Hugo Cachorro Godoy y Rodolfo Aguiar -respectivamente-, el Presidente de la Confederaci\u00f3n Latinoamericana y del Caribe de Trabajadorxs Estatales (Clate), Julio Fuentes, de Esterea Gonzalez, Secretaria de Finanzas del Consejo Directivo Nacional, Federico Chechele y Mirta Matheos miembros de la conducci\u00f3n m\u00e1xima de [&hellip;]<\/p>\n","protected":false},"author":3,"featured_media":13204,"comment_status":"open","ping_status":"open","sticky":true,"template":"","format":"standard","meta":{"_exactmetrics_skip_tracking":false,"_exactmetrics_sitenote_active":false,"_exactmetrics_sitenote_note":"","_exactmetrics_sitenote_category":0,"jnews-multi-image_gallery":[],"jnews_single_post":{"source_name":"","source_url":"","via_name":"","via_url":"","override_template":"0","override":[{"template":"1","single_blog_custom":"","parallax":"1","fullscreen":"0","layout":"right-sidebar","sidebar":"default-sidebar","second_sidebar":"default-sidebar","sticky_sidebar":"1","share_position":"top","share_float_style":"share-monocrhome","show_share_counter":"1","show_view_counter":"1","show_featured":"1","show_post_meta":"1","show_post_author":"1","show_post_author_image":"1","show_post_date":"1","post_date_format":"default","post_date_format_custom":"Y\/m\/d","show_post_category":"1","show_post_reading_time":"0","post_reading_time_wpm":"300","show_zoom_button":"0","zoom_button_out_step":"2","zoom_button_in_step":"3","show_post_tag":"1","show_prev_next_post":"1","show_popup_post":"1","number_popup_post":"1","show_author_box":"0","show_post_related":"0","show_inline_post_related":"0"}],"override_image_size":"0","image_override":[{"single_post_thumbnail_size":"crop-500","single_post_gallery_size":"crop-500"}],"trending_post":"0","trending_post_position":"meta","trending_post_label":"Trending","sponsored_post":"0","sponsored_post_label":"Sponsored by","sponsored_post_name":"","sponsored_post_url":"","sponsored_post_logo_enable":"0","sponsored_post_logo":"","sponsored_post_desc":""},"jnews_primary_category":{"id":""},"jnews_social_meta":{"fb_title":"","fb_description":"","fb_image":"","twitter_title":"","twitter_description":"","twitter_image":""},"jnews_review":[],"enable_review":"0","type":"percentage","name":"","summary":"","brand":"","sku":"","good":[{"good_text":""}],"bad":[{"bad_text":""}],"score_override":"","override_value":"","rating":[{"rating_text":"","rating_number":"10"}],"price":[{"shop":"","price":"","link":"","icon":""}],"jnews_override_counter":{"override_view_counter":"0","view_counter_number":"0","override_share_counter":"0","share_counter_number":"0","override_like_counter":"0","like_counter_number":"0","override_dislike_counter":"0","dislike_counter_number":"0"},"jnews_post_split":{"enable_post_split":"0","post_split":[{"template":"1","tag":"h2","numbering":"asc","mode":"normal"}]},"footnotes":""},"categories":[341,346],"tags":[],"class_list":["post-20286","post","type-post","status-publish","format-standard","has-post-thumbnail","hentry","category-cdp","category-prensa-y-comunicacion"],"jetpack_featured_media_url":"","_links":{"self":[{"href":"https:\/\/atecordoba.org\/index.php?rest_route=\/wp\/v2\/posts\/20286","targetHints":{"allow":["GET"]}}],"collection":[{"href":"https:\/\/atecordoba.org\/index.php?rest_route=\/wp\/v2\/posts"}],"about":[{"href":"https:\/\/atecordoba.org\/index.php?rest_route=\/wp\/v2\/types\/post"}],"author":[{"embeddable":true,"href":"https:\/\/atecordoba.org\/index.php?rest_route=\/wp\/v2\/users\/3"}],"replies":[{"embeddable":true,"href":"https:\/\/atecordoba.org\/index.php?rest_route=%2Fwp%2Fv2%2Fcomments&post=20286"}],"version-history":[{"count":1,"href":"https:\/\/atecordoba.org\/index.php?rest_route=\/wp\/v2\/posts\/20286\/revisions"}],"predecessor-version":[{"id":20822,"href":"https:\/\/atecordoba.org\/index.php?rest_route=\/wp\/v2\/posts\/20286\/revisions\/20822"}],"wp:featuredmedia":[{"embeddable":true,"href":"https:\/\/atecordoba.org\/index.php?rest_route=\/"}],"wp:attachment":[{"href":"https:\/\/atecordoba.org\/index.php?rest_route=%2Fwp%2Fv2%2Fmedia&parent=20286"}],"wp:term":[{"taxonomy":"category","embeddable":true,"href":"https:\/\/atecordoba.org\/index.php?rest_route=%2Fwp%2Fv2%2Fcategories&post=20286"},{"taxonomy":"post_tag","embeddable":true,"href":"https:\/\/atecordoba.org\/index.php?rest_route=%2Fwp%2Fv2%2Ftags&post=20286"}],"curies":[{"name":"wp","href":"https:\/\/api.w.org\/{rel}","templated":true}]}}