{"id":20279,"date":"2020-06-18T12:53:50","date_gmt":"2020-06-18T15:53:50","guid":{"rendered":"https:\/\/www.atecordoba.org\/?p=13289"},"modified":"2020-06-18T13:07:49","modified_gmt":"2020-06-18T16:07:49","slug":"despedidos-de-fadea-pidieron-su-reincorporacion-con-una-nueva-movilizacion-frente-a-la-fabrica","status":"publish","type":"post","link":"https:\/\/atecordoba.org\/?p=20279","title":{"rendered":"Despedidos de Fadea pidieron su reincorporaci\u00f3n con una nueva movilizaci\u00f3n frente a la f\u00e1brica"},"content":{"rendered":"\r\n<p><em>Son 300 compa\u00f1eros despedidos de la gesti\u00f3n macrista que la actual direcci\u00f3n de la empresa se niega a reincorporar. ATE viene reclamando desde el a\u00f1o pasado que los trabajadores recuperen sus puestos de trabajo.<\/em><\/p>\r\n<p><img loading=\"lazy\" decoding=\"async\" class=\" wp-image-20324 aligncenter\" src=\"http:\/\/atecordoba.org\/wp-content\/uploads\/2020\/06\/antorcha-300x225.jpeg\" alt=\"\" width=\"540\" height=\"405\" srcset=\"https:\/\/atecordoba.org\/wp-content\/uploads\/2020\/06\/antorcha-300x225.jpeg 300w, https:\/\/atecordoba.org\/wp-content\/uploads\/2020\/06\/antorcha-768x576.jpeg 768w, https:\/\/atecordoba.org\/wp-content\/uploads\/2020\/06\/antorcha-750x563.jpeg 750w, https:\/\/atecordoba.org\/wp-content\/uploads\/2020\/06\/antorcha.jpeg 960w\" sizes=\"auto, (max-width: 540px) 100vw, 540px\" \/><\/p>\r\n\r\n\r\n\r\n<p>Trabajadores y extrabajadores de<strong>\u00a0Fadea<\/strong>\u00a0realizaron una protesta que bautizaron\u00a0<strong>&#8220;El Amanecer de las Antorchas&#8221;<\/strong>. A partir de las 6,30 de este jueves, encendieron antorchas en la entrada de la f\u00e1brica y compartieron un desayuno.<\/p>\r\n\r\n\r\n\r\n<p>La Asociaci\u00f3n Trabajadores del Estado reclama la reincorporaci\u00f3n de 300 trabajadores, 100 afiliados al gremio, que hab\u00edan sido despedidos durante la presidencia de Mauricio Macri.<\/p>\r\n\r\n\r\n\r\n<p><strong>&#8220;El reclamo puntual es volver a reingresar a todos los compa\u00f1eros que hemos sido despedidos por distintos motivos&#8221;<\/strong>, dijo\u00a0Agust\u00edn Funes, delegado de ATE, a Radio Universidad.<\/p>\r\n\r\n\r\n\r\n<p>Funes tambi\u00e9n remarc\u00f3 que el presidente Alberto Fern\u00e1ndez hab\u00eda prometido en campa\u00f1a la reincorporaci\u00f3n de los trabajadores.<\/p>\r\n<div class=\"epyt-video-wrapper\"><iframe loading=\"lazy\"  style=\"display: block; margin: 0px auto;\"  id=\"_ytid_52081\"  width=\"480\" height=\"270\"  data-origwidth=\"480\" data-origheight=\"270\" src=\"https:\/\/www.youtube.com\/embed\/c_Ym81j89hM?enablejsapi=1&autoplay=0&cc_load_policy=0&cc_lang_pref=&iv_load_policy=3&loop=0&rel=0&fs=1&playsinline=0&autohide=2&theme=dark&color=red&controls=1&disablekb=0&\" class=\"__youtube_prefs__  no-lazyload\" title=\"YouTube player\"  allow=\"fullscreen; accelerometer; autoplay; clipboard-write; encrypted-media; gyroscope; picture-in-picture; web-share\" referrerpolicy=\"strict-origin-when-cross-origin\" allowfullscreen data-no-lazy=\"1\" data-skipgform_ajax_framebjll=\"\"><\/iframe><\/div>\r\n<p class=\"has-text-align-left\">\u00abExigimos ser reincorporados, como se comprometi\u00f3 el ministro de Defensa Agust\u00edn Rossi\u00bb, dijo Funes.<\/p>\r\n<p>El dirigente agradeci\u00f3 a la presencia de las y los trabajadores que se desempe\u00f1an dentro del sector de Civiles de las FF.AA. por el apoyo y pidi\u00f3 a la presidenta de la empresa estatal, Mirta Iriondo, que escuche el reclamo.<\/p>\r\n","protected":false},"excerpt":{"rendered":"<p>Son 300 compa\u00f1eros despedidos de la gesti\u00f3n macrista que la actual direcci\u00f3n de la empresa se niega a reincorporar. ATE viene reclamando desde el a\u00f1o pasado que los trabajadores recuperen sus puestos de trabajo. Trabajadores y extrabajadores de\u00a0Fadea\u00a0realizaron una protesta que bautizaron\u00a0&#8220;El Amanecer de las Antorchas&#8221;. A partir de las 6,30 de este jueves, encendieron [&hellip;]<\/p>\n","protected":false},"author":3,"featured_media":20324,"comment_status":"open","ping_status":"open","sticky":false,"template":"","format":"standard","meta":{"_exactmetrics_skip_tracking":false,"_exactmetrics_sitenote_active":false,"_exactmetrics_sitenote_note":"","_exactmetrics_sitenote_category":0,"jnews-multi-image_gallery":[],"jnews_single_post":{"subtitle":"","format":"standard","video":"","gallery":"","source_name":"","source_url":"","via_name":"","via_url":"","override_template":"0","override":[{"template":"1","single_blog_custom":"","parallax":"1","fullscreen":"0","layout":"right-sidebar","sidebar":"default-sidebar","second_sidebar":"default-sidebar","sticky_sidebar":"1","share_position":"top","share_float_style":"share-monocrhome","show_share_counter":"1","show_view_counter":"1","show_featured":"1","show_post_meta":"1","show_post_author":"1","show_post_author_image":"1","show_post_date":"1","post_date_format":"default","post_date_format_custom":"Y\/m\/d","show_post_category":"1","show_post_reading_time":"0","post_reading_time_wpm":"300","show_zoom_button":"0","zoom_button_out_step":"2","zoom_button_in_step":"3","show_post_tag":"1","show_prev_next_post":"1","show_popup_post":"1","number_popup_post":"1","show_author_box":"0","show_post_related":"0","show_inline_post_related":"0"}],"override_image_size":"0","image_override":[{"single_post_thumbnail_size":"crop-500","single_post_gallery_size":"crop-500"}],"trending_post":"0","trending_post_position":"meta","trending_post_label":"Trending","sponsored_post":"0","sponsored_post_label":"Sponsored by","sponsored_post_name":"","sponsored_post_url":"","sponsored_post_logo_enable":"0","sponsored_post_logo":"","sponsored_post_desc":""},"jnews_primary_category":{"id":""},"jnews_social_meta":[],"jnews_review":[],"enable_review":"0","type":"percentage","name":"","summary":"","brand":"","sku":"","good":[{"good_text":""}],"bad":[{"bad_text":""}],"score_override":"","override_value":"","rating":[{"rating_text":"","rating_number":"10"}],"price":[{"shop":"","price":"","link":"","icon":""}],"jnews_override_counter":{"override_view_counter":"0","view_counter_number":"0","override_share_counter":"0","share_counter_number":"0","override_like_counter":"0","like_counter_number":"0","override_dislike_counter":"0","dislike_counter_number":"0"},"jnews_post_split":{"enable_post_split":"0","post_split":[{"template":"1","tag":"h2","numbering":"asc","mode":"normal"}]},"footnotes":""},"categories":[1],"tags":[],"class_list":["post-20279","post","type-post","status-publish","format-standard","has-post-thumbnail","hentry","category-sin-categoria"],"jetpack_featured_media_url":"https:\/\/atecordoba.org\/wp-content\/uploads\/2020\/06\/antorcha.jpeg","_links":{"self":[{"href":"https:\/\/atecordoba.org\/index.php?rest_route=\/wp\/v2\/posts\/20279","targetHints":{"allow":["GET"]}}],"collection":[{"href":"https:\/\/atecordoba.org\/index.php?rest_route=\/wp\/v2\/posts"}],"about":[{"href":"https:\/\/atecordoba.org\/index.php?rest_route=\/wp\/v2\/types\/post"}],"author":[{"embeddable":true,"href":"https:\/\/atecordoba.org\/index.php?rest_route=\/wp\/v2\/users\/3"}],"replies":[{"embeddable":true,"href":"https:\/\/atecordoba.org\/index.php?rest_route=%2Fwp%2Fv2%2Fcomments&post=20279"}],"version-history":[{"count":5,"href":"https:\/\/atecordoba.org\/index.php?rest_route=\/wp\/v2\/posts\/20279\/revisions"}],"predecessor-version":[{"id":20328,"href":"https:\/\/atecordoba.org\/index.php?rest_route=\/wp\/v2\/posts\/20279\/revisions\/20328"}],"wp:featuredmedia":[{"embeddable":true,"href":"https:\/\/atecordoba.org\/index.php?rest_route=\/wp\/v2\/media\/20324"}],"wp:attachment":[{"href":"https:\/\/atecordoba.org\/index.php?rest_route=%2Fwp%2Fv2%2Fmedia&parent=20279"}],"wp:term":[{"taxonomy":"category","embeddable":true,"href":"https:\/\/atecordoba.org\/index.php?rest_route=%2Fwp%2Fv2%2Fcategories&post=20279"},{"taxonomy":"post_tag","embeddable":true,"href":"https:\/\/atecordoba.org\/index.php?rest_route=%2Fwp%2Fv2%2Ftags&post=20279"}],"curies":[{"name":"wp","href":"https:\/\/api.w.org\/{rel}","templated":true}]}}