{"id":2022,"date":"2012-12-07T16:02:10","date_gmt":"2012-12-07T19:02:10","guid":{"rendered":"http:\/\/www.atecordoba.org\/?p=2022"},"modified":"2012-12-07T16:02:10","modified_gmt":"2012-12-07T19:02:10","slug":"ate-suma-otro-delegado-en-unc","status":"publish","type":"post","link":"https:\/\/atecordoba.org\/?p=2022","title":{"rendered":"ATE suma otro delegado en UNC"},"content":{"rendered":"<p><em>Los trabajadores de la Secretaria de Extensi\u00f3n eligieron un delegado despu\u00e9s de 10 a\u00f1os sin representaci\u00f3n sindical.\u00a0<\/em><\/p>\n<p><a href=\"http:\/\/www.atecordoba.org\/wp-content\/uploads\/2012\/12\/DSC013911.jpg\"><img loading=\"lazy\" decoding=\"async\" class=\"aligncenter size-medium wp-image-2027\" title=\"DSC01391\" src=\"http:\/\/www.atecordoba.org\/wp-content\/uploads\/2012\/12\/DSC013911-300x225.jpg\" alt=\"\" width=\"300\" height=\"225\" \/><\/a><\/p>\n<p>&nbsp;<\/p>\n<p>Con dos candidatos en pugna, los trabajadores eligieron a Gabriel Mellibosky, por 15 votos, por sobre\u00a0Miguel Genti, con 10 votos. Sumados a cuatro en blanco, votaron 29 de los 32 compa\u00f1eros que se encontraron ese d\u00eda en condiciones de sufragar.<\/p>\n<p>Mellibosky dijo, finalizada la votaci\u00f3n, que la principal demanda de los trabajadores del sector reside en el pedido de recategorizaci\u00f3n y el pase a planta de dos compa\u00f1eros contratados.<\/p>\n<p>&#8220;Tal como nos comprometimos con los compa\u00f1eros en las asambleas previas a la elecci\u00f3n, vamos a\u00a0tratar de desarrollar una din\u00e1mica de funcionamiento y trabajo que promueva \u00a0la participaci\u00f3n de todos los compa\u00f1eros de acuerdo a sus tiempos, funciones y \u00e1reas de trabajo en la Secretaria. ATE lleg\u00f3 para quedarse y la participaci\u00f3n en esta elecci\u00f3n as\u00ed lo confirma&#8221;, cerr\u00f3 el delegado.<\/p>\n","protected":false},"excerpt":{"rendered":"<p>Los trabajadores de la Secretaria de Extensi\u00f3n eligieron un delegado despu\u00e9s de 10 a\u00f1os sin representaci\u00f3n sindical.\u00a0 &nbsp; Con dos candidatos en pugna, los trabajadores eligieron a Gabriel Mellibosky, por 15 votos, por sobre\u00a0Miguel Genti, con 10 votos. Sumados a cuatro en blanco, votaron 29 de los 32 compa\u00f1eros que se encontraron ese d\u00eda en [&hellip;]<\/p>\n","protected":false},"author":1,"featured_media":19220,"comment_status":"open","ping_status":"open","sticky":false,"template":"","format":"standard","meta":{"_exactmetrics_skip_tracking":false,"_exactmetrics_sitenote_active":false,"_exactmetrics_sitenote_note":"","_exactmetrics_sitenote_category":0,"jnews-multi-image_gallery":[],"jnews_single_post":[],"jnews_primary_category":[],"jnews_social_meta":[],"jnews_review":[],"enable_review":"","type":"","name":"","summary":"","brand":"","sku":"","good":[],"bad":[],"score_override":"","override_value":"","rating":[],"price":[],"jnews_override_counter":[],"jnews_post_split":[],"footnotes":""},"categories":[18],"tags":[],"class_list":["post-2022","post","type-post","status-publish","format-standard","has-post-thumbnail","hentry","category-nacionales"],"jetpack_featured_media_url":"https:\/\/atecordoba.org\/wp-content\/uploads\/2020\/05\/logo-nuevochico-e1561581322808.png","_links":{"self":[{"href":"https:\/\/atecordoba.org\/index.php?rest_route=\/wp\/v2\/posts\/2022","targetHints":{"allow":["GET"]}}],"collection":[{"href":"https:\/\/atecordoba.org\/index.php?rest_route=\/wp\/v2\/posts"}],"about":[{"href":"https:\/\/atecordoba.org\/index.php?rest_route=\/wp\/v2\/types\/post"}],"author":[{"embeddable":true,"href":"https:\/\/atecordoba.org\/index.php?rest_route=\/wp\/v2\/users\/1"}],"replies":[{"embeddable":true,"href":"https:\/\/atecordoba.org\/index.php?rest_route=%2Fwp%2Fv2%2Fcomments&post=2022"}],"version-history":[{"count":0,"href":"https:\/\/atecordoba.org\/index.php?rest_route=\/wp\/v2\/posts\/2022\/revisions"}],"wp:featuredmedia":[{"embeddable":true,"href":"https:\/\/atecordoba.org\/index.php?rest_route=\/wp\/v2\/media\/19220"}],"wp:attachment":[{"href":"https:\/\/atecordoba.org\/index.php?rest_route=%2Fwp%2Fv2%2Fmedia&parent=2022"}],"wp:term":[{"taxonomy":"category","embeddable":true,"href":"https:\/\/atecordoba.org\/index.php?rest_route=%2Fwp%2Fv2%2Fcategories&post=2022"},{"taxonomy":"post_tag","embeddable":true,"href":"https:\/\/atecordoba.org\/index.php?rest_route=%2Fwp%2Fv2%2Ftags&post=2022"}],"curies":[{"name":"wp","href":"https:\/\/api.w.org\/{rel}","templated":true}]}}