{"id":2016,"date":"2012-12-06T16:50:33","date_gmt":"2012-12-06T19:50:33","guid":{"rendered":"http:\/\/www.atecordoba.org\/?p=2016"},"modified":"2012-12-06T16:50:33","modified_gmt":"2012-12-06T19:50:33","slug":"finalmente-romero-se-reunion-con-el-intendente-de-unquillo","status":"publish","type":"post","link":"https:\/\/atecordoba.org\/?p=2016","title":{"rendered":"Finalmente, Romero se reuni\u00f3n con el intendente de Unquillo"},"content":{"rendered":"<p><em>Despu\u00e9s de superar hoy los intentos de la patota de la Federaci\u00f3n de Trabajadores Municipales para evitar que ATE ingrese al municipio de Uniquillo, nuestra secretaria General Mar\u00eda Teresa Romero\u00a0\u00a0se reuni\u00f3, al mediod\u00eda, con el intendente Germ\u00e1n Jalil. En la oportunidad, le traslad\u00f3 la situaci\u00f3n de los afiliados de ATE en la localidad.<\/em><\/p>\n<p><a href=\"http:\/\/www.atecordoba.org\/wp-content\/uploads\/2012\/12\/interior-11.jpg\"><img loading=\"lazy\" decoding=\"async\" class=\"aligncenter size-medium wp-image-2020\" title=\"interior 1\" src=\"http:\/\/www.atecordoba.org\/wp-content\/uploads\/2012\/12\/interior-11-300x225.jpg\" alt=\"\" width=\"300\" height=\"225\" \/><\/a><\/p>\n<p>&nbsp;<\/p>\n<p>Al cumplir con la visitar protocolar, Romero plante\u00f3 el \u00e1mbito de representaci\u00f3n de ATE en los municipios, a lo que Jalil se comprometi\u00f3 a responder a la brevedad. \u201cAdem\u00e1s, el intendente nos confirm\u00f3 que la municipalidad pagar\u00e1 un bono de fin de a\u00f1o para los compa\u00f1eros\u201d, afirm\u00f3 la dirigente. El bono ser\u00e1 canjeable en los comercio de la localidad.<\/p>\n<p>En ese sentido, Jalil garantiz\u00f3 el pago de sueldos y aguinaldo en tiempo y forma, a pesar de los inconvenientes financieros que atraviesa la comuna, debido a la falta de pago de parte de la coparticipaci\u00f3n desde la Provincia.<\/p>\n<p>Por otro lado, el intendente dijo en la reuni\u00f3n que a partir del a\u00f1o que viene va a implementar el traspaso progresivo de los compa\u00f1eros contratados y precarizado a la planta permanente municipal. Este proceso se llevar\u00e1 a cabo, seg\u00fan afirm\u00f3 Jalil, en los siguientes tres a\u00f1os.<\/p>\n<p><strong>Patoteada por la ma\u00f1ana<\/strong><\/p>\n<p>Vale se\u00f1alar que,\u00a0alrededor de las 11 horas, una patota de la Federaci\u00f3n de Trabajadores Municipales, integrada por al menos 50 personas y comandada por su secretario gremial Oscar Ibarlucea, intent\u00f3 impedir que Romero ingresara a la municipalidad, mientras la dirigente iba acompa\u00f1ada por el compa\u00f1ero Francisco Pavan, vocal de la Comisi\u00f3n Directiva, y por los tres delegados normalizadores de ATE en la municipalidad. Con insultos y agresiones, los patoteros cerraron el paso a la delegaci\u00f3n de ATE, por lo que la compa\u00f1era debi\u00f3 pedir a la fuerza p\u00fablica\u00a0que la escolte para ingresar al edificio.<\/p>\n<p>&nbsp;<\/p>\n","protected":false},"excerpt":{"rendered":"<p>Despu\u00e9s de superar hoy los intentos de la patota de la Federaci\u00f3n de Trabajadores Municipales para evitar que ATE ingrese al municipio de Uniquillo, nuestra secretaria General Mar\u00eda Teresa Romero\u00a0\u00a0se reuni\u00f3, al mediod\u00eda, con el intendente Germ\u00e1n Jalil. En la oportunidad, le traslad\u00f3 la situaci\u00f3n de los afiliados de ATE en la localidad. &nbsp; Al [&hellip;]<\/p>\n","protected":false},"author":1,"featured_media":19220,"comment_status":"open","ping_status":"open","sticky":false,"template":"","format":"standard","meta":{"_exactmetrics_skip_tracking":false,"_exactmetrics_sitenote_active":false,"_exactmetrics_sitenote_note":"","_exactmetrics_sitenote_category":0,"jnews-multi-image_gallery":[],"jnews_single_post":[],"jnews_primary_category":[],"jnews_social_meta":[],"jnews_review":[],"enable_review":"","type":"","name":"","summary":"","brand":"","sku":"","good":[],"bad":[],"score_override":"","override_value":"","rating":[],"price":[],"jnews_override_counter":[],"jnews_post_split":[],"footnotes":""},"categories":[20],"tags":[],"class_list":["post-2016","post","type-post","status-publish","format-standard","has-post-thumbnail","hentry","category-municipales"],"jetpack_featured_media_url":"https:\/\/atecordoba.org\/wp-content\/uploads\/2020\/05\/logo-nuevochico-e1561581322808.png","_links":{"self":[{"href":"https:\/\/atecordoba.org\/index.php?rest_route=\/wp\/v2\/posts\/2016","targetHints":{"allow":["GET"]}}],"collection":[{"href":"https:\/\/atecordoba.org\/index.php?rest_route=\/wp\/v2\/posts"}],"about":[{"href":"https:\/\/atecordoba.org\/index.php?rest_route=\/wp\/v2\/types\/post"}],"author":[{"embeddable":true,"href":"https:\/\/atecordoba.org\/index.php?rest_route=\/wp\/v2\/users\/1"}],"replies":[{"embeddable":true,"href":"https:\/\/atecordoba.org\/index.php?rest_route=%2Fwp%2Fv2%2Fcomments&post=2016"}],"version-history":[{"count":0,"href":"https:\/\/atecordoba.org\/index.php?rest_route=\/wp\/v2\/posts\/2016\/revisions"}],"wp:featuredmedia":[{"embeddable":true,"href":"https:\/\/atecordoba.org\/index.php?rest_route=\/wp\/v2\/media\/19220"}],"wp:attachment":[{"href":"https:\/\/atecordoba.org\/index.php?rest_route=%2Fwp%2Fv2%2Fmedia&parent=2016"}],"wp:term":[{"taxonomy":"category","embeddable":true,"href":"https:\/\/atecordoba.org\/index.php?rest_route=%2Fwp%2Fv2%2Fcategories&post=2016"},{"taxonomy":"post_tag","embeddable":true,"href":"https:\/\/atecordoba.org\/index.php?rest_route=%2Fwp%2Fv2%2Ftags&post=2016"}],"curies":[{"name":"wp","href":"https:\/\/api.w.org\/{rel}","templated":true}]}}