{"id":1986,"date":"2012-11-29T15:50:09","date_gmt":"2012-11-29T18:50:09","guid":{"rendered":"http:\/\/www.atecordoba.org\/?p=1986"},"modified":"2012-11-29T15:50:09","modified_gmt":"2012-11-29T18:50:09","slug":"jornada-de-protesta-en-repudio-al-ajuste-previsional","status":"publish","type":"post","link":"https:\/\/atecordoba.org\/?p=1986","title":{"rendered":"Jornada de protesta en repudio al ajuste previsional"},"content":{"rendered":"<figure id=\"attachment_1987\" aria-describedby=\"caption-attachment-1987\" style=\"width: 640px\" class=\"wp-caption aligncenter\"><a href=\"http:\/\/www.atecordoba.org\/wp-content\/uploads\/2012\/11\/pag-2-editorial.jpg\"><img loading=\"lazy\" decoding=\"async\" class=\"size-full wp-image-1987\" title=\"pag 2 editorial\" src=\"http:\/\/www.atecordoba.org\/wp-content\/uploads\/2012\/11\/pag-2-editorial.jpg\" alt=\"\" width=\"640\" height=\"480\" \/><\/a><figcaption id=\"caption-attachment-1987\" class=\"wp-caption-text\">La secretaria General de ATE C\u00f3rdoba, Mar\u00eda Teresa Romero, encabeza una movilizaci\u00f3n.<\/figcaption><\/figure>\n<p style=\"text-align: left;\" align=\"center\"><span style=\"font-size: large;\">En continuidad con el plan de lucha que viene desarrollando la mesa de gremios estatales de C\u00f3rdoba,\u00a0ma\u00f1ana\u00a0viernes\u00a030 de noviembre\u00a0ATE marchar\u00e1 durante la jornada de protesta en repudio al ajuste previsional delasotista.<\/span><\/p>\n<p><span style=\"font-size: large;\">En ese marco, los trabajadores estatales har\u00e1n abandono de tareas a partir de las 9 horas, para concentrar a las 11 horas en la sede de nuestro gremio (Entre R\u00edos 450) y movilizarnos conjuntamente con el resto de las organizaciones sindicales al acto que se llevar\u00e1 a cabo en la esquina de V\u00e9lez Sarsfield y\u00a027 de abril.<\/span><\/p>\n<p><span style=\"font-size: large;\">De esta forma, ATE refrenda su compromiso en defensa del 82% m\u00f3vil de los jubilados provinciales, v\u00edctima de un ajuste feroz de parte del gobierno provincial. Sostenemos que Jos\u00e9 Manuel de la Sota debe hacerse cargo del descalabro financiero que tiene sumida a la provincia tras 12 a\u00f1os de gesti\u00f3n, en vez de derivar los costos de la crisis en los trabajadores pasivos, que realizaron durante su vida activa el porcentaje de aportes m\u00e1s alto de pa\u00eds, 18% contra 11% a nivel nacional.<\/span><\/p>\n<p><span style=\"font-size: large;\">En rechazo al ajuste, por el retorno a la ley 8024 original, todos a la marcha.<\/span><\/p>\n<p align=\"right\"><span style=\"font-size: large;\"><br \/>\n<\/span><\/p>\n<p align=\"right\"><span style=\"font-size: large;\">Mar\u00eda Teresa Romero<\/span><\/p>\n<p align=\"right\"><span style=\"font-size: large;\">Secretaria General<\/span><\/p>\n<p align=\"right\"><span style=\"font-size: large;\">ATE C\u00f3rdoba\u00a0<\/span><\/p>\n","protected":false},"excerpt":{"rendered":"<p>En continuidad con el plan de lucha que viene desarrollando la mesa de gremios estatales de C\u00f3rdoba,\u00a0ma\u00f1ana\u00a0viernes\u00a030 de noviembre\u00a0ATE marchar\u00e1 durante la jornada de protesta en repudio al ajuste previsional delasotista. En ese marco, los trabajadores estatales har\u00e1n abandono de tareas a partir de las 9 horas, para concentrar a las 11 horas en la [&hellip;]<\/p>\n","protected":false},"author":1,"featured_media":19220,"comment_status":"open","ping_status":"open","sticky":false,"template":"","format":"standard","meta":{"_exactmetrics_skip_tracking":false,"_exactmetrics_sitenote_active":false,"_exactmetrics_sitenote_note":"","_exactmetrics_sitenote_category":0,"jnews-multi-image_gallery":[],"jnews_single_post":[],"jnews_primary_category":[],"jnews_social_meta":[],"jnews_review":[],"enable_review":"","type":"","name":"","summary":"","brand":"","sku":"","good":[],"bad":[],"score_override":"","override_value":"","rating":[],"price":[],"jnews_override_counter":[],"jnews_post_split":[],"footnotes":""},"categories":[53,8],"tags":[],"class_list":["post-1986","post","type-post","status-publish","format-standard","has-post-thumbnail","hentry","category-comunicados-de-prensa","category-provinciales"],"jetpack_featured_media_url":"https:\/\/atecordoba.org\/wp-content\/uploads\/2020\/05\/logo-nuevochico-e1561581322808.png","_links":{"self":[{"href":"https:\/\/atecordoba.org\/index.php?rest_route=\/wp\/v2\/posts\/1986","targetHints":{"allow":["GET"]}}],"collection":[{"href":"https:\/\/atecordoba.org\/index.php?rest_route=\/wp\/v2\/posts"}],"about":[{"href":"https:\/\/atecordoba.org\/index.php?rest_route=\/wp\/v2\/types\/post"}],"author":[{"embeddable":true,"href":"https:\/\/atecordoba.org\/index.php?rest_route=\/wp\/v2\/users\/1"}],"replies":[{"embeddable":true,"href":"https:\/\/atecordoba.org\/index.php?rest_route=%2Fwp%2Fv2%2Fcomments&post=1986"}],"version-history":[{"count":0,"href":"https:\/\/atecordoba.org\/index.php?rest_route=\/wp\/v2\/posts\/1986\/revisions"}],"wp:featuredmedia":[{"embeddable":true,"href":"https:\/\/atecordoba.org\/index.php?rest_route=\/wp\/v2\/media\/19220"}],"wp:attachment":[{"href":"https:\/\/atecordoba.org\/index.php?rest_route=%2Fwp%2Fv2%2Fmedia&parent=1986"}],"wp:term":[{"taxonomy":"category","embeddable":true,"href":"https:\/\/atecordoba.org\/index.php?rest_route=%2Fwp%2Fv2%2Fcategories&post=1986"},{"taxonomy":"post_tag","embeddable":true,"href":"https:\/\/atecordoba.org\/index.php?rest_route=%2Fwp%2Fv2%2Ftags&post=1986"}],"curies":[{"name":"wp","href":"https:\/\/api.w.org\/{rel}","templated":true}]}}