{"id":1981,"date":"2012-11-28T18:49:18","date_gmt":"2012-11-28T21:49:18","guid":{"rendered":"http:\/\/www.atecordoba.org\/?p=1981"},"modified":"2012-11-28T18:49:18","modified_gmt":"2012-11-28T21:49:18","slug":"quebrada-del-condorito-jornada-sobre-ambiente-y-riesgos-del-trabajo","status":"publish","type":"post","link":"https:\/\/atecordoba.org\/?p=1981","title":{"rendered":"Quebrada del Condorito: jornada sobre Ambiente y Riesgos de Trabajo"},"content":{"rendered":"<p><em>Con el apoyo del Consejo Directivo Provincial \u00a0 se realiz\u00f3 en las instalaciones del Parque Nacional Quebrada del Condorito una jornada sobre Ambiente y Riesgos del Trabajo orientado a los trabajadores que desarrollan sus tareas en las\u00a0\u00c1reas\u00a0Naturales Protegidas. El taller estuvo a cargo del ISLyMA-CTA.<\/em><\/p>\n<p><a href=\"http:\/\/www.atecordoba.org\/wp-content\/uploads\/2012\/11\/DSC01375.jpg\"><img loading=\"lazy\" decoding=\"async\" class=\"aligncenter size-large wp-image-1991\" title=\"DSC01375\" src=\"http:\/\/www.atecordoba.org\/wp-content\/uploads\/2012\/11\/DSC01375-1024x768.jpg\" alt=\"\" width=\"1024\" height=\"768\" \/><\/a><\/p>\n<p>El pasado 14 de Noviembre, se desarrollo en el Parque Nacional Quebrada del Condorito, un Curso \u2013 Taller sobre \u201cSeguridad e Higiene y medio ambiente de trabajo\/ART\u201d, dictado por el ISLyMA (Instituto de Seguridad Laboral y Medio Ambiente) de la CTA, a requerimiento de los trabajadores del sector, con la participaci\u00f3n de los compa\u00f1eros del equipo de higiene y seguridad del CDP de ATE C\u00f3rdoba, Carlos Bazan y Susana Ju\u00e1rez .<\/p>\n<p>Este espacio de reflexi\u00f3n y an\u00e1lisis sobre nuestra realidad laboral surgi\u00f3, ante el\u00a0accidente de trabajo de un compa\u00f1ero y las complicaciones surgidas para su posterior tratamiento impuestas por la ART.<\/p>\n<p>El curso fue dictado por el compa\u00f1ero Eduardo Ahamendaburu del ISLyMA-CTA \u00a0y cont\u00f3 con la presencia del Secretario de Interior Eduardo Barcena, el Secretario de Formaci\u00f3n y Capacitaci\u00f3n Gustavo Peyroti, y compa\u00f1eros del recientemente creado Departamento de Seguridad Laboral del Consejo Directivo Provincial de ATE.<\/p>\n<p>El objetivo principal fue establecer un enfoque preliminar acerca de las condiciones y el medio ambiente en que desarrollamos nuestro trabajo. La metodolog\u00eda consisti\u00f3 en el \u00a0relevamiento (encuestas), estrategias de car\u00e1cter preventivo y de criterios de negociaci\u00f3n sobre las condiciones y medio ambiente de trabajo.<\/p>\n<p>Se dio siempre el debate colectivo en base a los siguientes puntos:<\/p>\n<ul>\n<li>\u00b7 <em>Relaci\u00f3n entre salud y condiciones y medio ambiente de trabajo<\/em><\/li>\n<li>\u00b7 <em>Introducci\u00f3n a la visualizaci\u00f3n de riesgos <\/em><\/li>\n<li>\u00b7 <em>Relevamiento colectivo preliminar de riesgos (trabajo con lista de observaci\u00f3n &#8211; elaboraci\u00f3n de mapa de riesgos)<\/em><\/li>\n<li>\u00b7 <em>Pol\u00edticas preventivas. Estrategia sindical<\/em><\/li>\n<li>\u00b7 <em>La actualidad de la Ley de Riesgos <\/em><\/li>\n<\/ul>\n<p>Para finalizar, se decidi\u00f3 llevar adelante el Mapa de Riesgos del Parque Nacional Quebrada del Condorito para comenzar a trabajarlo el a\u00f1o entrante.<\/p>\n<p>Estuvieron presentes compa\u00f1eros de la asamblea de este Parque Nacional (Guardaparques, Brigadistas, administrativos) y trabajadores Guardaparques de la Provincia de C\u00f3rdoba.<\/p>\n<p>Al cierre, Ahamendaburu\u00a0hizo una descripci\u00f3n de los aspectos jur\u00eddicos\u00a0 y pol\u00edticos de las leyes que abordan la problem\u00e1tica relacionada a los riesgos del trabajo, concluyendo con una descripci\u00f3n y an\u00e1lisis del proyecto de ley de ART presentada por el compa\u00f1ero V\u00edctor De Genaro\u00a0 en el Congreso Nacional.<\/p>\n<p>Una de las conclusiones de la jornada fue la necesidad de que los trabajadores organizados sean activos part\u00edcipes en la elaboraci\u00f3n de protocolos y documentos sobre riesgos del trabajo en cada repartici\u00f3n y en especial en las \u00e1reas protegidas en donde las condiciones ambiente laboral tienen una condici\u00f3n espec\u00edfica \u00a0y que la mayor de las veces son desconocidas por las ART y funcionarios<\/p>\n<p>Por \u00faltimo, los compa\u00f1eros del Parque Nacional Quebrada del Condorito hicieron un reconocimiento por su compromiso en defensa de los derechos de los trabajadores, al Delegado Marcelo Stancanelli quien fue el primer Delegado de la Asamblea de Trabajadores del sector en el a\u00f1o 2010 y que renovara su mandato en Agosto de este a\u00f1o en compa\u00f1\u00eda de Luciano Plant\u00e9, fortaleciendo la organizaci\u00f3n de ATE con dos Delegados.<\/p>\n\n","protected":false},"excerpt":{"rendered":"<p>Con el apoyo del Consejo Directivo Provincial \u00a0 se realiz\u00f3 en las instalaciones del Parque Nacional Quebrada del Condorito una jornada sobre Ambiente y Riesgos del Trabajo orientado a los trabajadores que desarrollan sus tareas en las\u00a0\u00c1reas\u00a0Naturales Protegidas. El taller estuvo a cargo del ISLyMA-CTA. El pasado 14 de Noviembre, se desarrollo en el Parque [&hellip;]<\/p>\n","protected":false},"author":1,"featured_media":19220,"comment_status":"open","ping_status":"open","sticky":false,"template":"","format":"standard","meta":{"_exactmetrics_skip_tracking":false,"_exactmetrics_sitenote_active":false,"_exactmetrics_sitenote_note":"","_exactmetrics_sitenote_category":0,"jnews-multi-image_gallery":[],"jnews_single_post":[],"jnews_primary_category":[],"jnews_social_meta":[],"jnews_review":[],"enable_review":"","type":"","name":"","summary":"","brand":"","sku":"","good":[],"bad":[],"score_override":"","override_value":"","rating":[],"price":[],"jnews_override_counter":[],"jnews_post_split":[],"footnotes":""},"categories":[18],"tags":[],"class_list":["post-1981","post","type-post","status-publish","format-standard","has-post-thumbnail","hentry","category-nacionales"],"jetpack_featured_media_url":"https:\/\/atecordoba.org\/wp-content\/uploads\/2020\/05\/logo-nuevochico-e1561581322808.png","_links":{"self":[{"href":"https:\/\/atecordoba.org\/index.php?rest_route=\/wp\/v2\/posts\/1981","targetHints":{"allow":["GET"]}}],"collection":[{"href":"https:\/\/atecordoba.org\/index.php?rest_route=\/wp\/v2\/posts"}],"about":[{"href":"https:\/\/atecordoba.org\/index.php?rest_route=\/wp\/v2\/types\/post"}],"author":[{"embeddable":true,"href":"https:\/\/atecordoba.org\/index.php?rest_route=\/wp\/v2\/users\/1"}],"replies":[{"embeddable":true,"href":"https:\/\/atecordoba.org\/index.php?rest_route=%2Fwp%2Fv2%2Fcomments&post=1981"}],"version-history":[{"count":0,"href":"https:\/\/atecordoba.org\/index.php?rest_route=\/wp\/v2\/posts\/1981\/revisions"}],"wp:featuredmedia":[{"embeddable":true,"href":"https:\/\/atecordoba.org\/index.php?rest_route=\/wp\/v2\/media\/19220"}],"wp:attachment":[{"href":"https:\/\/atecordoba.org\/index.php?rest_route=%2Fwp%2Fv2%2Fmedia&parent=1981"}],"wp:term":[{"taxonomy":"category","embeddable":true,"href":"https:\/\/atecordoba.org\/index.php?rest_route=%2Fwp%2Fv2%2Fcategories&post=1981"},{"taxonomy":"post_tag","embeddable":true,"href":"https:\/\/atecordoba.org\/index.php?rest_route=%2Fwp%2Fv2%2Ftags&post=1981"}],"curies":[{"name":"wp","href":"https:\/\/api.w.org\/{rel}","templated":true}]}}