{"id":19808,"date":"2020-06-01T14:12:43","date_gmt":"2020-06-01T17:12:43","guid":{"rendered":"https:\/\/www.atecordoba.org\/?p=13120"},"modified":"2020-06-09T14:29:46","modified_gmt":"2020-06-09T17:29:46","slug":"estado-de-alerta-detiene-la-produccion-en-dioxitek","status":"publish","type":"post","link":"https:\/\/atecordoba.org\/?p=19808","title":{"rendered":"Estado de alerta detiene la producci\u00f3n en Dioxitek"},"content":{"rendered":"\n<p><em>Los trabajadores reclaman el cierre de la paritaria 2019 con un retroactivo salarial a marzo, que estaba comprometido por acta desde noviembre.<\/em><\/p>\n\n\n\n<figure class=\"wp-block-image size-large\"><img decoding=\"async\" src=\"http:\/\/atecordoba.org\/wp-content\/uploads\/2020\/06\/dioxitek-1024x768.jpg\" alt=\"\" class=\"wp-image-13121\"\/><figcaption>Dos trabajadores expresan el reclamo dentro de las instalaciones de Dioxitek. <\/figcaption><\/figure>\n\n\n\n<p>La planta de producci\u00f3n de uranio de Alta C\u00f3rdoba Dioxitek se encuentra hoy paralizada y sin producir a partir de la declaraci\u00f3n de estado de alerta resuelto por los trabajadores del \u00e1rea, con el respaldo de ATE.<\/p>\n\n\n\n<p>Los delegados de nuestro gremio <a href=\"https:\/\/www.atecordoba.org\/archivos\/13033\">ya hab\u00edan anunciado<\/a> que podr\u00edan producirse medidas de fuerza en tanto la patronal no agilizase el cumplimiento del acta paritaria firmada en noviembre del a\u00f1o pasado, que se pospuso en marzo tras declararse la cuarentena. <\/p>\n\n\n\n<p>Hoy la par\u00e1lisis es total. &#8220;Tras varias semanas de pedidos para reiniciar el di\u00e1logo se nos otorg\u00f3 una reuni\u00f3n mediante sistema de Zoom, donde negaron nuevamente el cierre de la paritaria, aduciendo que el problema es &#8216;Modernizaci\u00f3n&#8217;. Por eso los compa\u00f1eros decidimos en asamblea acoplarnos  el 29 de mayo a la medida que convoc\u00f3 ATE en la provincia, en el marco del aniversario del Cordobazo. Y este  1\u00b0 de junio Dioxitek mantiene el estado de alerta, con paro, cese de trabajo y cero producci\u00f3n, esperando el cierre de la paritaria 2019&#8221;, explica el delegado de ATE Cristian L\u00e9pez. <\/p>\n\n\n\n<figure class=\"wp-block-image size-large\"><img decoding=\"async\" src=\"http:\/\/atecordoba.org\/wp-content\/uploads\/2020\/06\/dioxitek-asamblea-1024x768.jpg\" alt=\"\" class=\"wp-image-13122\"\/><figcaption>Asamblea realizada este ma\u00f1ana.<\/figcaption><\/figure>\n\n\n\n<p>Vale recordar que despu\u00e9s de dos semanas de cuarentena las y los trabajadores volvieron a trabajar, como dice L\u00e9pez, &#8220;con la mejor predisposici\u00f3n, haciendo jornadas de 12 horas para garantizar la producci\u00f3n ya que somos la \u00fanica f\u00e1brica del pa\u00eds que hace el polvo de uranio, que despu\u00e9s se transforma en pastillas para alimentar las centrales nucleares, que a su vez garantizan el suministro de energ\u00eda para que llegue la electricidad a todo el sistema interconectado nacional&#8221;.<\/p>\n\n\n\n<p><\/p>\n","protected":false},"excerpt":{"rendered":"<p>Los trabajadores reclaman el cierre de la paritaria 2019 con un retroactivo salarial a marzo, que estaba comprometido por acta desde noviembre. La planta de producci\u00f3n de uranio de Alta C\u00f3rdoba Dioxitek se encuentra hoy paralizada y sin producir a partir de la declaraci\u00f3n de estado de alerta resuelto por los trabajadores del \u00e1rea, con [&hellip;]<\/p>\n","protected":false},"author":1,"featured_media":19823,"comment_status":"open","ping_status":"open","sticky":true,"template":"","format":"standard","meta":{"_exactmetrics_skip_tracking":false,"_exactmetrics_sitenote_active":false,"_exactmetrics_sitenote_note":"","_exactmetrics_sitenote_category":0,"jnews-multi-image_gallery":[],"jnews_single_post":[],"jnews_primary_category":[],"jnews_social_meta":[],"jnews_review":[],"enable_review":"","type":"","name":"","summary":"","brand":"","sku":"","good":[],"bad":[],"score_override":"","override_value":"","rating":[],"price":[],"jnews_override_counter":[],"jnews_post_split":[],"footnotes":""},"categories":[135,18],"tags":[333,334,340],"class_list":["post-19808","post","type-post","status-publish","format-standard","has-post-thumbnail","hentry","category-dioxitek","category-nacionales","tag-dioxitek","tag-medidas-de-fuerza","tag-salario"],"jetpack_featured_media_url":"https:\/\/atecordoba.org\/wp-content\/uploads\/2020\/06\/asamblea-dioxitek-1-1024x768.jpg","_links":{"self":[{"href":"https:\/\/atecordoba.org\/index.php?rest_route=\/wp\/v2\/posts\/19808","targetHints":{"allow":["GET"]}}],"collection":[{"href":"https:\/\/atecordoba.org\/index.php?rest_route=\/wp\/v2\/posts"}],"about":[{"href":"https:\/\/atecordoba.org\/index.php?rest_route=\/wp\/v2\/types\/post"}],"author":[{"embeddable":true,"href":"https:\/\/atecordoba.org\/index.php?rest_route=\/wp\/v2\/users\/1"}],"replies":[{"embeddable":true,"href":"https:\/\/atecordoba.org\/index.php?rest_route=%2Fwp%2Fv2%2Fcomments&post=19808"}],"version-history":[{"count":1,"href":"https:\/\/atecordoba.org\/index.php?rest_route=\/wp\/v2\/posts\/19808\/revisions"}],"predecessor-version":[{"id":19852,"href":"https:\/\/atecordoba.org\/index.php?rest_route=\/wp\/v2\/posts\/19808\/revisions\/19852"}],"wp:featuredmedia":[{"embeddable":true,"href":"https:\/\/atecordoba.org\/index.php?rest_route=\/wp\/v2\/media\/19823"}],"wp:attachment":[{"href":"https:\/\/atecordoba.org\/index.php?rest_route=%2Fwp%2Fv2%2Fmedia&parent=19808"}],"wp:term":[{"taxonomy":"category","embeddable":true,"href":"https:\/\/atecordoba.org\/index.php?rest_route=%2Fwp%2Fv2%2Fcategories&post=19808"},{"taxonomy":"post_tag","embeddable":true,"href":"https:\/\/atecordoba.org\/index.php?rest_route=%2Fwp%2Fv2%2Ftags&post=19808"}],"curies":[{"name":"wp","href":"https:\/\/api.w.org\/{rel}","templated":true}]}}