{"id":19744,"date":"2020-05-14T09:30:36","date_gmt":"2020-05-14T12:30:36","guid":{"rendered":"https:\/\/www.atecordoba.org\/?p=12969"},"modified":"2020-06-09T15:15:48","modified_gmt":"2020-06-09T18:15:48","slug":"la-coordinacion-nacional-de-ate-trabajo-se-reunio-para-abordar-las-condiciones-laborales-del-sector-en-la-cuarentena","status":"publish","type":"post","link":"https:\/\/atecordoba.org\/?p=19744","title":{"rendered":"La Coordinaci\u00f3n Nacional de ATE-Trabajo se reuni\u00f3 para abordar las condiciones laborales del sector en la cuarentena"},"content":{"rendered":"\n<p><em>Las y los delegados realizaron un encuentro virtual donde tambi\u00e9n se trat\u00f3 la necesidad de una recomposici\u00f3n salarial, la efectivizaci\u00f3n de los concursos 2014\/2015 y el paso a art\u00edculo 9 de las y los monotributistas. Acuerdo para reclamar para un mayor protagonismo del organismo para cuidar el trabajo y parar los despidos en el campo privado.<\/em><\/p>\n\n\n\n<figure class=\"wp-block-image size-large\"><img decoding=\"async\" src=\"http:\/\/atecordoba.org\/wp-content\/uploads\/2020\/06\/IMG-20200513-WA0325-1024x683.jpg\" alt=\"\" class=\"wp-image-12970\"\/><\/figure>\n\n\n\n<p>El pasado 5 de mayo las y los delegados del Ministerio de Trabajo, Empleo y Seguridad Social de la Naci\u00f3n realizaron una reuni\u00f3n virtual de la Coordinaci\u00f3n Nacional de Delegados del organismo.<\/p>\n\n\n\n<p>En la oportunidad se llev\u00f3 a cabo un breve repaso de la situaci\u00f3n general del Ministerio en el contexto de la emergencia sanitaria, comparti\u00e9ndose informes de la realidad de las Agencias Territoriales (AT) en las distintas provincias y sectores de trabajo en edificios de sede central.<\/p>\n\n\n\n<p>M\u00e1s all\u00e1 de las particularidades de cada lugar, surgieron como preocupaciones comunes las dificultades en la organizaci\u00f3n y cobertura de las \u201cguardias m\u00ednimas\u201d y las precarias condiciones en que innumerables compa\u00f1eros y compa\u00f1eras en todo el pa\u00eds deben cumplir con el \u201ctrabajo remoto\u201d, suministrando &nbsp;acceso a tecnolog\u00eda y conectividad propia, con espacios f\u00edsicos inadecuados, responsabilidades de cuidado, etc.<\/p>\n\n\n\n<p>En este sentido, la Coordinaci\u00f3n acord\u00f3 avanzar en el reclamo sobre una recomposici\u00f3n salarial de urgencia para las distintas modalidades contractuales, especialmente los niveles inferiores del escalaf\u00f3n y de las y los trabajadores por fuera del Convenio Colectivo de Trabajo.<\/p>\n\n\n\n<p>As\u00ed tambi\u00e9n hubo coincidencia en el an\u00e1lisis sobre la prioridad que adquieren en la coyuntura todos los aspectos referidos a las condiciones y medio ambiente de trabajo, orientados al cuidado prioritario de la salud de las y los trabajadores ante la pandemia, que se canalizar\u00e1 a trav\u00e9s la Comisi\u00f3n de Condiciones y Medio Ambiente de Trabajo, ya convocada a pedido de ATE.<\/p>\n\n\n\n<p>En la l\u00ednea de profundizar en medidas que generen mejoras en las condiciones de trabajo, se resolvi\u00f3 dar impulso a una campa\u00f1a nacional para el pase inmediato a Art\u00edculo 9 de los compa\u00f1eros y compa\u00f1eras monotributistas que lo requieran de las modalidades PNUD, OEI, OIS y 1109, trabajadoras y trabajadores que constituyen desde hace a\u00f1os el eslab\u00f3n m\u00e1s d\u00e9bil de la precariedad laboral en el Estado.<\/p>\n\n\n\n<p>Junto a esta iniciativa, inscripta en la hist\u00f3rica pelea por el acceso a la plena estabilidad en el empleo p\u00fablico, se ratific\u00f3 el reclamo de designaci\u00f3n urgente de los cargos pendientes de los concursos de 2014\/2015 y el pase a planta permanente de todos\/as los\/as contratados\/as.<\/p>\n\n\n\n<p><strong>Defensa del trabajo<\/strong><\/p>\n\n\n\n<p>En otro orden, hubo coincidencia en la necesidad de que el Ministerio adquiera un protagonismo efectivo en el impulso de pol\u00edticas p\u00fablicas que permitan llegar a los sectores sociales m\u00e1s golpeados por la crisis sanitaria, econ\u00f3mica y social.<\/p>\n\n\n\n<p>Para eso es necesario, entre otras medidas, el sostenimiento de los puestos de trabajo y los salarios, sin convalidar los despidos, suspensiones y rebajas de haberes que imponen las patronales y que golpean fuertemente a numerosos sectores del movimiento obrero, con los que se expres\u00f3 la solidaridad de ATE.<\/p>\n\n\n\n<p>Del mismo modo, compartimos la preocupaci\u00f3n y nuestro rechazo ante los descuentos que diferentes administraciones provinciales y municipales aplican sobre las y los estatales, con pagos en cuotas y amenazas de recurrir a cuasimonedas en algunos casos.<\/p>\n\n\n\n<p>El encuentro se llev\u00f3 a cabo con la participaci\u00f3n de m\u00e1s de 30 compa\u00f1eros y compa\u00f1eras en representaci\u00f3n de las Regionales Austral, Pampeana, Conurbano Bonaerense, Cuyo, Centro, NEA, NOA y de la Junta Interna y Cuerpo de Delegados\/as de Ciudad de Buenos Aires. Por C\u00f3rdoba participaron la secretaria de Actas del CDP, Mar\u00eda Sotti, y el delegado Jorge Chalup.<\/p>\n","protected":false},"excerpt":{"rendered":"<p>Las y los delegados realizaron un encuentro virtual donde tambi\u00e9n se trat\u00f3 la necesidad de una recomposici\u00f3n salarial, la efectivizaci\u00f3n de los concursos 2014\/2015 y el paso a art\u00edculo 9 de las y los monotributistas. Acuerdo para reclamar para un mayor protagonismo del organismo para cuidar el trabajo y parar los despidos en el campo [&hellip;]<\/p>\n","protected":false},"author":1,"featured_media":18370,"comment_status":"open","ping_status":"open","sticky":true,"template":"","format":"standard","meta":{"_exactmetrics_skip_tracking":false,"_exactmetrics_sitenote_active":false,"_exactmetrics_sitenote_note":"","_exactmetrics_sitenote_category":0,"jnews-multi-image_gallery":[],"jnews_single_post":[],"jnews_primary_category":[],"jnews_social_meta":[],"jnews_review":[],"enable_review":"","type":"","name":"","summary":"","brand":"","sku":"","good":[],"bad":[],"score_override":"","override_value":"","rating":[],"price":[],"jnews_override_counter":[],"jnews_post_split":[],"footnotes":""},"categories":[107,18],"tags":[337,338],"class_list":["post-19744","post","type-post","status-publish","format-standard","has-post-thumbnail","hentry","category-ministerio-de-trabajo","category-nacionales","tag-cymat","tag-ministerio-de-trabajo-de-la-nacion"],"jetpack_featured_media_url":"https:\/\/atecordoba.org\/wp-content\/uploads\/2020\/05\/Paro-organismos-de-trabajo-MOT-1024x808.jpg","_links":{"self":[{"href":"https:\/\/atecordoba.org\/index.php?rest_route=\/wp\/v2\/posts\/19744","targetHints":{"allow":["GET"]}}],"collection":[{"href":"https:\/\/atecordoba.org\/index.php?rest_route=\/wp\/v2\/posts"}],"about":[{"href":"https:\/\/atecordoba.org\/index.php?rest_route=\/wp\/v2\/types\/post"}],"author":[{"embeddable":true,"href":"https:\/\/atecordoba.org\/index.php?rest_route=\/wp\/v2\/users\/1"}],"replies":[{"embeddable":true,"href":"https:\/\/atecordoba.org\/index.php?rest_route=%2Fwp%2Fv2%2Fcomments&post=19744"}],"version-history":[{"count":1,"href":"https:\/\/atecordoba.org\/index.php?rest_route=\/wp\/v2\/posts\/19744\/revisions"}],"predecessor-version":[{"id":19902,"href":"https:\/\/atecordoba.org\/index.php?rest_route=\/wp\/v2\/posts\/19744\/revisions\/19902"}],"wp:featuredmedia":[{"embeddable":true,"href":"https:\/\/atecordoba.org\/index.php?rest_route=\/wp\/v2\/media\/18370"}],"wp:attachment":[{"href":"https:\/\/atecordoba.org\/index.php?rest_route=%2Fwp%2Fv2%2Fmedia&parent=19744"}],"wp:term":[{"taxonomy":"category","embeddable":true,"href":"https:\/\/atecordoba.org\/index.php?rest_route=%2Fwp%2Fv2%2Fcategories&post=19744"},{"taxonomy":"post_tag","embeddable":true,"href":"https:\/\/atecordoba.org\/index.php?rest_route=%2Fwp%2Fv2%2Ftags&post=19744"}],"curies":[{"name":"wp","href":"https:\/\/api.w.org\/{rel}","templated":true}]}}