{"id":19740,"date":"2020-05-13T14:09:30","date_gmt":"2020-05-13T17:09:30","guid":{"rendered":"https:\/\/www.atecordoba.org\/?p=12962"},"modified":"2020-07-02T12:46:31","modified_gmt":"2020-07-02T15:46:31","slug":"ate-mantuvo-una-reunion-con-la-direccion-del-hospital-de-ninos-para-abordar-temas-relacionados-con-la-pandemia","status":"publish","type":"post","link":"https:\/\/atecordoba.org\/?p=19740","title":{"rendered":"ATE mantuvo una reuni\u00f3n con la direcci\u00f3n del Hospital de Ni\u00f1os para abordar temas relacionados con la pandemia"},"content":{"rendered":"\r\n<p><em>Una delegaci\u00f3n de dirigentes, delegadas y delegados de ATE se reuni\u00f3 ayer con el director del centro de salud, doctor Marcelo Arg\u00fcello, en el marco de los contactos institucionales que se vienen llevando a cabo para evaluar y resolver sobre asuntos y problem\u00e1ticas que genera el contexto de la pandemia del coronavirus.<\/em><\/p>\r\n\r\n\r\n\r\n<figure class=\"wp-block-image size-large\"><img decoding=\"async\" class=\"wp-image-12963\" src=\"http:\/\/atecordoba.org\/wp-content\/uploads\/2020\/06\/Hospital-de-Ni\u00f1os-1.jpg\" alt=\"\" \/>\r\n<figcaption>Hospital de Ni\u00f1os (archivo)<\/figcaption>\r\n<\/figure>\r\n\r\n\r\n\r\n<p>En representaci\u00f3n de nuestro gremio estuvieron en la ocasi\u00f3n Omar Alerzia, Gabriela Garc\u00eda y Roberto Calvetti -del Consejo Directivo Provincial-, junto a cuatro integrantes del cuerpo de delegados del nosocomio.<\/p>\r\n\r\n\r\n\r\n<p>En principio, desde ATE planteamos la necesidad de dar un marco institucional al canal de di\u00e1logo abierto con la conducci\u00f3n del hospital, a partir de la apertura que facilita el doctor Marcelo Arg\u00fcello, generando una Mesa de Concertaci\u00f3n entre representantes sindicales e integrantes de la direcci\u00f3n del centro de salud.<\/p>\r\n\r\n\r\n\r\n<p>Esta instancia es fundamental para generar un espacio donde atender las problem\u00e1ticas propias de la coyuntura que atraviesa el pa\u00eds, y as\u00ed resolver con rapidez los diversos inconvenientes respecto a la actividad dentro del hospital en esta situaci\u00f3n pand\u00e9mica, tanto en cuanto a la cooperaci\u00f3n y colaboraci\u00f3n de las y los trabajadores como tambi\u00e9n los ajustes necesarios que deban realizarse.<\/p>\r\n\r\n\r\n\r\n<p>Esto es as\u00ed porque nuestras delegadas y delegados son quienes reciben d\u00eda a d\u00eda la informaci\u00f3n sobre los problemas surgen de la atenci\u00f3n cotidiana, canaliz\u00e1ndolas por las v\u00edas correspondientes y, a su vez, aportar soluciones sugeridas por las y los compa\u00f1eros que hoy est\u00e1n involucrados en la primera l\u00ednea de atenci\u00f3n.<\/p>\r\n\r\n\r\n\r\n<p>Vale destacar que la Direcci\u00f3n acept\u00f3 de muy buen grado esta sugerencia y no s\u00f3lo se comprometi\u00f3 a llevarla a la pr\u00e1ctica en la brevedad posible, sino que tambi\u00e9n extender\u00e1 una invitaci\u00f3n a otros sindicatos con representaci\u00f3n en el nosocomio. Desde ATE informamos que el cuerpo de delegados hospitalario de nuestro sindicato ser\u00e1 quien elegir\u00e1 una compa\u00f1era o compa\u00f1ero para la tarea.<\/p>\r\n\r\n\r\n\r\n<h2 class=\"wp-block-heading\"><strong>Agenda de problem\u00e1ticas: transporte<\/strong><\/h2>\r\n\r\n\r\n\r\n<p>En ese mismo tono se abordaron distintos puntos a resolver, que la delegaci\u00f3n de ATE llev\u00f3 ante el director Arg\u00fcello, como es el caso de las denuncias que llegan a manos de nuestras delegadas y delegados sobre la persecuci\u00f3n por parte de personal jer\u00e1rquico hospitalario a las y los trabajadores agentes que hoy, por los paros de transporte, no pueden concurrir a sus lugares de trabajo.<\/p>\r\n\r\n\r\n\r\n<p>Cabe se\u00f1alar que en la primera reuni\u00f3n, llevada a cabo con el Director, hab\u00eda quedo firme el compromiso del hospital de no avalar estas conductas, que se repiten y afectan a nuestros compa\u00f1eros, por lo que Arg\u00fcello se comprometi\u00f3 a que de ahora en m\u00e1s toda modificaci\u00f3n que se establezca al respecto se haga en tiempo y forma, por escrito con sello y firma de la autoridad hospitalaria. Adem\u00e1s, qued\u00f3 establecido que no habr\u00e1 comunicaciones verbales, tom\u00e1ndose medidas m\u00e1s severas de no declinar dicha actitud.<\/p>\r\n\r\n\r\n\r\n<p>En este punto era urgente abordar las dificultades de las y los compa\u00f1eros que para asistir al hospital por problemas de transporte p\u00fablico. La Direcci\u00f3n inform\u00f3 que se encuentra en\u00a0 funcionamiento un sistema con una empresa de remises a la que la instituci\u00f3n abona por viaje, contra rendimiento de tickets correspondientes. As\u00ed mismo, se inform\u00f3 que est\u00e1 en estudio y evaluaci\u00f3n un sistema de transporte privado -estilo combis- para traslado de personal.<\/p>\r\n\r\n\r\n\r\n<h2 class=\"wp-block-heading\"><strong>Testos, protocolos y capacitaciones<\/strong><\/h2>\r\n\r\n\r\n\r\n<p>Sobre la implementaci\u00f3n de testeos para hacer seguimiento de posibles infecciones entre el personal\u00a0 hospital, Arg\u00fcello aclar\u00f3 que ya se est\u00e1n realizando pero que hay una docena disponibles por d\u00eda , seg\u00fan la autorizaci\u00f3n del Ministerio de Salud.<\/p>\r\n\r\n\r\n\r\n<p>En consecuencia, desde ATE solicitamos establezca una log\u00edstica junto a los sectores encargados de tomar las muestras, para cubrir las y los trabajadores m\u00e1s expuestos por ser v\u00edctimas del pluriempleo y de otros sectores, hasta cubrir a todo el personal hospitalario.<\/p>\r\n\r\n\r\n\r\n<p>La Direcci\u00f3n se comprometi\u00f3 a recabar informaci\u00f3n por medio de declaraciones juradas sobre las y los agentes que hoy trabajan en otros centros de salud, aparte del Hospital de Ni\u00f1os.<\/p>\r\n\r\n\r\n\r\n<p>Respecto al flujograma (que establece un protocolo de traslado y circulaci\u00f3n interno del paciente infectado por coronavirus), Arg\u00fcello inform\u00f3 fue modificado seg\u00fan el nuevo perfil de la contingencia y que se dispuso una sala para internaci\u00f3n cr\u00edtica de Covid 19 (pastilla 500) y que posiblemente tambi\u00e9n se habilite otra, en funci\u00f3n de la demanda. Nuestra delegaci\u00f3n reiter\u00f3 el pedido para que se informe a todo el personal en tiempo y forma de cualquier modificaci\u00f3n adoptada, planteo que tuvo el compromiso de la Direcci\u00f3n.<\/p>\r\n\r\n\r\n\r\n<p>Por \u00faltimo, ATE plante\u00f3 las dudas que existen sobre la capacitaci\u00f3n de personal de limpieza hospitalario para cumplir el protocolo espec\u00edfico por Covid 19, compa\u00f1eras y compa\u00f1eros que cumplen funciones en una empresa privada que terceriza este servicio, al igual que otros de servicios complementarios. Arg\u00fcello se comprometi\u00f3 a tratar en punto en cuesti\u00f3n.<\/p>\r\n\r\n\r\n\r\n<p>En esa l\u00ednea, nuestro sindicato reiter\u00f3 la importancia de la capacitaci\u00f3n sobre todo lo relacionado a esta pandemia para todo el personal, que incluya uso correcto seg\u00fan protocolos de los equipos para el personal e brindando informaci\u00f3n actualizada sobre lo que se va conociendo.<\/p>\r\n\r\n\r\n\r\n<p>El Director manifest\u00f3 que har\u00e1n los ajustes necesarios para continuar y profundizar las capacitaciones acordadas anteriormente. Tambi\u00e9n mostr\u00f3 a la delegaci\u00f3n los \u00a0elementos de protecci\u00f3n personal que se utilizan en las \u00e1reas cr\u00edticas, tales como batas y trajes.<\/p>\r\n","protected":false},"excerpt":{"rendered":"<p>Una delegaci\u00f3n de dirigentes, delegadas y delegados de ATE se reuni\u00f3 ayer con el director del centro de salud, doctor Marcelo Arg\u00fcello, en el marco de los contactos institucionales que se vienen llevando a cabo para evaluar y resolver sobre asuntos y problem\u00e1ticas que genera el contexto de la pandemia del coronavirus. En representaci\u00f3n de [&hellip;]<\/p>\n","protected":false},"author":1,"featured_media":19709,"comment_status":"open","ping_status":"open","sticky":true,"template":"","format":"standard","meta":{"_exactmetrics_skip_tracking":false,"_exactmetrics_sitenote_active":false,"_exactmetrics_sitenote_note":"","_exactmetrics_sitenote_category":0,"jnews-multi-image_gallery":[],"jnews_single_post":{"subtitle":"","format":"standard","video":"","gallery":"","source_name":"","source_url":"","via_name":"","via_url":"","override_template":"0","override":[{"template":"1","single_blog_custom":"","parallax":"1","fullscreen":"0","layout":"right-sidebar","sidebar":"default-sidebar","second_sidebar":"default-sidebar","sticky_sidebar":"1","share_position":"top","share_float_style":"share-monocrhome","show_share_counter":"1","show_view_counter":"1","show_featured":"1","show_post_meta":"1","show_post_author":"1","show_post_author_image":"1","show_post_date":"1","post_date_format":"default","post_date_format_custom":"Y\/m\/d","show_post_category":"1","show_post_reading_time":"0","post_reading_time_wpm":"300","show_zoom_button":"0","zoom_button_out_step":"2","zoom_button_in_step":"3","show_post_tag":"1","show_prev_next_post":"1","show_popup_post":"1","number_popup_post":"1","show_author_box":"0","show_post_related":"0","show_inline_post_related":"0"}],"override_image_size":"0","image_override":[{"single_post_thumbnail_size":"crop-500","single_post_gallery_size":"crop-500"}],"trending_post":"0","trending_post_position":"meta","trending_post_label":"Trending","sponsored_post":"0","sponsored_post_label":"Sponsored by","sponsored_post_name":"","sponsored_post_url":"","sponsored_post_logo_enable":"0","sponsored_post_logo":"","sponsored_post_desc":""},"jnews_primary_category":{"id":""},"jnews_social_meta":{"fb_title":"","fb_description":"","fb_image":"","twitter_title":"","twitter_description":"","twitter_image":""},"jnews_review":[],"enable_review":"0","type":"percentage","name":"","summary":"","brand":"","sku":"","good":[{"good_text":""}],"bad":[{"bad_text":""}],"score_override":"","override_value":"","rating":[{"rating_text":"","rating_number":"10"}],"price":[{"shop":"","price":"","link":"","icon":""}],"jnews_override_counter":{"override_view_counter":"0","view_counter_number":"0","override_share_counter":"0","share_counter_number":"0","override_like_counter":"0","like_counter_number":"0","override_dislike_counter":"0","dislike_counter_number":"0"},"jnews_post_split":{"enable_post_split":"0","post_split":[{"template":"1","tag":"h2","numbering":"asc","mode":"normal"}]},"footnotes":""},"categories":[341,104,400,8],"tags":[],"class_list":["post-19740","post","type-post","status-publish","format-standard","has-post-thumbnail","hentry","category-cdp","category-departamento-de-salud","category-estamentos","category-provinciales"],"jetpack_featured_media_url":"https:\/\/atecordoba.org\/wp-content\/uploads\/2020\/06\/Hospital-de-Ni\u00f1os.jpg","_links":{"self":[{"href":"https:\/\/atecordoba.org\/index.php?rest_route=\/wp\/v2\/posts\/19740","targetHints":{"allow":["GET"]}}],"collection":[{"href":"https:\/\/atecordoba.org\/index.php?rest_route=\/wp\/v2\/posts"}],"about":[{"href":"https:\/\/atecordoba.org\/index.php?rest_route=\/wp\/v2\/types\/post"}],"author":[{"embeddable":true,"href":"https:\/\/atecordoba.org\/index.php?rest_route=\/wp\/v2\/users\/1"}],"replies":[{"embeddable":true,"href":"https:\/\/atecordoba.org\/index.php?rest_route=%2Fwp%2Fv2%2Fcomments&post=19740"}],"version-history":[{"count":1,"href":"https:\/\/atecordoba.org\/index.php?rest_route=\/wp\/v2\/posts\/19740\/revisions"}],"predecessor-version":[{"id":19845,"href":"https:\/\/atecordoba.org\/index.php?rest_route=\/wp\/v2\/posts\/19740\/revisions\/19845"}],"wp:featuredmedia":[{"embeddable":true,"href":"https:\/\/atecordoba.org\/index.php?rest_route=\/wp\/v2\/media\/19709"}],"wp:attachment":[{"href":"https:\/\/atecordoba.org\/index.php?rest_route=%2Fwp%2Fv2%2Fmedia&parent=19740"}],"wp:term":[{"taxonomy":"category","embeddable":true,"href":"https:\/\/atecordoba.org\/index.php?rest_route=%2Fwp%2Fv2%2Fcategories&post=19740"},{"taxonomy":"post_tag","embeddable":true,"href":"https:\/\/atecordoba.org\/index.php?rest_route=%2Fwp%2Fv2%2Ftags&post=19740"}],"curies":[{"name":"wp","href":"https:\/\/api.w.org\/{rel}","templated":true}]}}