{"id":19738,"date":"2020-05-12T17:52:45","date_gmt":"2020-05-12T20:52:45","guid":{"rendered":"https:\/\/www.atecordoba.org\/?p=12959"},"modified":"2020-06-09T15:17:57","modified_gmt":"2020-06-09T18:17:57","slug":"evaluacion-y-nuevas-acciones-por-la-reincorporacion-de-despedidxs-durante-el-macrismo","status":"publish","type":"post","link":"https:\/\/atecordoba.org\/?p=19738","title":{"rendered":"Evaluaci\u00f3n y nuevas acciones por la reincorporaci\u00f3n de despedidxs durante el macrismo"},"content":{"rendered":"\n<p><em>La CORREDMA de ATE calific\u00f3 de &#8220;exitosa&#8221; la jornada de ayer y defini\u00f3 que el 21 y 29 de mayo se realizar\u00e1n dos nuevas jornadas de visibilizaci\u00f3n y reclamo exigiendo respuestas del Estado Nacional a los pedidos.<\/em><\/p>\n\n\n\n<figure class=\"wp-block-image size-large\"><img decoding=\"async\" src=\"http:\/\/atecordoba.org\/wp-content\/uploads\/2020\/06\/Corredma-teleconferencia-12-05-2020-1024x660.jpg\" alt=\"\" class=\"wp-image-12960\"\/><\/figure>\n\n\n\n<p>Acaba de concluir la reuni\u00f3n de la coordinaci\u00f3n nacional de la Comisi\u00f3n de Relevamiento y Reincorporaci\u00f3n de Despedidos y Despedidas de la Era Macri (CORREDMA). En la misma se realiz\u00f3 una evaluaci\u00f3n y balance de la acci\u00f3n nacional realizada ayer por la CORREDMA, que tuvo como objetivos la visibilizaci\u00f3n de la situaci\u00f3n por la que atraviesan miles y miles de compa\u00f1eras y compa\u00f1eros que el macrismo despidi\u00f3 en el Estado Nacional; y el pedido por la inmediata vuelta al trabajo.<\/p>\n\n\n\n<p>Estuvieron presentes Alejandro Garz\u00f3n y Vicente Mart\u00ed, Secretario Gremial y del Interior del Consejo Directivo Nacional (CDN), respectivamente; C\u00e9sar Bali\u00f1a, Coordinador Nacional de la CORREDMA; Secretarios Generales de varias provincias y representantes de gran cantidad de \u00e1reas del Estado Nacional que sufrieron despidos durante el gobierno de Cambiemos.<\/p>\n\n\n\n<p>&#8220;Despu\u00e9s de la gran jornada de ayer, donde logramos nacionalizar la campa\u00f1a por la reincorporaci\u00f3n de todos y todas las trabajadoras del Estado Nacional despedidas por el Gobierno neoliberal de Mauricio Macri, nos reunimos hoy a las 9 horas a evaluar las acciones, el comportamiento de nuestra militancia en los territorios y redes sociales y a planificar lo que se viene&#8221;, inform\u00f3 Alejandro Garz\u00f3n. &#8220;Pudimos apreciar que, a pesar de la dur\u00edsima situaci\u00f3n que pasan nuestras despedidas y despedidos, la jornada sirvi\u00f3 para volver a poner de pie la lucha por sus reincorporaciones&#8221;, valor\u00f3 el Secretario del Gremial del CDN.<\/p>\n\n\n\n<p>Se defini\u00f3, adem\u00e1s &#8220;continuar con la visibilizaci\u00f3n y reclamo permanente en redes y medios de comunicaci\u00f3n y la realizaci\u00f3n de dos jornadas de reclamo, en mayo&#8221;, puntualiz\u00f3 Garz\u00f3n y detall\u00f3 que las mismas ser\u00e1n:<\/p>\n\n\n\n<ul class=\"wp-block-list\"><li>Una el 21 de mayo -en conmemoraci\u00f3n al &#8220;Rosariazo&#8221;-, &#8220;que conste de una actividad de valorizaci\u00f3n del empleo p\u00fablico (&#8220;mi trabajo son tus derechos&#8221;) con la inclusi\u00f3n del reclamo conjunto de Apertura de Paritarias Nacionales -que el Gobierno Nacional mantiene cerradas, sin siquiera completar el \u00faltimo tramo de discusi\u00f3n de la pauta salarial 2019- y por la Reincorporaci\u00f3n de todas y todos los despedidos por el macrismo en las \u00e1reas estrat\u00e9gicas del Estado (Fabricaciones Militares, Agricultura Familiar, PAMI, ANSES);<\/li><li>Y la otra actividad, el 29 de mayo -en conmemoraci\u00f3n al &#8220;Cordobazo&#8221;-, con una Jornada Nacional por la reincorporaci\u00f3n de todas las despedidas y despedidos del Estado Nacional en la Era Macri.<\/li><\/ul>\n\n\n\n<p>&#8220;Queda claro el entusiasmo, compromiso y valent\u00eda que tienen quienes conducen los Consejos Directivos Provinciales y Seccionales para no bajar los brazos ante la dif\u00edcil situaci\u00f3n que estamos atravesando, con la cabal comprensi\u00f3n de que somos una gran organizaci\u00f3n nacional y no solo sindicatos regionales&#8221;, ponder\u00f3 Garz\u00f3n quien destac\u00f3 que &#8220;la participaci\u00f3n de quienes fueron despedidas y despedidos y la solidaridad de las activas y activos ser\u00e1n fundamental para dar cuerpo y fuerza a una lucha que es por la fuente laboral de miles de personas y por la concreci\u00f3n de derechos -con un Estado presente que los garantice- para las mayor\u00edas populares&#8221;.<\/p>\n","protected":false},"excerpt":{"rendered":"<p>La CORREDMA de ATE calific\u00f3 de &#8220;exitosa&#8221; la jornada de ayer y defini\u00f3 que el 21 y 29 de mayo se realizar\u00e1n dos nuevas jornadas de visibilizaci\u00f3n y reclamo exigiendo respuestas del Estado Nacional a los pedidos. Acaba de concluir la reuni\u00f3n de la coordinaci\u00f3n nacional de la Comisi\u00f3n de Relevamiento y Reincorporaci\u00f3n de Despedidos [&hellip;]<\/p>\n","protected":false},"author":1,"featured_media":12960,"comment_status":"open","ping_status":"open","sticky":true,"template":"","format":"standard","meta":{"_exactmetrics_skip_tracking":false,"_exactmetrics_sitenote_active":false,"_exactmetrics_sitenote_note":"","_exactmetrics_sitenote_category":0,"jnews-multi-image_gallery":[],"jnews_single_post":[],"jnews_primary_category":[],"jnews_social_meta":[],"jnews_review":[],"enable_review":"","type":"","name":"","summary":"","brand":"","sku":"","good":[],"bad":[],"score_override":"","override_value":"","rating":[],"price":[],"jnews_override_counter":[],"jnews_post_split":[],"footnotes":""},"categories":[18],"tags":[163,336],"class_list":["post-19738","post","type-post","status-publish","format-standard","has-post-thumbnail","hentry","category-nacionales","tag-corredma","tag-democracia-sindical"],"jetpack_featured_media_url":"https:\/\/atecordoba.org\/wp-content\/uploads\/2020\/05\/Enacom.jpg","_links":{"self":[{"href":"https:\/\/atecordoba.org\/index.php?rest_route=\/wp\/v2\/posts\/19738","targetHints":{"allow":["GET"]}}],"collection":[{"href":"https:\/\/atecordoba.org\/index.php?rest_route=\/wp\/v2\/posts"}],"about":[{"href":"https:\/\/atecordoba.org\/index.php?rest_route=\/wp\/v2\/types\/post"}],"author":[{"embeddable":true,"href":"https:\/\/atecordoba.org\/index.php?rest_route=\/wp\/v2\/users\/1"}],"replies":[{"embeddable":true,"href":"https:\/\/atecordoba.org\/index.php?rest_route=%2Fwp%2Fv2%2Fcomments&post=19738"}],"version-history":[{"count":1,"href":"https:\/\/atecordoba.org\/index.php?rest_route=\/wp\/v2\/posts\/19738\/revisions"}],"predecessor-version":[{"id":19904,"href":"https:\/\/atecordoba.org\/index.php?rest_route=\/wp\/v2\/posts\/19738\/revisions\/19904"}],"wp:featuredmedia":[{"embeddable":true,"href":"https:\/\/atecordoba.org\/index.php?rest_route=\/wp\/v2\/media\/12960"}],"wp:attachment":[{"href":"https:\/\/atecordoba.org\/index.php?rest_route=%2Fwp%2Fv2%2Fmedia&parent=19738"}],"wp:term":[{"taxonomy":"category","embeddable":true,"href":"https:\/\/atecordoba.org\/index.php?rest_route=%2Fwp%2Fv2%2Fcategories&post=19738"},{"taxonomy":"post_tag","embeddable":true,"href":"https:\/\/atecordoba.org\/index.php?rest_route=%2Fwp%2Fv2%2Ftags&post=19738"}],"curies":[{"name":"wp","href":"https:\/\/api.w.org\/{rel}","templated":true}]}}