{"id":19715,"date":"2020-05-11T10:28:42","date_gmt":"2020-05-11T13:28:42","guid":{"rendered":"https:\/\/www.atecordoba.org\/?p=12921"},"modified":"2020-06-09T15:26:25","modified_gmt":"2020-06-09T18:26:25","slug":"que-la-crisis-no-la-paguemos-la-clase-trabajadora","status":"publish","type":"post","link":"https:\/\/atecordoba.org\/?p=19715","title":{"rendered":"Que la crisis no la paguemos la clase trabajadora"},"content":{"rendered":"\n<p><em>Desde ATE acompa\u00f1amos y nos solidarizamos con el SUOEM, a partir de la disposici\u00f3n tomada por el Intendente de la Ciudad de C\u00f3rdoba, Mart\u00edn Llaryora, referida a la reducci\u00f3n salarial y horaria de la planta de trabajadores y trabajadoras municipales.<\/em><\/p>\n\n\n\n<figure class=\"wp-block-image size-large\"><img decoding=\"async\" src=\"http:\/\/atecordoba.org\/wp-content\/uploads\/2020\/06\/suoem-1.jpg\" alt=\"\" class=\"wp-image-12923\"\/><\/figure>\n\n\n\n<p>En tal sentido, rechazamos de plano esta disposici\u00f3n del Intendente que fue acompa\u00f1ada solo por el bloque oficialista del Consejo Deliberante de la ciudad.<\/p>\n\n\n\n<p>Este tipo de medidas no hacen m\u00e1s que ampliar la brecha, los salarios de la planta municipal no pueden ser la variable de ajuste.<\/p>\n\n\n\n<p>En una ciudad donde los grandes negocios inmobiliarios se imponen en todo su territorio, pagando migajas de impuestos a las arcas municipales, en donde funcionan infinidad de entidades bancarias -con ganancias extraordinarias incluso en medio de la pandemia al cobrar tasas de inter\u00e9s exorbitantes para los habitantes de la ciudad- que tampoco tributan en funci\u00f3n de lo que genera la actividad, dejando apenas cospeles en impuestos, no podemos tolerar este ajuste sobre los trabajadores.<\/p>\n\n\n\n<p>Por eso rechazamos y repudiamos el accionar desleal de Llaryora de aplicar esta bruta reducci\u00f3n salarial en medio de un aislamiento obligatorio, que trajo aparejado una crisis econ\u00f3mica sin precedentes.<\/p>\n\n\n\n<div class=\"wp-block-group\"><div class=\"wp-block-group__inner-container is-layout-flow wp-block-group-is-layout-flow\">\n<p>No pueden ser las y los municipales quienes paguen la crisis.<\/p>\n\n\n\n<p class=\"has-text-align-center\">Federico Giuliani, Secretario General ATE C\u00f3rdoba<\/p>\n\n\n\n<p class=\"has-text-align-center\">Hugo Dur\u00e1n, Secretario Adjunto<\/p>\n\n\n\n<p class=\"has-text-align-center\">CONSEJO DIRECTIVO ATE PROVINCIA DE C\u00d3RDOBA<\/p>\n<\/div><\/div>\n\n\n\n<p><\/p>\n","protected":false},"excerpt":{"rendered":"<p>Desde ATE acompa\u00f1amos y nos solidarizamos con el SUOEM, a partir de la disposici\u00f3n tomada por el Intendente de la Ciudad de C\u00f3rdoba, Mart\u00edn Llaryora, referida a la reducci\u00f3n salarial y horaria de la planta de trabajadores y trabajadoras municipales. En tal sentido, rechazamos de plano esta disposici\u00f3n del Intendente que fue acompa\u00f1ada solo por [&hellip;]<\/p>\n","protected":false},"author":1,"featured_media":19787,"comment_status":"open","ping_status":"open","sticky":true,"template":"","format":"standard","meta":{"_exactmetrics_skip_tracking":false,"_exactmetrics_sitenote_active":false,"_exactmetrics_sitenote_note":"","_exactmetrics_sitenote_category":0,"jnews-multi-image_gallery":[],"jnews_single_post":[],"jnews_primary_category":[],"jnews_social_meta":[],"jnews_review":[],"enable_review":"","type":"","name":"","summary":"","brand":"","sku":"","good":[],"bad":[],"score_override":"","override_value":"","rating":[],"price":[],"jnews_override_counter":[],"jnews_post_split":[],"footnotes":""},"categories":[10,53],"tags":[],"class_list":["post-19715","post","type-post","status-publish","format-standard","has-post-thumbnail","hentry","category-accion-politica","category-comunicados-de-prensa"],"jetpack_featured_media_url":"https:\/\/atecordoba.org\/wp-content\/uploads\/2020\/06\/ctep-olla-emergencia-alimentaria-768x432-1.jpg","_links":{"self":[{"href":"https:\/\/atecordoba.org\/index.php?rest_route=\/wp\/v2\/posts\/19715","targetHints":{"allow":["GET"]}}],"collection":[{"href":"https:\/\/atecordoba.org\/index.php?rest_route=\/wp\/v2\/posts"}],"about":[{"href":"https:\/\/atecordoba.org\/index.php?rest_route=\/wp\/v2\/types\/post"}],"author":[{"embeddable":true,"href":"https:\/\/atecordoba.org\/index.php?rest_route=\/wp\/v2\/users\/1"}],"replies":[{"embeddable":true,"href":"https:\/\/atecordoba.org\/index.php?rest_route=%2Fwp%2Fv2%2Fcomments&post=19715"}],"version-history":[{"count":1,"href":"https:\/\/atecordoba.org\/index.php?rest_route=\/wp\/v2\/posts\/19715\/revisions"}],"predecessor-version":[{"id":19910,"href":"https:\/\/atecordoba.org\/index.php?rest_route=\/wp\/v2\/posts\/19715\/revisions\/19910"}],"wp:featuredmedia":[{"embeddable":true,"href":"https:\/\/atecordoba.org\/index.php?rest_route=\/wp\/v2\/media\/19787"}],"wp:attachment":[{"href":"https:\/\/atecordoba.org\/index.php?rest_route=%2Fwp%2Fv2%2Fmedia&parent=19715"}],"wp:term":[{"taxonomy":"category","embeddable":true,"href":"https:\/\/atecordoba.org\/index.php?rest_route=%2Fwp%2Fv2%2Fcategories&post=19715"},{"taxonomy":"post_tag","embeddable":true,"href":"https:\/\/atecordoba.org\/index.php?rest_route=%2Fwp%2Fv2%2Ftags&post=19715"}],"curies":[{"name":"wp","href":"https:\/\/api.w.org\/{rel}","templated":true}]}}