{"id":1971,"date":"2012-11-28T17:40:01","date_gmt":"2012-11-28T20:40:01","guid":{"rendered":"http:\/\/www.atecordoba.org\/?p=1971"},"modified":"2012-11-28T17:40:01","modified_gmt":"2012-11-28T20:40:01","slug":"en-un-cine-repleto-se-proyecto-la-pelicula-de-pino-solanas-en-defensa-de-isla-demarchi","status":"publish","type":"post","link":"https:\/\/atecordoba.org\/?p=1971","title":{"rendered":"En un cine repleto, se proyect\u00f3 la pel\u00edcula de Pino Solanas &#8220;en defensa de Isla Demarchi&#8221;"},"content":{"rendered":"<p><em>Mas de 700 compa\u00f1eros asistieron a la proyecci\u00f3n del corto documental &#8220;LA ISLA DEMARCHI&#8221; realizado por el Grupo Audiovisual de Proyecto Sur con la supervisi\u00f3n del Diputado Nacional y Cineasta Fernando Pino Solanas. El audiovisual denuncia la clara intenci\u00f3n de realizar un meganegocio inmobiliario en la Isla bajo el disfraz de un Polo Audiovisual. Julio Fuentes y Juan Carlos Schmidt, Secretario General del gremio de Dragado y Balizamiento, coincidieron: \u201cNo daremos un paso atr\u00e1s, vamos a resistir cualquier intento de desalojo\u201d.<\/em><\/p>\n<p><a href=\"http:\/\/www.atecordoba.org\/wp-content\/uploads\/2012\/11\/cine1.jpg\"><img loading=\"lazy\" decoding=\"async\" class=\"aligncenter size-full wp-image-1972\" title=\"cine1\" src=\"http:\/\/www.atecordoba.org\/wp-content\/uploads\/2012\/11\/cine1.jpg\" alt=\"\" width=\"310\" height=\"186\" \/><\/a><\/p>\n<p>El audiovisual denuncia la clara intenci\u00f3n de realizar un meganegocio inmobiliario en la Isla bajo el disfraz de un Polo Audiovisual. Julio Fuentes y Juan Carlos Schmidt, Secretario General del gremio de Dragado y Balizamiento, coincidieron: \u201cNo daremos un paso atr\u00e1s, vamos a resistir cualquier intento de desalojo\u201d.<\/p>\n<p><a href=\"http:\/\/www.atecordoba.org\/wp-content\/uploads\/2012\/11\/cine2.jpg\"><img loading=\"lazy\" decoding=\"async\" class=\"aligncenter size-full wp-image-1973\" title=\"cine2\" src=\"http:\/\/www.atecordoba.org\/wp-content\/uploads\/2012\/11\/cine2.jpg\" alt=\"\" width=\"450\" height=\"299\" \/><\/a><\/p>\n<div>\n<p>La presentaci\u00f3n de la pel\u00edcula se dio en un marco imponente: el aforo del Cine Metropolitan de la Ciudad de Buenos Aires estaba completo de militantes y trabajadores, tanto del sector en cuesti\u00f3n como de diversas \u00e1reas en las que ATE tiene representaci\u00f3n gremial. En el p\u00fablico se mezclaban compa\u00f1eros de la Asociaci\u00f3n Trabajadores del Estado y de Dragado y Balizamiento, los colores de las pecheras y los c\u00e1nticos que se mezclaban, como los aplausos que se merec\u00edan unos a otros, mostraba en las le unidad en la acci\u00f3n que se viene promoviendo entre gremio de la CTA y la CGT con problem\u00e1ticas y luchas en com\u00fan.<\/p>\n<p><a href=\"http:\/\/www.atecordoba.org\/wp-content\/uploads\/2012\/11\/cine3.jpg\"><img loading=\"lazy\" decoding=\"async\" class=\"aligncenter size-full wp-image-1974\" title=\"cine3\" src=\"http:\/\/www.atecordoba.org\/wp-content\/uploads\/2012\/11\/cine3.jpg\" alt=\"\" width=\"450\" height=\"304\" \/><\/a><\/p>\n<p>Luego de la presentaci\u00f3n de las personalidades destacadas que se hicieron presentes, entre ellos diputados nacionales, referentes gremiales y de organizaciones sociales, continu\u00f3 la proyecci\u00f3n del producto audiovisual. Se trat\u00f3 de una introducci\u00f3n clara y contundente a una problem\u00e1tica que quiz\u00e1s es desconocida por el p\u00fablica general: el desmantelamiento que viene sufriendo la Direcci\u00f3n de Vias Navegables, las consecuencias de este proceso en la desarrollo de una econom\u00eda soberana, el detrimento sufrido en las fuentes de trabajo, y la denuncia del intento de desalojo de Isla Demarchi para la posterior realizaci\u00f3n de un negociado inmobiliario, \u00faltima estocada que el gobierno asestar\u00eda al sector.<\/p>\n<p><a href=\"http:\/\/www.atecordoba.org\/wp-content\/uploads\/2012\/11\/cine4.jpg\"><img loading=\"lazy\" decoding=\"async\" class=\"aligncenter size-full wp-image-1975\" title=\"cine4\" src=\"http:\/\/www.atecordoba.org\/wp-content\/uploads\/2012\/11\/cine4.jpg\" alt=\"\" width=\"450\" height=\"352\" \/><\/a><\/p>\n<p>Al finalizar el film tom\u00f3 la palabra quien dirigi\u00f3 el proyecto. Fernando Pino Solanas, exponente del cine militante y pol\u00edtico en la Argentina, explic\u00f3 cual fue el motivo central que lo llev\u00f3 a realizar el documental: \u201cPoca gente sabe bien qu\u00e9 es la Isla Demarchi, por eso es importante que difundamos su importancia estrat\u00e9gica\u201d. Luego, el diputado nacional asegur\u00f3: \u201cNo hay que olvidar que la infraestructura es clave, pero la Patria est\u00e1 en las capacidades, el esfuerzo y el trabajo que realizan los compa\u00f1eros del sector. Y las capacidades argentinas son enormes, aunque nos quieran hacer creer lo contrario\u201d. Tras realizar una encendida defensa de la lucha que vienen dando ATE y Dragado y Balizamiento, Pino afirm\u00f3 \u201cesas dos hect\u00e1reas pertenecen al pueblo argentino, y es \u00e9l el que debe defenderlas. Por eso celebro la unidad que refleja esta audiencia y la lucha que creo continuar\u00e1\u201d.<\/p>\n<p><a href=\"http:\/\/www.atecordoba.org\/wp-content\/uploads\/2012\/11\/cine5.jpg\"><img loading=\"lazy\" decoding=\"async\" class=\"aligncenter size-full wp-image-1976\" title=\"cine5\" src=\"http:\/\/www.atecordoba.org\/wp-content\/uploads\/2012\/11\/cine5.jpg\" alt=\"\" width=\"450\" height=\"299\" \/><\/a><\/p>\n<p>A continuaci\u00f3n lo sigui\u00f3 el diputado nacional Claudio Lozano, quien resalt\u00f3 el film por mostrar claramente la perspectiva de los trabajadores: \u201cEsta visi\u00f3n es la que desmontar\u00e1 el truchaje qie encarnan el kirchnerismo y el PRO con esos acuerdos espurios\u201d. La alusi\u00f3n refer\u00eda a la connivencia entre ambos sectores pol\u00edticos para aprobar proyectos contrarios a los intereses de la clase trabajadora, tal es el caso de Isla Demarchi y en especial con la Ley de ART impulsada por el Gobierno Nacional y que favorece a patronales.<\/p>\n<p><a href=\"http:\/\/www.atecordoba.org\/wp-content\/uploads\/2012\/11\/cine6.jpg\"><img loading=\"lazy\" decoding=\"async\" class=\"aligncenter size-full wp-image-1977\" title=\"cine6\" src=\"http:\/\/www.atecordoba.org\/wp-content\/uploads\/2012\/11\/cine6.jpg\" alt=\"\" width=\"448\" height=\"298\" \/><\/a><\/p>\n<p>\u201cVamos a resistir, como CTA, cualquier intento de desalojo\u201d, reafirm\u00f3 Pablo Micheli, Secretario General de la CTA, quien tambi\u00e9n resalt\u00f3 el contenido pol\u00edtico y est\u00e9tico del film al afirmar que debe servir para \u201cconmover a la poblaci\u00f3n, al igual que me acaba de conmover a mi, porque ya sabemos que a este gobierno no lo vamos a conmover\u201d.<\/p>\n<p>Otro que asisti\u00f3 al evento fue el Secretario General de la CGT, Hugo Moyano. El dirigente reivindic\u00f3 la lucha que los trabajadores vienen dando en Dermachi y a la vez ratific\u00f3 su apoyo incondicional por parte de la Confederaci\u00f3n General del Trabajo.<\/p>\n<p><a href=\"http:\/\/www.atecordoba.org\/wp-content\/uploads\/2012\/11\/cine7.jpg\"><img loading=\"lazy\" decoding=\"async\" class=\"aligncenter size-full wp-image-1978\" title=\"cine7\" src=\"http:\/\/www.atecordoba.org\/wp-content\/uploads\/2012\/11\/cine7.jpg\" alt=\"\" width=\"448\" height=\"298\" \/><\/a><\/p>\n<p>A posterior hizo uso de la palabra Julio Fuentes para resaltar el trabajo realizado por Pino Solanas como una forma de \u201cacercar al p\u00fablico en general la importancia de Dermachi y su valor estrat\u00e9gico para el desarrollo de una Naci\u00f3n soberana. El Secretario General de ATE sigui\u00f3: \u201cEl sector portuario es fundamental en el desarrollo nacional y es incre\u00edble que se lo busque desmantelar para emprender un negocio inmobiliario que solo va a beneficiar a uno o dos\u201d. A la vez, el dirigente estatal asever\u00f3 que \u201cnuestro compromiso es que no daremos un paso atr\u00e1s, vamos a resistir\u201d.<\/p>\n<p>Para cerrar el acto habl\u00f3 Juan Carlos Schmidt, Secretario General del gremio de Dragado y Balizamiento, quien asegur\u00f3: \u201cSomos un pa\u00eds esencialmente mar\u00edtimo, y lo mas grave es la ausencia de una pol\u00edtica de transporte en un pa\u00eds con nuestras caracter\u00edsticas\u201d. En este sentido, Schmidt tambi\u00e9n reconoci\u00f3 que \u201cesta es una materia pendiente, no solo de este gobierno, sino de la democracia\u201d. Luego, hazo hincapi\u00e9 en la leg\u00edtima unidad en acci\u00f3n que se viene dando entre su gremio y ATE. Para finalizar, asegur\u00f3: \u201ccomo dijo Fuentes, vamos a resistir, no nos vamos a ir de las instalaciones\u201d.<\/p>\n<p>Estuvieron presentes, adem\u00e1s de los compa\u00f1eros y compa\u00f1eros de ATE V\u00edas Navegables, encabezados por Oscar Ver\u00f3n, de Dragado y Balizamiento y de la Federaci\u00f3n Mar\u00edtima Portuaria y de la Industria naval; los diputados V\u00edctor De Gennaro; Ricardo Gil Laavedra, Ricardo Alfonsin, Omar Plaini, Liliana Parada, Fabio Bastiero, entre otros. Tambi\u00e9n los dirigentes sindicales de las centrales CTA y CGT, Hugo Godoy (adjunto nacional de ATE junto a integrantes de la conducci\u00f3n nacional, Silvia Le\u00f3n y Alejandro Garz\u00f3n, entre otros), Jos\u00e9 Luis Matassa por ATE Capital, Carlos Chile por CTA Capital y Julio Piumato y otros dirigentes de la conducci\u00f3n de la CGT. Y representantes de distintos partidos pol\u00edticos, sindicatos y organizaciones sociales.<\/p>\n<\/div>\n","protected":false},"excerpt":{"rendered":"<p>Mas de 700 compa\u00f1eros asistieron a la proyecci\u00f3n del corto documental &#8220;LA ISLA DEMARCHI&#8221; realizado por el Grupo Audiovisual de Proyecto Sur con la supervisi\u00f3n del Diputado Nacional y Cineasta Fernando Pino Solanas. El audiovisual denuncia la clara intenci\u00f3n de realizar un meganegocio inmobiliario en la Isla bajo el disfraz de un Polo Audiovisual. Julio [&hellip;]<\/p>\n","protected":false},"author":1,"featured_media":19220,"comment_status":"open","ping_status":"open","sticky":false,"template":"","format":"standard","meta":{"_exactmetrics_skip_tracking":false,"_exactmetrics_sitenote_active":false,"_exactmetrics_sitenote_note":"","_exactmetrics_sitenote_category":0,"jnews-multi-image_gallery":[],"jnews_single_post":[],"jnews_primary_category":[],"jnews_social_meta":[],"jnews_review":[],"enable_review":"","type":"","name":"","summary":"","brand":"","sku":"","good":[],"bad":[],"score_override":"","override_value":"","rating":[],"price":[],"jnews_override_counter":[],"jnews_post_split":[],"footnotes":""},"categories":[18],"tags":[],"class_list":["post-1971","post","type-post","status-publish","format-standard","has-post-thumbnail","hentry","category-nacionales"],"jetpack_featured_media_url":"https:\/\/atecordoba.org\/wp-content\/uploads\/2020\/05\/logo-nuevochico-e1561581322808.png","_links":{"self":[{"href":"https:\/\/atecordoba.org\/index.php?rest_route=\/wp\/v2\/posts\/1971","targetHints":{"allow":["GET"]}}],"collection":[{"href":"https:\/\/atecordoba.org\/index.php?rest_route=\/wp\/v2\/posts"}],"about":[{"href":"https:\/\/atecordoba.org\/index.php?rest_route=\/wp\/v2\/types\/post"}],"author":[{"embeddable":true,"href":"https:\/\/atecordoba.org\/index.php?rest_route=\/wp\/v2\/users\/1"}],"replies":[{"embeddable":true,"href":"https:\/\/atecordoba.org\/index.php?rest_route=%2Fwp%2Fv2%2Fcomments&post=1971"}],"version-history":[{"count":0,"href":"https:\/\/atecordoba.org\/index.php?rest_route=\/wp\/v2\/posts\/1971\/revisions"}],"wp:featuredmedia":[{"embeddable":true,"href":"https:\/\/atecordoba.org\/index.php?rest_route=\/wp\/v2\/media\/19220"}],"wp:attachment":[{"href":"https:\/\/atecordoba.org\/index.php?rest_route=%2Fwp%2Fv2%2Fmedia&parent=1971"}],"wp:term":[{"taxonomy":"category","embeddable":true,"href":"https:\/\/atecordoba.org\/index.php?rest_route=%2Fwp%2Fv2%2Fcategories&post=1971"},{"taxonomy":"post_tag","embeddable":true,"href":"https:\/\/atecordoba.org\/index.php?rest_route=%2Fwp%2Fv2%2Ftags&post=1971"}],"curies":[{"name":"wp","href":"https:\/\/api.w.org\/{rel}","templated":true}]}}