{"id":1967,"date":"2012-11-28T17:09:33","date_gmt":"2012-11-28T20:09:33","guid":{"rendered":"http:\/\/www.atecordoba.org\/?p=1967"},"modified":"2012-11-28T17:09:33","modified_gmt":"2012-11-28T20:09:33","slug":"organizar-a-los-municipales-ate-en-la-carlota","status":"publish","type":"post","link":"https:\/\/atecordoba.org\/?p=1967","title":{"rendered":"Organizar a los municipales: ATE en La Carlota"},"content":{"rendered":"<p>(fuente: lacarlotadigital.com.ar)<\/p>\n<p><em>El pasado viernes 23 de noviembre, se concret\u00f3 una reuni\u00f3n entre dirigentes de ATE y empleados municipales. De la misma particip\u00f3 Luis B\u00e1rcena quien es Secretario del Interior del Consejo Directivo Provincial, Federico Giuliani Secretario General Seccional R\u00edo Cuarto, adem\u00e1s de otros dirigentes del \u00e1mbito provincial y unos 40 empleados municipales.<\/em><\/p>\n<p><a href=\"http:\/\/www.atecordoba.org\/wp-content\/uploads\/2012\/11\/luis-barcena.jpg\"><img loading=\"lazy\" decoding=\"async\" class=\"aligncenter size-full wp-image-1968\" title=\"luis barcena\" src=\"http:\/\/www.atecordoba.org\/wp-content\/uploads\/2012\/11\/luis-barcena.jpg\" alt=\"\" width=\"249\" height=\"300\" \/><\/a><\/p>\n<p>Antes de iniciarse la reuni\u00f3n, Luis B\u00e1rcena accedi\u00f3 a dialogar con este Medio,\u00a0donde en primer lugar expres\u00f3 que el motivo de su visita en la ciudad se debi\u00f3 a la necesidad de juntarse nuevamente con los empleados municipales, \u201cadem\u00e1s el Secretario General de la ciudad de R\u00edo Cuarto Federico Giuliani va a explicar lo relacionado a la llegada al Concejo Deliberante\u201d.<\/p>\n<p>Acot\u00f3 que se lleg\u00f3 al Concejo porque el\u00a0\u201cIntendente se reh\u00fasa a recibirnos, y m\u00e1s all\u00e1 de los tires y afloje, creo que el Intendente se est\u00e1 equivocando en este sentido\u201d.<\/p>\n<p>La necesidad de juntarse con el Intendente es para ir viendo la posibilidad de resolver ciertos inconvenientes con los trabajadores,\u00a0\u201cya que no todos cobran ciertos adicionales, no tienen estabilidad laboral, no cobran riesgo de trabajo, de tareas peligrosas, de tareas insalubres, de manejo de maquinas pesadas,\u2026y todo lo que respecta a la recategorizaci\u00f3n que es un mal, que no solo se da en esta ciudad, y el tema de la estabilidad laboral ya que hay un gran n\u00famero de trabajadores no registrados que no tienen el pase a planta permanente\u2026y se debe respetar la\u00a0antig\u00fcedad\u2026\u201d.<\/p>\n<p>Acot\u00f3 que se espera que el Intendente los reciba, que tenga la voluntad de hacerlo,\u00a0\u201cpara no llegar m\u00e1s all\u00e1\u2026y en relaci\u00f3n a las acciones que podemos llegar a implementar se va a discutir con los trabajadores\u2026no venimos como dirigentes iluminados a decir que es lo que tienen que hacer\u2026pero de todas maneras va a haber acciones que se van a tomar y si hoy por hoy sigue la resistencia de recibir a nuestro Secretario General de la Seccional de R\u00edo Cuarto, nosotros desde la provincia tenemos que empezar a actuar porque se empieza a exceder la voluntad pol\u00edtica y el desmanejo del poder\u2026pero reitero creo que el intendente tiene que recapacitar, tiene nuestros tel\u00e9fonos y creo que la mejor manera es sentarnos a discutir en buenos t\u00e9rminos como empezamos a trabajar, y queremos saber en que cosas se puede avanzar para lograr que los trabajadores est\u00e9n trabajando con alegr\u00eda, con gusto y que la gente no los tome como que son vagos que toman caf\u00e9\u2026porque son los que realmente brindan el servicio para que las calles est\u00e9n limpias\u2026y corren el riesgo detr\u00e1s de un cami\u00f3n\u2026pero digo el Intendente tiene que recapacitar y no decir que alg\u00fan d\u00eda nos va a recibir o algo por el estilo\u2026y decir que cuando la agenda se lo permita nos va a recibir, es una falta de respeto\u2026\u201d.<\/p>\n<p>Aclar\u00f3 que cuando se abran las paritarias no solo tiene que sentarse a hablar con ATE,\u00a0\u201csino que se sientan los dos gremios y se respeta la Democracia y la Libertad Sindical\u2026son los compa\u00f1eros que van a exponer en la mesa y \u00a0tambi\u00e9n la patronal y luego en Asamblea se tomar\u00e1 la decisi\u00f3n\u201d.<\/p>\n<p>En relaci\u00f3n a las declaraciones del Intendente Guaschino de que los dirigentes de ATE lo agredieron, Luis B\u00e1rcena dijo que nunca lo agredi\u00f3,\u00a0\u201csino que me demuestre cuando lo agred\u00ed\u2026al contrario yo he pedido que nos reciba para poder tener un di\u00e1logo\u2026y no se trata de ver quien tiene la fuerza y quien tiene el poder\u2026nosotros tratamos de evitar el conflicto y procurar garantizar la gesti\u00f3n que implica que se sienten las partes a discutir, a agotar todo, y despu\u00e9s sino llegamos a buen puerto sabemos cu\u00e1l ser\u00e1 la actitud que le corresponde al se\u00f1or Intendente y a nosotros como trabajadores\u201d.<\/p>\n<p>B\u00e1rcena dio su opini\u00f3n del trabajo que viene realizando ATE en La Carlota ante lo que expres\u00f3 que sabe que se vienen reuniendo\u00a0peri\u00f3dicamente,\u00a0\u201cy ac\u00e1 hay una cultura que se debe romper, de sometimiento, es decir los trabajadores se acostumbran a estar sometidos a los cambios pol\u00edticos y muchas veces se ejerce cierta presi\u00f3n en el manejo hacia las personas\u2026y romper esa cultura lleva tiempo\u2026y los trabajadores tienen miedo, por su trabajo\u2026y los compa\u00f1eros deben entender que hay otra v\u00eda en todo esto y que se pueden organizar de otra manera, que no depende del color pol\u00edtico de un intendente\u2026y bueno lo estamos tratando de lograr\u2026y los chicos de R\u00edo cuarto tienen la suficiente capacidad de lograr este trabajo, son compa\u00f1eros muy honestos, y no piden por ellos, sino por los trabajadores\u2026viven como hablan\u2026.y a esto lo pueden chequear, lo pueden investigar y se van a encontrar con una realidad que no somos un gremio que viene \u00a0a hacer plata\u2026\u201d.<\/p>\n<p>Dijo que hay compa\u00f1eros, que lo han llamado, y le han manifestado que sienten el apriete dentro de la Municipalidad,\u00a0\u201cy no de parte del Intendente, sino de punteros u de otros funcionarios que va y aprieta a los compa\u00f1eros\u2026y los compa\u00f1eros a esto no lo hacen formalmente, de denunciar, por el temor que implica\u2026y no son los m\u00e9todos porque sino estamos volviendo otra \u00e9poca, de la que ya hemos salido, y hoy estamos viviendo en Democracia y se debe entender bien\u2026y no debe ser una Democracia autoritaria sino participativa\u2026cada uno tiene la posibilidad de expresarse y opinar libremente\u2026podemos tener diferencias\u2026pero hay que respetar estas cosas\u2026y no con aprietes\u2026\u201d.<\/p>\n<p>Por \u00faltimo dijo que cuando ATE lleg\u00f3 a La Carlota no hab\u00eda compa\u00f1eros afiliados al gremio,\u00a0\u201cy hoy hay 40 compa\u00f1eros en esta reuni\u00f3n y mas all\u00e1 de que les guste o no les guste, vamos a seguir creciendo, ATE vino a instalarse ac\u00e1\u2026y reitero no somos un gremio afines a lo pol\u00edtico partidario\u2026somos un gremio para los trabajadores\u2026y no importa la cantidad de afiliados, y si se \u00a0refiere a eso, es de manera despectiva y le falta el respeto, no a los dirigentes, sino a sus mismo trabajadores que le brindan el servicio a \u00e9l\u2026\u201d,\u00a0concluy\u00f3 diciendo B\u00e1rcena.<\/p>\n<p>Cabe aclarar que esta ma\u00f1ana se inform\u00f3 desde esta entidad gremial que muy pronto ATE abrir\u00e1 las puertas de una Delegaci\u00f3n en La Carlota.<\/p>\n","protected":false},"excerpt":{"rendered":"<p>(fuente: lacarlotadigital.com.ar) El pasado viernes 23 de noviembre, se concret\u00f3 una reuni\u00f3n entre dirigentes de ATE y empleados municipales. De la misma particip\u00f3 Luis B\u00e1rcena quien es Secretario del Interior del Consejo Directivo Provincial, Federico Giuliani Secretario General Seccional R\u00edo Cuarto, adem\u00e1s de otros dirigentes del \u00e1mbito provincial y unos 40 empleados municipales. Antes de [&hellip;]<\/p>\n","protected":false},"author":1,"featured_media":19220,"comment_status":"open","ping_status":"open","sticky":false,"template":"","format":"standard","meta":{"_exactmetrics_skip_tracking":false,"_exactmetrics_sitenote_active":false,"_exactmetrics_sitenote_note":"","_exactmetrics_sitenote_category":0,"jnews-multi-image_gallery":[],"jnews_single_post":[],"jnews_primary_category":[],"jnews_social_meta":[],"jnews_review":[],"enable_review":"","type":"","name":"","summary":"","brand":"","sku":"","good":[],"bad":[],"score_override":"","override_value":"","rating":[],"price":[],"jnews_override_counter":[],"jnews_post_split":[],"footnotes":""},"categories":[20],"tags":[],"class_list":["post-1967","post","type-post","status-publish","format-standard","has-post-thumbnail","hentry","category-municipales"],"jetpack_featured_media_url":"https:\/\/atecordoba.org\/wp-content\/uploads\/2020\/05\/logo-nuevochico-e1561581322808.png","_links":{"self":[{"href":"https:\/\/atecordoba.org\/index.php?rest_route=\/wp\/v2\/posts\/1967","targetHints":{"allow":["GET"]}}],"collection":[{"href":"https:\/\/atecordoba.org\/index.php?rest_route=\/wp\/v2\/posts"}],"about":[{"href":"https:\/\/atecordoba.org\/index.php?rest_route=\/wp\/v2\/types\/post"}],"author":[{"embeddable":true,"href":"https:\/\/atecordoba.org\/index.php?rest_route=\/wp\/v2\/users\/1"}],"replies":[{"embeddable":true,"href":"https:\/\/atecordoba.org\/index.php?rest_route=%2Fwp%2Fv2%2Fcomments&post=1967"}],"version-history":[{"count":0,"href":"https:\/\/atecordoba.org\/index.php?rest_route=\/wp\/v2\/posts\/1967\/revisions"}],"wp:featuredmedia":[{"embeddable":true,"href":"https:\/\/atecordoba.org\/index.php?rest_route=\/wp\/v2\/media\/19220"}],"wp:attachment":[{"href":"https:\/\/atecordoba.org\/index.php?rest_route=%2Fwp%2Fv2%2Fmedia&parent=1967"}],"wp:term":[{"taxonomy":"category","embeddable":true,"href":"https:\/\/atecordoba.org\/index.php?rest_route=%2Fwp%2Fv2%2Fcategories&post=1967"},{"taxonomy":"post_tag","embeddable":true,"href":"https:\/\/atecordoba.org\/index.php?rest_route=%2Fwp%2Fv2%2Ftags&post=1967"}],"curies":[{"name":"wp","href":"https:\/\/api.w.org\/{rel}","templated":true}]}}