{"id":1955,"date":"2012-11-22T16:27:45","date_gmt":"2012-11-22T19:27:45","guid":{"rendered":"http:\/\/www.atecordoba.org\/?p=1955"},"modified":"2012-11-22T16:27:45","modified_gmt":"2012-11-22T19:27:45","slug":"villa-carlos-paz-encuentro-nacional-por-la-salud-de-los-trabajadores-y-las-condiciones-y-medio-ambiente-de-trabajo","status":"publish","type":"post","link":"https:\/\/atecordoba.org\/?p=1955","title":{"rendered":"Villa Carlos Paz: Encuentro Nacional por la Salud de los Trabajadores y las Condiciones y Medio Ambiente de Trabajo"},"content":{"rendered":"<p align=\"center\"><a href=\"http:\/\/www.atecordoba.org\/wp-content\/uploads\/2012\/11\/cta-color.jpg\"><img loading=\"lazy\" decoding=\"async\" class=\"aligncenter size-medium wp-image-1959\" title=\"cta color\" src=\"http:\/\/www.atecordoba.org\/wp-content\/uploads\/2012\/11\/cta-color-e1353612395982-300x104.jpg\" alt=\"\" width=\"300\" height=\"104\" \/><\/a><\/p>\n<p align=\"center\"><strong><span style=\"text-decoration: underline;\"><span style=\"font-size: xx-large;\"><br \/>\n<\/span><\/span><\/strong><\/p>\n<p align=\"center\"><strong>\u00a0<\/strong><strong><span style=\"font-size: large;\">Villa Carlos Paz, 7 y\u00a08 de Diciembre\u00a0de 2012<\/span><\/strong><\/p>\n<p align=\"center\"><span style=\"font-size: large;\"><strong><span style=\"text-decoration: underline;\">Lugar<\/span><\/strong><strong>:\u00a0<\/strong>Casa del Trabajador de Prensa, en la ciudad de Villa Carlos Paz, calle Elpidio Gonz\u00e1lez 307, Villa del Lago, TE 03541 422 711<\/span><\/p>\n<p align=\"center\"><span style=\"font-size: large;\"><br \/>\n<\/span><\/p>\n<p align=\"center\"><strong>\u201cRedoblar la ofensiva por la derogaci\u00f3n del Sistema de Riesgos del Trabajo y la sanci\u00f3n de la Ley de Prevenci\u00f3n y Reparaci\u00f3n de Da\u00f1os de Origen Laboral de la CTA\u201d<\/strong><strong><br \/>\n<\/strong><strong><br \/>\n<\/strong><\/p>\n<p align=\"center\"><span style=\"font-size: large;\">A los compa\u00f1eros secretarios de salud laboral y activistas del \u00e1rea:<\/span><\/p>\n<p><span style=\"font-size: large;\">El 2012 ha sido un a\u00f1o pleno de iniciativas y logros. Nuestra campa\u00f1a contra las \u00a0ART y por una nueva ley lleg\u00f3 mucho mas all\u00e1 de lo imaginado, poni\u00e9ndose en el centro del debate nacional politico y gremial.<\/span><\/p>\n<p><span style=\"font-size: large;\">Para balancear lo hecho y planificar el 2013, siguiendo la l\u00ednea de los encuentros de Carlos Paz y Villa Constituci\u00f3n,\u00a0\u00a0nos encontraremos el 7 y\u00a08 de \u00a0 \u00a0 \u00a0 \u00a0Diciembre\u00a0en la Casa del Trabajador de Prensa del CISPREN, en Villa Carlos Paz, C\u00f3rdoba. Habr\u00e1 apoyo para el alojamiento y la alimentaci\u00f3n. El viaje deber\u00e1 ser solventado por los participantes. Los compa\u00f1eros del ISLYMA se har\u00e1n cargo de la inscripci\u00f3n y brindar\u00e1n informaci\u00f3n.<\/span><\/p>\n<p><span style=\"font-size: large;\">Un fraternal abrazo<br \/>\n<\/span><\/p>\n<p><span style=\"font-size: large;\"><span style=\"font-family: 'Arial Black';\"><strong><a href=\"http:\/\/www.atecordoba.org\/wp-content\/uploads\/2012\/11\/islyma.jpg\"><img loading=\"lazy\" decoding=\"async\" class=\"aligncenter size-medium wp-image-1961\" title=\"islyma\" src=\"http:\/\/www.atecordoba.org\/wp-content\/uploads\/2012\/11\/islyma-214x300.jpg\" alt=\"\" width=\"214\" height=\"300\" \/><\/a><br \/>\n<\/strong><\/span><\/span><\/p>\n<p><span style=\"font-size: large;\"><span style=\"font-family: 'Arial Black';\"><strong><\/strong><strong>Jorge Yabkowski<\/strong><strong><\/strong><strong>\u00a0<\/strong><\/span><br \/>\n<strong>Secretario de Salud Laboral<br \/>\nMesa Ejecutiva Nacional CTA<br \/>\n<\/strong><\/span><\/p>\n<p><strong><big><span style=\"font-size: large;\"><br \/>\n<\/span><\/big><\/strong><\/p>\n<p><span style=\"font-family: 'times new roman', serif; font-size: large;\"><strong><big>Guillermo Diaz<\/big><\/strong><\/span><br \/>\n<strong><\/strong><small><big><big><big><big><big><big><big><strong><span style=\"font-size: large;\">Secretario de Cond. y Medio Amb. de Trabajo<\/span><\/strong><\/big><\/big><\/big><\/big><\/big><\/big><\/big>\u00a0\u00a0\u00a0\u00a0\u00a0<\/small><br \/>\n<small><\/small><small><strong>Mesa Ejecutiva Nacional CTA<\/strong><\/small>\u00a0\u00a0<strong><\/strong><\/p>\n<div align=\"center\"><span style=\"font-size: large;\"><strong><span style=\"text-decoration: underline;\">PROGRAMA<\/span><\/strong><strong><\/strong><\/span><\/div>\n<p><span style=\"font-size: large;\"><strong><span style=\"text-decoration: underline;\">Viernes\u00a07<\/span><\/strong><\/span><\/p>\n<p><span style=\"font-size: large;\"><em>14:00 hs<\/em>.\u00a0\u00a0 Palabras de bienvenida, a cargo del Secretario General del\u00a0<strong>CISPREN<\/strong>,\u00a0<strong>Carlos Valduvino\u00a0<\/strong>y apertura a cargo de\u00a0<strong>Jorge Yabkowski<\/strong>, Secretario de Salud Laboral de la\u00a0<strong>Mesa Ejecutiva Nacional\u00a0<\/strong>de la<strong>\u00a0CTA<\/strong>.<em><\/em><\/span><\/p>\n<p><span style=\"font-size: large;\"><em>14:30 hs<\/em>. Exposici\u00f3n del\u00a0<strong>Diputado Nacional\u00a0V\u00edctor de Gennaro<\/strong>:<em>\u201cBalance de lo actuado y perspectivas de trabajo por la derogaci\u00f3n del sistema de riesgos del trabajo y la promulgaci\u00f3n del Anteproyecto de Ley de Prevenci\u00f3n y Reparaci\u00f3n de Da\u00f1os de la CTA\u201d<\/em><em><\/em><\/span><\/p>\n<p><span style=\"font-size: large;\"><em>16:00 hs.<\/em>\u00a0Debate Plenario<\/span><\/p>\n<p><span style=\"font-size: large;\"><em>17:30 hs<\/em>. Exposici\u00f3n \u00a0del\u00a0<strong>Dr. Eugenio Biafore<\/strong>:\u00a0\u00a0<em>\u201cLa Ley de Prevenci\u00f3n de la CTA, de lo posible a lo necesario. Incorporaci\u00f3n innovadora de los factores de riesgos psicosociales. El impacto gremial, pol\u00edtico y acad\u00e9mico del proyecto\u201d<\/em>.<\/span><\/p>\n<p><span style=\"font-size: large;\"><em>19:00 hs<\/em>. Debate Plenario<\/span><\/p>\n<p><span style=\"font-size: large;\"><em>21:00 hs<\/em>. Cena<\/span><\/p>\n<p><span style=\"font-size: large;\"><em>22:00 hs<\/em>. Espect\u00e1culo musical<\/span><\/p>\n<p><span style=\"font-size: large;\"><br \/>\n<\/span><\/p>\n<p><span style=\"font-size: large;\"><strong><span style=\"text-decoration: underline;\">S\u00e1bado 8<\/span><\/strong><\/span><\/p>\n<p><span style=\"font-size: large;\"><em>9:30 hs<\/em>. Trabajo en Comisiones sobre la base de ejes\u00a0 disparadores. Se procura que el Taller fructifique en un Plan de Acci\u00f3n Nacional.<\/span><\/p>\n<p><span style=\"font-size: large;\"><em>11:30 hs<\/em>. Puesta en com\u00fan del trabajo en las Comisiones. Conclusiones, resoluciones.<\/span><\/p>\n<p><span style=\"font-size: large;\"><em>13:00 hs<\/em>. Cierre a cargo de\u00a0<strong>Jorge Yabkowski<\/strong>, Secretario de Salud Laboral de la\u00a0<strong>Mesa Ejecutiva Nacional\u00a0<\/strong>de la<strong>\u00a0CTA.<\/strong><\/span><\/p>\n<p><span style=\"font-size: large;\"><em>13:30 hs<\/em>. Almuerzo<\/span><\/p>\n<div>\n<p><span style=\"font-size: large;\"><em>14:30 hs<\/em>.\u00a0 Brindis de Despedida<\/span><\/p>\n<\/div>\n<p align=\"center\"><span style=\"font-size: large;\"><big><big><big><span style=\"font-size: large;\"><strong>Informes e inscripciones<\/strong><strong>:\u00a0<\/strong><\/span><\/big><\/big><\/big><strong><big><big><big><span style=\"font-size: large;\">HASTA EL\u00a0\u00a031 DE NOVIEMBRE<\/span><\/big><\/big><\/big><\/strong><\/span><\/p>\n<p align=\"center\"><strong><span style=\"font-size: large;\">\u00a0<\/span><\/strong><\/p>\n<p><span style=\"font-size: large;\"><strong><span style=\"text-decoration: underline;\">Silvia Belga<\/span><\/strong><strong>:\u00a0<\/strong><a href=\"mailto:silviabelga@islyma.org.ar\" target=\"_blank\" rel=\"noopener noreferrer\"><strong>silviabelga@islyma.org.ar<\/strong><\/a><strong><\/strong><\/span><\/p>\n<p><span style=\"font-size: large;\"><strong><span style=\"text-decoration: underline;\">Mar\u00eda\u00a0 Dolores Bertarelli<\/span><\/strong><strong>:\u00a0<\/strong><a href=\"mailto:mdbertarelli@islyma.org.ar\" target=\"_blank\" rel=\"noopener noreferrer\"><strong>mdbertarelli@islyma.org.ar<\/strong><\/a><strong><\/strong><\/span><\/p>\n<p><span style=\"font-size: large;\"><strong>Solicitamos colaboraci\u00f3n para los alojamientos:\u00a0<\/strong><em>Todo compa\u00f1ero\/a que pueda traer su Bolsa de Dormir\u00a0\u00a0\u00f3 a los que desde su organizaci\u00f3n les pudieran pagar un Hotel (solicitarnos reserva) nos hagan saber al momento de la INSCRIPCION, as\u00ed vamos organizando los alojamientos, ya que este Encuentro es con y desde el ESFUERZO DE TODO\/AS .\u00a0<strong><span style=\"text-decoration: underline;\">NECESITAMOS ESA INFORMACION<br \/>\n<\/span><\/strong><\/em><\/span><\/p>\n<p><span style=\"font-size: large;\"><br \/>\n<em><strong><\/strong><\/em><\/span><\/p>\n<p><span style=\"font-size: large;\"><strong>A SABER:\u00a0<\/strong><em>La Casa del Trabajador de Prensa (QUE NOS BRINDA EL CISPREN) cuenta con 32 Plazas, con la posibilidad de ACANTONAR (con Bolsas dentro de las mismas habitaciones), de cubrir esas plazas tendremos que disponer de un Hotel. Desde ya, \u00a1\u00a1Muchas Gracias!!\u00a0\u00a0por comprender la organizaci\u00f3n del Encuentro. Estamos a disposici\u00f3n de cualquier duda o consulta.<\/em><\/span><\/p>\n","protected":false},"excerpt":{"rendered":"<p>\u00a0Villa Carlos Paz, 7 y\u00a08 de Diciembre\u00a0de 2012 Lugar:\u00a0Casa del Trabajador de Prensa, en la ciudad de Villa Carlos Paz, calle Elpidio Gonz\u00e1lez 307, Villa del Lago, TE 03541 422 711 \u201cRedoblar la ofensiva por la derogaci\u00f3n del Sistema de Riesgos del Trabajo y la sanci\u00f3n de la Ley de Prevenci\u00f3n y Reparaci\u00f3n de Da\u00f1os [&hellip;]<\/p>\n","protected":false},"author":1,"featured_media":19220,"comment_status":"open","ping_status":"open","sticky":false,"template":"","format":"standard","meta":{"_exactmetrics_skip_tracking":false,"_exactmetrics_sitenote_active":false,"_exactmetrics_sitenote_note":"","_exactmetrics_sitenote_category":0,"jnews-multi-image_gallery":[],"jnews_single_post":[],"jnews_primary_category":[],"jnews_social_meta":[],"jnews_review":[],"enable_review":"","type":"","name":"","summary":"","brand":"","sku":"","good":[],"bad":[],"score_override":"","override_value":"","rating":[],"price":[],"jnews_override_counter":[],"jnews_post_split":[],"footnotes":""},"categories":[1],"tags":[],"class_list":["post-1955","post","type-post","status-publish","format-standard","has-post-thumbnail","hentry","category-sin-categoria"],"jetpack_featured_media_url":"https:\/\/atecordoba.org\/wp-content\/uploads\/2020\/05\/logo-nuevochico-e1561581322808.png","_links":{"self":[{"href":"https:\/\/atecordoba.org\/index.php?rest_route=\/wp\/v2\/posts\/1955","targetHints":{"allow":["GET"]}}],"collection":[{"href":"https:\/\/atecordoba.org\/index.php?rest_route=\/wp\/v2\/posts"}],"about":[{"href":"https:\/\/atecordoba.org\/index.php?rest_route=\/wp\/v2\/types\/post"}],"author":[{"embeddable":true,"href":"https:\/\/atecordoba.org\/index.php?rest_route=\/wp\/v2\/users\/1"}],"replies":[{"embeddable":true,"href":"https:\/\/atecordoba.org\/index.php?rest_route=%2Fwp%2Fv2%2Fcomments&post=1955"}],"version-history":[{"count":0,"href":"https:\/\/atecordoba.org\/index.php?rest_route=\/wp\/v2\/posts\/1955\/revisions"}],"wp:featuredmedia":[{"embeddable":true,"href":"https:\/\/atecordoba.org\/index.php?rest_route=\/wp\/v2\/media\/19220"}],"wp:attachment":[{"href":"https:\/\/atecordoba.org\/index.php?rest_route=%2Fwp%2Fv2%2Fmedia&parent=1955"}],"wp:term":[{"taxonomy":"category","embeddable":true,"href":"https:\/\/atecordoba.org\/index.php?rest_route=%2Fwp%2Fv2%2Fcategories&post=1955"},{"taxonomy":"post_tag","embeddable":true,"href":"https:\/\/atecordoba.org\/index.php?rest_route=%2Fwp%2Fv2%2Ftags&post=1955"}],"curies":[{"name":"wp","href":"https:\/\/api.w.org\/{rel}","templated":true}]}}