{"id":1951,"date":"2012-11-21T18:48:49","date_gmt":"2012-11-21T21:48:49","guid":{"rendered":"http:\/\/www.atecordoba.org\/?p=1951"},"modified":"2012-11-21T18:48:49","modified_gmt":"2012-11-21T21:48:49","slug":"unquillo-50-municipales-se-afiliaron-a-ate","status":"publish","type":"post","link":"https:\/\/atecordoba.org\/?p=1951","title":{"rendered":"Unquillo: 50 municipales se afiliaron a ATE"},"content":{"rendered":"<p><em>Los compa\u00f1eros constituyen m\u00e1s del 10% del plantel municipal.<\/em><\/p>\n<p><a href=\"http:\/\/www.atecordoba.org\/wp-content\/uploads\/2012\/11\/fotos-municipales-ate-unquillo.jpg\"><img loading=\"lazy\" decoding=\"async\" class=\"aligncenter size-medium wp-image-1952\" title=\"fotos municipales ate unquillo\" src=\"http:\/\/www.atecordoba.org\/wp-content\/uploads\/2012\/11\/fotos-municipales-ate-unquillo-300x224.jpg\" alt=\"\" width=\"300\" height=\"224\" \/><\/a><\/p>\n<p>Desde mediados de octubre se vienen sumando afiliaciones entre los municipales de Unquillo. A esta semana, ya son 50 los compa\u00f1eros que eligieron a ATE y que demuestran que existe en los municipios de la provincia de C\u00f3rdoba la posibilidad de cumplir con la libertad y democracia sindical, cuando las patronales -intendentes- s\u00f3lo se ocupan de cumplir la ley.<\/p>\n<p>Una vez concretadas las afiliaciones, los compa\u00f1eros resolvieron elegir en asamblea a tres delegados normalizadores a los fines de iniciar las gestiones con las autoridades y participar en la mesa de relaciones laborales de la comuna. Se trata de los compa\u00f1eros Miguel Rodr\u00edguez, Mar\u00eda el Carmen Franco y German Alejandro Mur\u00faa.<\/p>\n<p>Los trabajadores destacan, entre las principales problem\u00e1ticas del sector, la precarizaci\u00f3n laboral (ya que s\u00f3lo el 35% de los trabajadores integran la planta permanente), bajos salarios y malas condiciones de trabajo, entre otros puntos que comenzar\u00e1n a tratarse con las autoridades.<\/p>\n","protected":false},"excerpt":{"rendered":"<p>Los compa\u00f1eros constituyen m\u00e1s del 10% del plantel municipal. Desde mediados de octubre se vienen sumando afiliaciones entre los municipales de Unquillo. A esta semana, ya son 50 los compa\u00f1eros que eligieron a ATE y que demuestran que existe en los municipios de la provincia de C\u00f3rdoba la posibilidad de cumplir con la libertad y [&hellip;]<\/p>\n","protected":false},"author":1,"featured_media":19220,"comment_status":"open","ping_status":"open","sticky":false,"template":"","format":"standard","meta":{"_exactmetrics_skip_tracking":false,"_exactmetrics_sitenote_active":false,"_exactmetrics_sitenote_note":"","_exactmetrics_sitenote_category":0,"jnews-multi-image_gallery":[],"jnews_single_post":[],"jnews_primary_category":[],"jnews_social_meta":[],"jnews_review":[],"enable_review":"","type":"","name":"","summary":"","brand":"","sku":"","good":[],"bad":[],"score_override":"","override_value":"","rating":[],"price":[],"jnews_override_counter":[],"jnews_post_split":[],"footnotes":""},"categories":[20],"tags":[],"class_list":["post-1951","post","type-post","status-publish","format-standard","has-post-thumbnail","hentry","category-municipales"],"jetpack_featured_media_url":"https:\/\/atecordoba.org\/wp-content\/uploads\/2020\/05\/logo-nuevochico-e1561581322808.png","_links":{"self":[{"href":"https:\/\/atecordoba.org\/index.php?rest_route=\/wp\/v2\/posts\/1951","targetHints":{"allow":["GET"]}}],"collection":[{"href":"https:\/\/atecordoba.org\/index.php?rest_route=\/wp\/v2\/posts"}],"about":[{"href":"https:\/\/atecordoba.org\/index.php?rest_route=\/wp\/v2\/types\/post"}],"author":[{"embeddable":true,"href":"https:\/\/atecordoba.org\/index.php?rest_route=\/wp\/v2\/users\/1"}],"replies":[{"embeddable":true,"href":"https:\/\/atecordoba.org\/index.php?rest_route=%2Fwp%2Fv2%2Fcomments&post=1951"}],"version-history":[{"count":0,"href":"https:\/\/atecordoba.org\/index.php?rest_route=\/wp\/v2\/posts\/1951\/revisions"}],"wp:featuredmedia":[{"embeddable":true,"href":"https:\/\/atecordoba.org\/index.php?rest_route=\/wp\/v2\/media\/19220"}],"wp:attachment":[{"href":"https:\/\/atecordoba.org\/index.php?rest_route=%2Fwp%2Fv2%2Fmedia&parent=1951"}],"wp:term":[{"taxonomy":"category","embeddable":true,"href":"https:\/\/atecordoba.org\/index.php?rest_route=%2Fwp%2Fv2%2Fcategories&post=1951"},{"taxonomy":"post_tag","embeddable":true,"href":"https:\/\/atecordoba.org\/index.php?rest_route=%2Fwp%2Fv2%2Ftags&post=1951"}],"curies":[{"name":"wp","href":"https:\/\/api.w.org\/{rel}","templated":true}]}}