{"id":1945,"date":"2012-11-21T18:14:16","date_gmt":"2012-11-21T21:14:16","guid":{"rendered":"http:\/\/www.atecordoba.org\/?p=1945"},"modified":"2012-11-21T18:14:16","modified_gmt":"2012-11-21T21:14:16","slug":"jesus-maria-festejos-por-el-dia-del-municipal","status":"publish","type":"post","link":"https:\/\/atecordoba.org\/?p=1945","title":{"rendered":"Jes\u00fas Mar\u00eda: Festejos por el d\u00eda del municipal"},"content":{"rendered":"<p><em>Los trabajadores municipales festejaron el pasado 8 de noviembre el D\u00eda del Trabajador Municipal, con un agasajo convocado por la delegada de ATE M\u00f3nica Nielsen.<\/em><\/p>\n<p>Alrededor de 60 compa\u00f1eros festejaron en una jornada que sirve para profundizar las lazos de camarader\u00eda y fraternidad entre los compa\u00f1eros, pero tambi\u00e9n para analizar cu\u00e1l es la realidad del personal dependiente del municipio de Jes\u00fas Mar\u00eda. En ese sentido, se acord\u00f3 desarrollar un plan de acci\u00f3n para revertir las situaciones de precariedad laboral y los casos de maltrato dentro de la intendencia.<\/p>\n<p><a href=\"http:\/\/www.atecordoba.org\/wp-content\/uploads\/2012\/11\/DSC01324.jpg\"><img loading=\"lazy\" decoding=\"async\" class=\"aligncenter size-medium wp-image-1946\" title=\"DSC01324\" src=\"http:\/\/www.atecordoba.org\/wp-content\/uploads\/2012\/11\/DSC01324-300x225.jpg\" alt=\"\" width=\"300\" height=\"225\" \/><\/a><\/p>\n<p>En la oportunidad, estuvieron presentes los compa\u00f1eros integrantes del Consejo Directivo Provincial Lu\u00eds Barcena, secretario de Interior, y Daniel Fenoglio, vocal.<\/p>\n<p><a href=\"http:\/\/www.atecordoba.org\/wp-content\/uploads\/2012\/11\/DSC013371.jpg\"><img loading=\"lazy\" decoding=\"async\" class=\"aligncenter size-medium wp-image-1948\" title=\"DSC01337\" src=\"http:\/\/www.atecordoba.org\/wp-content\/uploads\/2012\/11\/DSC013371-300x225.jpg\" alt=\"\" width=\"300\" height=\"225\" \/><\/a><\/p>\n<p>&nbsp;<\/p>\n","protected":false},"excerpt":{"rendered":"<p>Los trabajadores municipales festejaron el pasado 8 de noviembre el D\u00eda del Trabajador Municipal, con un agasajo convocado por la delegada de ATE M\u00f3nica Nielsen. Alrededor de 60 compa\u00f1eros festejaron en una jornada que sirve para profundizar las lazos de camarader\u00eda y fraternidad entre los compa\u00f1eros, pero tambi\u00e9n para analizar cu\u00e1l es la realidad del [&hellip;]<\/p>\n","protected":false},"author":1,"featured_media":19220,"comment_status":"open","ping_status":"open","sticky":false,"template":"","format":"standard","meta":{"_exactmetrics_skip_tracking":false,"_exactmetrics_sitenote_active":false,"_exactmetrics_sitenote_note":"","_exactmetrics_sitenote_category":0,"jnews-multi-image_gallery":[],"jnews_single_post":[],"jnews_primary_category":[],"jnews_social_meta":[],"jnews_review":[],"enable_review":"","type":"","name":"","summary":"","brand":"","sku":"","good":[],"bad":[],"score_override":"","override_value":"","rating":[],"price":[],"jnews_override_counter":[],"jnews_post_split":[],"footnotes":""},"categories":[1],"tags":[],"class_list":["post-1945","post","type-post","status-publish","format-standard","has-post-thumbnail","hentry","category-sin-categoria"],"jetpack_featured_media_url":"https:\/\/atecordoba.org\/wp-content\/uploads\/2020\/05\/logo-nuevochico-e1561581322808.png","_links":{"self":[{"href":"https:\/\/atecordoba.org\/index.php?rest_route=\/wp\/v2\/posts\/1945","targetHints":{"allow":["GET"]}}],"collection":[{"href":"https:\/\/atecordoba.org\/index.php?rest_route=\/wp\/v2\/posts"}],"about":[{"href":"https:\/\/atecordoba.org\/index.php?rest_route=\/wp\/v2\/types\/post"}],"author":[{"embeddable":true,"href":"https:\/\/atecordoba.org\/index.php?rest_route=\/wp\/v2\/users\/1"}],"replies":[{"embeddable":true,"href":"https:\/\/atecordoba.org\/index.php?rest_route=%2Fwp%2Fv2%2Fcomments&post=1945"}],"version-history":[{"count":0,"href":"https:\/\/atecordoba.org\/index.php?rest_route=\/wp\/v2\/posts\/1945\/revisions"}],"wp:featuredmedia":[{"embeddable":true,"href":"https:\/\/atecordoba.org\/index.php?rest_route=\/wp\/v2\/media\/19220"}],"wp:attachment":[{"href":"https:\/\/atecordoba.org\/index.php?rest_route=%2Fwp%2Fv2%2Fmedia&parent=1945"}],"wp:term":[{"taxonomy":"category","embeddable":true,"href":"https:\/\/atecordoba.org\/index.php?rest_route=%2Fwp%2Fv2%2Fcategories&post=1945"},{"taxonomy":"post_tag","embeddable":true,"href":"https:\/\/atecordoba.org\/index.php?rest_route=%2Fwp%2Fv2%2Ftags&post=1945"}],"curies":[{"name":"wp","href":"https:\/\/api.w.org\/{rel}","templated":true}]}}