{"id":1938,"date":"2012-11-20T18:49:38","date_gmt":"2012-11-20T21:49:38","guid":{"rendered":"http:\/\/www.atecordoba.org\/?p=1938"},"modified":"2012-11-20T18:49:38","modified_gmt":"2012-11-20T21:49:38","slug":"contundente-movilizacion-corono-el-paro-nacional-en-cordoba","status":"publish","type":"post","link":"https:\/\/atecordoba.org\/?p=1938","title":{"rendered":"Contundente movilizaci\u00f3n coron\u00f3 el paro nacional en C\u00f3rdoba"},"content":{"rendered":"<p><em>La CTA y la CGT Rodr\u00edguez Pe\u00f1a movilizaron al centro, que estuvo paralizado desde las primeras horas de la ma\u00f1ana hasta las 14. \u201cNuestro salario no es ganancia\u201d, fue el grito un\u00e1nime.<\/em><\/p>\n<p>Alrededor de 5 mil compa\u00f1eros se movilizaron hoy 20 de noviembre por el centro de C\u00f3rdoba en reclamo de la eliminaci\u00f3n del Impuesto a las Ganancias en los salarios de los trabajadores. La jornada se inici\u00f3 con diversos piquetes de la CGT Rodr\u00edguez Pe\u00f1a (moyanista) desde las 7 de la ma\u00f1ana, mientras que dos columnas de la CTA, comenzaron a movilizarse desde las 10 horas, una vez que los compa\u00f1eros de los distintos sectores hicieran abandono de los lugares de trabajo. Los compa\u00f1eros se dirigieron a la esquina de 27 de abril y V\u00e9lez Sarsfield.<\/p>\n<p><a href=\"http:\/\/www.atecordoba.org\/wp-content\/uploads\/2012\/11\/IMG_3274.jpg\"><img loading=\"lazy\" decoding=\"async\" class=\"aligncenter size-medium wp-image-1939\" title=\"IMG_3274\" src=\"http:\/\/www.atecordoba.org\/wp-content\/uploads\/2012\/11\/IMG_3274-300x225.jpg\" alt=\"\" width=\"300\" height=\"225\" \/><\/a><\/p>\n<p>As\u00ed sucedi\u00f3 con los estatales de ATE de la administraci\u00f3n p\u00fablica nacional, sumados grupos del MST, Libres del Sur, el sindicato de peones Taxi (que aport\u00f3 una columna de 50 m\u00f3viles), el Partido Obrero, la Federaci\u00f3n Agraria, el PRML, Ammar, el Circulo Sindical de la Prensa (CISPREN), los jubilados de Ajupracor, Montoneros, telef\u00f3nicos de la CTA, la Federaci\u00f3n Universitaria de C\u00f3rdoba, la lista Pluricolor de la UEPC, el MTR, entre otros.<\/p>\n<p>A su turno, encabezados por el secretario General de CGT Rodriguez Pe\u00f1a, Mauricio Saillen, se encontraron los compa\u00f1eros del Sindicato de Camioneros y el Surbac (recolectores de residuos). Una columna del sindicato de Gastron\u00f3micos recorri\u00f3 el centro de la ciudad, aunque no llegaron a la concentraci\u00f3n.<\/p>\n<p><a href=\"http:\/\/www.atecordoba.org\/wp-content\/uploads\/2012\/11\/IMG_3308.jpg\"><img loading=\"lazy\" decoding=\"async\" class=\"aligncenter size-medium wp-image-1940\" title=\"IMG_3308\" src=\"http:\/\/www.atecordoba.org\/wp-content\/uploads\/2012\/11\/IMG_3308-300x225.jpg\" alt=\"\" width=\"300\" height=\"225\" \/><\/a><\/p>\n<p>\u201cEs emocionante ver a compa\u00f1eros de otra central, de otra pertenencia, nos \u00edbamos encontrando y saludando. Hoy C\u00f3rdoba virtualmente parada. Esta actitud de insistir como tercos durante dos a\u00f1os hace que haya cortes en todas las provincias, en todo el pa\u00eds. En R\u00edo Cuarto, con cortes de ruta y concentraci\u00f3n en la plaza; en Villa Mar\u00eda, \u00a0marchan con camioneros y sectores productores; en R\u00edo Tercero y San Francisco volanteadas y jornadas de esclarecimiento. En tanto en Alta Gracia, la delegaci\u00f3n local de la CTA realiz\u00f3 un corte frente al hospital zonal\u201d, dijo el secretario General de la CTA C\u00f3rdoba, Oscar Mengarelli, que emocion\u00f3 a los presentes al recordar la figura del compa\u00f1ero Gustavo Spedale, secretario de Medio Ambiente de la CTA que falleci\u00f3 ayer.<\/p>\n<p>\u201cHay que decir que esta jornada de protesta se est\u00e1 discutiendo en todos los sectores de trabajo, por m\u00e1s que los gremios no se hayan sumado al paro. Estamos discutiendo porque el salario no es ganancia, por la libertad de los presos pol\u00edticos de Corral de Bustos, la represi\u00f3n de los trabajadores del poder judicial, la represi\u00f3n del C\u00f3digo de falta y la ley antiterrorista, porque el salario no es ganancia, son temas en discusi\u00f3n. Estoy feliz porque alguien dijo que la felicidad est\u00e1 en la lucha\u201d, se\u00f1al\u00f3 Mengarelli.<\/p>\n<p>En el palco, el compa\u00f1ero secretario General de la CTA C\u00f3rdoba Capital, Guido Dreizik, consider\u00f3 que \u201cesta jornada de la unidad en la acci\u00f3n los trabajadores de C\u00f3rdoba demostramos el nivel de unidad cuando se trata del salario, del ajuste provincial. Esta jornada es la continuidad del plan de lucha, de las movilizaciones y concentraciones que realizamos durante este a\u00f1o. El paro del 8 de junio fue sin duda un punto de inflexi\u00f3n en la construcci\u00f3n de la voluntad pol\u00edtica de los trabajadores para dar vuelta las pol\u00edticas recesivas del gobierno nacional \u00a0y los ajustes provinciales\u201d.<\/p>\n<p><a href=\"http:\/\/www.atecordoba.org\/wp-content\/uploads\/2012\/11\/IMG_3332.jpg\"><img loading=\"lazy\" decoding=\"async\" class=\"aligncenter size-medium wp-image-1941\" title=\"IMG_3332\" src=\"http:\/\/www.atecordoba.org\/wp-content\/uploads\/2012\/11\/IMG_3332-300x225.jpg\" alt=\"\" width=\"300\" height=\"225\" \/><\/a><\/p>\n<p>Con discursos de varios oradores, desde la Federaci\u00f3n Agraria, el MST hasta el partido Obrero, cerr\u00f3 la compa\u00f1era secretaria General de ATE C\u00f3rdoba, Mar\u00eda Teresa Romero, al se\u00f1alar que \u201ccuando dicen que es un paro pol\u00edtico, tienen raz\u00f3n. Porque los trabajadores hacemos pol\u00edtica tambi\u00e9n y decimos que nuestro salario no es ganancia. Por eso no le creemos al gobierno cuando dice que protege el salario y el consumo\u201d.<\/p>\n<p>\u201cTampoco le creemos al gobernador de la Sota cuando dice que no est\u00e1 de acuerdo con el impuesto a las ganancias, si fuera as\u00ed estoy segura que no les estar\u00eda aplicando a los jubilados de la provincia un aumento cada 7 meses. Deje de mentir, los trabajadores no somos tontos\u201d, se\u00f1al\u00f3 Romero.<\/p>\n<p><strong>Arribo de la CGT<\/strong><\/p>\n<p>Momentos despu\u00e9s arrib\u00f3 a la columna de la CGT. \u201cPor el derecho de los trabajadores estamos aqu\u00ed presentes\u201d, se\u00f1al\u00f3 Saillen ante el aplauso de los presentes. \u201cHoy d\u00eda queda claro quienes estamos del lado de los trabajadores. Todos hablan de posiciones pol\u00edticas nosotros hacemos pol\u00edtica gremial y estamos en contra de un modelo que est\u00e1 llevando al fracaso a los trabajadores, a la decadencia y esto es lo que no queremos. Peleamos para que se les devuelva la dignidad a los trabajadores, contra el impuesto a las ganancias, por la plata de las obras sociales que se queda el gobierno y que nos est\u00e1 quebrando, y no lo vamos a permitir. Es el derecho adquirido de cada uno de los trabajadores. Y los dirigentes est\u00e1n para eso. No para venderse al poder, no para venderse a la pol\u00edtica sino para dignificar al trabajador. Esta es la historia de C\u00f3rdoba, que tenemos que reflejar por los muertos, por los ca\u00eddos, pero fij\u00e1ndonos en el futuro, que vamos a forjar entre todos\u201d, afirm\u00f3 el dirigente.<\/p>\n<p><a href=\"http:\/\/www.atecordoba.org\/wp-content\/uploads\/2012\/11\/oscar-mengarelli-cta-mauricio-saillen-cgt-izq.jpg\"><img loading=\"lazy\" decoding=\"async\" class=\"aligncenter size-medium wp-image-1942\" title=\"oscar mengarelli cta - mauricio saillen cgt (izq)\" src=\"http:\/\/www.atecordoba.org\/wp-content\/uploads\/2012\/11\/oscar-mengarelli-cta-mauricio-saillen-cgt-izq-300x225.jpg\" alt=\"\" width=\"300\" height=\"225\" \/><\/a><\/p>\n<p>La gruesa columna se dirigi\u00f3 hasta el Patio Olmos, conjuntamente con la CTA, donde se desconcentraron los compa\u00f1eros, en una jornada que quedar\u00e1 en el recuerdo de todos los presentes.<\/p>\n","protected":false},"excerpt":{"rendered":"<p>La CTA y la CGT Rodr\u00edguez Pe\u00f1a movilizaron al centro, que estuvo paralizado desde las primeras horas de la ma\u00f1ana hasta las 14. \u201cNuestro salario no es ganancia\u201d, fue el grito un\u00e1nime. Alrededor de 5 mil compa\u00f1eros se movilizaron hoy 20 de noviembre por el centro de C\u00f3rdoba en reclamo de la eliminaci\u00f3n del Impuesto [&hellip;]<\/p>\n","protected":false},"author":1,"featured_media":19220,"comment_status":"open","ping_status":"open","sticky":false,"template":"","format":"standard","meta":{"_exactmetrics_skip_tracking":false,"_exactmetrics_sitenote_active":false,"_exactmetrics_sitenote_note":"","_exactmetrics_sitenote_category":0,"jnews-multi-image_gallery":[],"jnews_single_post":[],"jnews_primary_category":[],"jnews_social_meta":[],"jnews_review":[],"enable_review":"","type":"","name":"","summary":"","brand":"","sku":"","good":[],"bad":[],"score_override":"","override_value":"","rating":[],"price":[],"jnews_override_counter":[],"jnews_post_split":[],"footnotes":""},"categories":[1],"tags":[],"class_list":["post-1938","post","type-post","status-publish","format-standard","has-post-thumbnail","hentry","category-sin-categoria"],"jetpack_featured_media_url":"https:\/\/atecordoba.org\/wp-content\/uploads\/2020\/05\/logo-nuevochico-e1561581322808.png","_links":{"self":[{"href":"https:\/\/atecordoba.org\/index.php?rest_route=\/wp\/v2\/posts\/1938","targetHints":{"allow":["GET"]}}],"collection":[{"href":"https:\/\/atecordoba.org\/index.php?rest_route=\/wp\/v2\/posts"}],"about":[{"href":"https:\/\/atecordoba.org\/index.php?rest_route=\/wp\/v2\/types\/post"}],"author":[{"embeddable":true,"href":"https:\/\/atecordoba.org\/index.php?rest_route=\/wp\/v2\/users\/1"}],"replies":[{"embeddable":true,"href":"https:\/\/atecordoba.org\/index.php?rest_route=%2Fwp%2Fv2%2Fcomments&post=1938"}],"version-history":[{"count":0,"href":"https:\/\/atecordoba.org\/index.php?rest_route=\/wp\/v2\/posts\/1938\/revisions"}],"wp:featuredmedia":[{"embeddable":true,"href":"https:\/\/atecordoba.org\/index.php?rest_route=\/wp\/v2\/media\/19220"}],"wp:attachment":[{"href":"https:\/\/atecordoba.org\/index.php?rest_route=%2Fwp%2Fv2%2Fmedia&parent=1938"}],"wp:term":[{"taxonomy":"category","embeddable":true,"href":"https:\/\/atecordoba.org\/index.php?rest_route=%2Fwp%2Fv2%2Fcategories&post=1938"},{"taxonomy":"post_tag","embeddable":true,"href":"https:\/\/atecordoba.org\/index.php?rest_route=%2Fwp%2Fv2%2Ftags&post=1938"}],"curies":[{"name":"wp","href":"https:\/\/api.w.org\/{rel}","templated":true}]}}