{"id":1935,"date":"2012-11-19T19:13:21","date_gmt":"2012-11-19T22:13:21","guid":{"rendered":"http:\/\/www.atecordoba.org\/?p=1935"},"modified":"2012-11-19T19:13:21","modified_gmt":"2012-11-19T22:13:21","slug":"unc-ate-acordo-el-pase-a-planta-de-seis-trabajadores-y-siguen-las-negociaciones","status":"publish","type":"post","link":"https:\/\/atecordoba.org\/?p=1935","title":{"rendered":"UNC: ATE acord\u00f3 el pase a planta de seis trabajadores y siguen las negociaciones"},"content":{"rendered":"<p><em>Tras el paro de actividades del jueves 15 de noviembre, el viernes representantes de ATE y autoridades universitarias acordaron avanzan en normalizar la situaci\u00f3n laboral de los trabajadores no docentes comprendidos en el acta 3. Hoy se refrendo el acuerdo en el Consejo Superior.<\/em><\/p>\n<p><a href=\"http:\/\/www.atecordoba.org\/wp-content\/uploads\/2012\/11\/DSC01396.jpg\"><img loading=\"lazy\" decoding=\"async\" class=\"aligncenter size-medium wp-image-1936\" title=\"DSC01396\" src=\"http:\/\/www.atecordoba.org\/wp-content\/uploads\/2012\/11\/DSC01396-300x225.jpg\" alt=\"\" width=\"300\" height=\"225\" \/><\/a><\/p>\n<p>En el marco de plan de lucha que viene desarrollando compa\u00f1eros no docentes del Comedor Universitario de la UNC, el viernes pasado se reasliz\u00f3 una reuni\u00f3n entre representantes de ATE y autoridades de la UNC. De parte del gremio participaron el secretario de Interior, Lu\u00eds Barcena, y los delegados no docentes Carlos Victorel y Francisco Pavan, en tanto desde la universidad participaron la rectora Carolina Scotto, el secretario General de la UNC, Jon Boretto, la secretaria de Asuntos Estudiantiles, Ana Alderete, y el director del Comedor Universitario, Miguel Angel Tomaino.<\/p>\n<p>Como resultado de la reuni\u00f3n, se acord\u00f3 que seis compa\u00f1eros pasar\u00e1n a planta permanente en breve, ni bien se ponga en marcha el tribunal <em>ad hoc<\/em> para efectivizar el proceso administrativo, con dos representantes de los trabajadores y uno de las autoridades. Todo, conforme al acta 3 del convenio paritario sectorial.<\/p>\n<p>Este acuerdo entre nuestro gremio, los delegados y las autoridades se plasm\u00f3 en una resoluci\u00f3n del Consejo Superior universitario que se realiz\u00f3 en la tarde de hoy.<\/p>\n<p>Adem\u00e1s, la rectora confirm\u00f3 que est\u00e1n avanzadas las gestiones a nivel nacional para recibir una partida presupuestaria que posibilite el pase a planta, antes de fin de a\u00f1o, del resto de los compa\u00f1eros conformados por el Acta 3.<\/p>\n<p>\u201cEsto confirma que ATE es un hecho en la universidad y que la lucha de un sector se esta extendiendo en el resto de las unidades acad\u00e9micas. Y debe ser aliciente para que otros compa\u00f1eros se organicen. En ese sentido, estamos expectantes y alertas a que se cumpla lo pactado. Sabemos que avanzamos y queremos que se confirme el pase a planta de los compa\u00f1eros porque es una de las principales reivindicaciones de nuestro sector, cansado de la precarizaci\u00f3n laboral&#8221;, resumi\u00f3 el delegado de ATE, Carlos Victorel.<\/p>\n<p>&nbsp;<\/p>\n","protected":false},"excerpt":{"rendered":"<p>Tras el paro de actividades del jueves 15 de noviembre, el viernes representantes de ATE y autoridades universitarias acordaron avanzan en normalizar la situaci\u00f3n laboral de los trabajadores no docentes comprendidos en el acta 3. Hoy se refrendo el acuerdo en el Consejo Superior. En el marco de plan de lucha que viene desarrollando compa\u00f1eros [&hellip;]<\/p>\n","protected":false},"author":1,"featured_media":19220,"comment_status":"open","ping_status":"open","sticky":false,"template":"","format":"standard","meta":{"_exactmetrics_skip_tracking":false,"_exactmetrics_sitenote_active":false,"_exactmetrics_sitenote_note":"","_exactmetrics_sitenote_category":0,"jnews-multi-image_gallery":[],"jnews_single_post":[],"jnews_primary_category":[],"jnews_social_meta":[],"jnews_review":[],"enable_review":"","type":"","name":"","summary":"","brand":"","sku":"","good":[],"bad":[],"score_override":"","override_value":"","rating":[],"price":[],"jnews_override_counter":[],"jnews_post_split":[],"footnotes":""},"categories":[18],"tags":[],"class_list":["post-1935","post","type-post","status-publish","format-standard","has-post-thumbnail","hentry","category-nacionales"],"jetpack_featured_media_url":"https:\/\/atecordoba.org\/wp-content\/uploads\/2020\/05\/logo-nuevochico-e1561581322808.png","_links":{"self":[{"href":"https:\/\/atecordoba.org\/index.php?rest_route=\/wp\/v2\/posts\/1935","targetHints":{"allow":["GET"]}}],"collection":[{"href":"https:\/\/atecordoba.org\/index.php?rest_route=\/wp\/v2\/posts"}],"about":[{"href":"https:\/\/atecordoba.org\/index.php?rest_route=\/wp\/v2\/types\/post"}],"author":[{"embeddable":true,"href":"https:\/\/atecordoba.org\/index.php?rest_route=\/wp\/v2\/users\/1"}],"replies":[{"embeddable":true,"href":"https:\/\/atecordoba.org\/index.php?rest_route=%2Fwp%2Fv2%2Fcomments&post=1935"}],"version-history":[{"count":0,"href":"https:\/\/atecordoba.org\/index.php?rest_route=\/wp\/v2\/posts\/1935\/revisions"}],"wp:featuredmedia":[{"embeddable":true,"href":"https:\/\/atecordoba.org\/index.php?rest_route=\/wp\/v2\/media\/19220"}],"wp:attachment":[{"href":"https:\/\/atecordoba.org\/index.php?rest_route=%2Fwp%2Fv2%2Fmedia&parent=1935"}],"wp:term":[{"taxonomy":"category","embeddable":true,"href":"https:\/\/atecordoba.org\/index.php?rest_route=%2Fwp%2Fv2%2Fcategories&post=1935"},{"taxonomy":"post_tag","embeddable":true,"href":"https:\/\/atecordoba.org\/index.php?rest_route=%2Fwp%2Fv2%2Ftags&post=1935"}],"curies":[{"name":"wp","href":"https:\/\/api.w.org\/{rel}","templated":true}]}}