{"id":1930,"date":"2012-11-19T18:44:07","date_gmt":"2012-11-19T21:44:07","guid":{"rendered":"http:\/\/www.atecordoba.org\/?p=1930"},"modified":"2012-11-19T18:44:07","modified_gmt":"2012-11-19T21:44:07","slug":"1930","status":"publish","type":"post","link":"https:\/\/atecordoba.org\/?p=1930","title":{"rendered":"ATE y CTA paran en todo el pa\u00eds"},"content":{"rendered":"<p><em>En el marco del paro nacional convocado de manera conjunta por la Central de Trabajadores de la Argentina y por la Central General del Trabajo para el d\u00eda de ma\u00f1ana, ATE se suma a la medida y se movilizar\u00e1 en todo el pa\u00eds.<\/em><\/p>\n<p><em>\u00a0<a href=\"http:\/\/www.atecordoba.org\/wp-content\/uploads\/2012\/11\/paro-nacional-20-11-2012.jpg\"><img loading=\"lazy\" decoding=\"async\" class=\"aligncenter size-medium wp-image-1931\" title=\"paro nacional 20-11-2012\" src=\"http:\/\/www.atecordoba.org\/wp-content\/uploads\/2012\/11\/paro-nacional-20-11-2012-300x205.jpg\" alt=\"\" width=\"300\" height=\"205\" \/><\/a><\/em><\/p>\n<div>\n<p>\u00a0El Secretario General del Consejo Directivo Nacional de ATE, Julio Fuentes, asegur\u00f3: \u201cDespu\u00e9s de haber trabajado en todo el pa\u00eds llegamos a esta medida de fuerza que fue resuelta por nuestro Consejo Directivo Nacional. Cada seccional de ATE est\u00e1 prepar\u00e1ndose para participar activamente de esta medida. Concretamente se trata de paro pero tambi\u00e9n de movilizaciones\u201d.<\/p>\n<p>\u201cReclamamos reivindicaciones que ya llevamos bastante tiempo reclamando. Primero, que a igual trabajo, igual salario. Segundo, que el salario m\u00ednimo vital y m\u00f3vil rija para todos los trabajadores estatales de la Argentina, ya que hoy los trabajadores de las provincias y de las municipalidades est\u00e1n fuera del mismo. Es decir, que cualquier intendente o gobernador puede contratar a un trabajador por el monto que se le ocurra. Si ma\u00f1ana hay necesidad, y la hay, pueden contratar a alguien por 500 pesos legalmente. Queremos salir de esta situaci\u00f3n. Con las asignaciones familiares ocurre exactamente lo mismo: En las provincias y municipios se paga lo que se le ocurre al gobernador o intendente. Tambi\u00e9n marchamos contra el trabajo en negro, por la situaci\u00f3n que estamos viviendo hoy en las obras sociales provinciales, que se encuentran pr\u00e1cticamente quebradas, y por los sistemas previsionales provinciales, que est\u00e1n corriendo el mismo camino. Vamos adem\u00e1s por m\u00e1s coparticipaci\u00f3n y por una distribuci\u00f3n justa de los impuestos, para que los recursos est\u00e9n donde est\u00e1n los servicios p\u00fablicos, que no es lo que ocurre hoy. Frente a todo esto, ATE se prepara a cumplir el paro de actividades junto a las organizaciones de la CTA y de la Confederaci\u00f3n General del Trabajo\u201d, agreg\u00f3 el Secretario General.<\/p>\n<p>Por su parte, el Secretario Gremial del CDN, Alejandro Garz\u00f3n, dijo: \u201cMa\u00f1ana se llevar\u00e1 adelante el Paro Nacional de la CTA, al que ATE adherir\u00e1 contundentemente. Esto ha sido resuelto en las asambleas y en los plenarios, y luego ratificado por la Conducci\u00f3n Nacional del sindicato, con presencia de los 24 secretarios generales. Obviamente ATE ser\u00e1 un importante protagonista del paro, que nos tendr\u00e1 movilizados en muchas provincias. Habr\u00e1 cortes de rutas y puentes, y habr\u00e1 marchas en municipios y en casas de gobierno provinciales. Entendemos que ATE juega un papel fundamental en nuestra CTA, y comparte los reclamos que la central plantea. Pero adem\u00e1s ATE para por aumentos salariales, por m\u00e1s convenciones colectivas de trabajo, por un salario acorde a la canasta familiar. No hay duda de que la participaci\u00f3n de ATE ser\u00e1 muy importante durante esta gran jornada del 20 de noviembre, convocada tanto por la CTA como por la CGT\u201d.<\/p>\n<p><strong>En el pa\u00eds:<\/strong><\/p>\n<p><strong>FORMOSA:<\/strong><\/p>\n<p>La Delegada\u00a0indic\u00f3 que la movilizaci\u00f3n se har\u00e1 a partir de las 8,30 con una concentraci\u00f3n de participantes en\u00a0la Plaza San\u00a0Mart\u00edn desde donde se marchar\u00e1 hacia\u00a0la Casade Gobierno, convocando a todos los sectores laborales de esta capital para que integren la columna de trabajadores.<\/p>\n<p>&nbsp;<\/p>\n<p><strong>LA PAMPA:<\/strong><\/p>\n<p>Con tono combativo hacia las pol\u00edticas del Gobierno deLa Pampa, los integrantes provinciales de\u00a0la CTA\u00a0(Central de Trabajadores Argentinos), en consonancia con lo confirmado por la central a nivel nacional, realizar\u00e1n este martes a partir de las 10 una movilizaci\u00f3n por los diversos puntos de esta ciudad.<\/p>\n<p>&nbsp;<\/p>\n<p><strong>CONCEPCION DEL URUGUAY:<\/strong><\/p>\n<p>En el marco de la medida de fuerza nacional con movilizaci\u00f3n dispuesto por\u00a0la CTA, la comisi\u00f3n directiva de\u00a0la Seccional ATE\u00a0Concepci\u00f3n del Uruguay resolvi\u00f3 adherir a la medida convocando a todos los compa\u00f1eros trabajadores a participar del paro activo con movilizaci\u00f3n y asambleas con retiro de los lugares de trabajo a partir de las 10 de la ma\u00f1ana. La concentraci\u00f3n ser\u00e1 frente a nuestra sede gremial y desde all\u00ed nos movilizaremos hacia\u00a0la ART\u00a0para reclamar no s\u00f3lo por mejores condiciones de higiene y seguridad laboral sino el efectivo cumplimiento de las normativas vigentes.<\/p>\n<p>&nbsp;<\/p>\n<p><strong>ROSARIO:<\/strong><\/p>\n<p>En el marco de la huelga general de\u00a0la CTA\u00a0no funcionar\u00e1n las dependencias p\u00fablicas y habr\u00e1 cortes en el microcentro, en los barrios y en los accesos a Rosario as\u00ed como tambi\u00e9n estar\u00e1n cortadas las v\u00edas de comunicaci\u00f3n que conectan a la ciudad de San Lorenzo. A las 11 Marchamos desde\u00a0la Plaza\u00a025 de Mayo a Plaza San Mart\u00edn donde se realizar\u00e1 el Acto Central.<\/p>\n<p>As\u00ed mismo los trabajadores de\u00a0la F\u00e1brica\u00a0de Armas Fray Lu\u00eds Beltr\u00e1n ir\u00e1n a Paro y movilizar\u00e1n.<\/p>\n<p>En tanto que el CDP provincial decidi\u00f3 no marchar.<\/p>\n<p>&nbsp;<\/p>\n<p><strong>San Lorenzo<\/strong><\/p>\n<p>En la ciudad de San Lorenzo se realiz\u00f3 una Asamblea en el Hospital Granaderos a Caballo donde se ratific\u00f3 el paro, tambi\u00e9n se mantendr\u00e1n guardias m\u00ednimas y urgencias. Todos los otros servicios ser\u00e1n suspendidos.<\/p>\n<p><strong>\u00a0<\/strong><\/p>\n<p><strong>Villa Constituci\u00f3n<\/strong><\/p>\n<p>Adem\u00e1s de ATE delegaci\u00f3n Villa Constituci\u00f3n adhieren al paro el sindicato de camineros de la ciudad como as\u00ed tambi\u00e9n el sindicato municipal y personal del Ente Portuario.<\/p>\n<p>&nbsp;<\/p>\n<p><strong>TUCUMAN:<\/strong><\/p>\n<p>Desde ATE tambi\u00e9n confirmaron su participaci\u00f3n. Realizar\u00e1n piquetes en los principales accesos a\u00a0la Capital.\u00a0 El sector participar\u00e1 tambi\u00e9n de una movilizaci\u00f3n que se realizar\u00e1 ma\u00f1ana al mediod\u00eda a\u00a0la Plaza Independencia.<\/p>\n<p>&nbsp;<\/p>\n<p><strong>CAPITAL FEDERAL:<\/strong><\/p>\n<p>En cuanto a la modalidad de la medida el plenario resolvi\u00f3 realizar los siguientes cortes de calle:<\/p>\n<p><strong>Av. Diag. Norte y Esmeralda:<\/strong>\u00a0(Mrio. Modernizaci\u00f3n CABA) Los trabajadores de la ciudad se concentraran por Libertad y Democracia Sindical y contra las impugnaciones a nuestros delegados.<\/p>\n<p><strong>Av. Entre R\u00edos y Av. Caseros:<\/strong>\u00a0Los trabajadores de los hospitales y centros de investigaci\u00f3n cortaran contra\u00a0 la realizaci\u00f3n del Centro C\u00edvico, por la aplicaci\u00f3n de la ley de salud mental y por mayor infraestructura en los hospitales e ingreso de personal.<\/p>\n<p><strong>Av. C\u00f3rdoba 720<\/strong>\u00a0 (Sede ANSES): Ese d\u00eda se abrir\u00e1n los sobres de los pliegos de licitaci\u00f3n para el negocio inmobiliario en\u00a0la Isla Demarchi<\/p>\n<p><strong>Av. Gral Paz y Constituyentes:<\/strong>\u00a0Trabajadores de INTI, CNEA, SEGEMAR, CITIDEF junto ala CTA San Mart\u00edn y organizaciones sociales.<\/p>\n<p><strong>Av. Santa Fe y Azcuenaga<\/strong><strong>:<\/strong>\u00a0Cortaran la calle los trabajadores del Senasa y el Iuna.<\/p>\n<p>&nbsp;<\/p>\n<p><strong>PUNTA ALTA<\/strong><\/p>\n<p>Habr\u00e1 corte de\u00a0la Ruta\u00a0Nacional\u00a03, a\u00a0la altura del kil\u00f3metro 640, deteniendo el paso hacia el sur del pa\u00eds.\u00a0Un grupo de compa\u00f1eros participar\u00e1 de la movilizaci\u00f3n que se realizar\u00e1 en Bah\u00eda Blanca, en el marco de las acciones regionales conjuntas de\u00a0la CTA<\/p>\n<p>&nbsp;<\/p>\n<p><strong>MENDOZA:<\/strong><\/p>\n<p>En la provincia la huelga ser\u00e1 acompa\u00f1ada por una Concentraci\u00f3n que se realizar\u00e1 desde las 10 hs en el Km 0 (Peatonal y Av. San Mart\u00edn) y por lo menos, por dos cortes de ruta que llevar\u00e1 adelante\u00a0la Federaci\u00f3n AgrariaArgentina, uno en General Alvear y otro en la zona Este precisamente. Tambi\u00e9n habr\u00e1 un piquete en los portones del Parque General San Mart\u00edn.<\/p>\n<p>Luj\u00e1n de Cuyo: Paro sin asistencia a los lugares de trabajo,<br \/>\nsalvo guardias. Movilizaci\u00f3n hacia Mendoza en caravana. Salen de Calle San<br \/>\nMart\u00edn 1325 (Luj\u00e1n de Cuyo) hasta Garibaldi y San Mart\u00edn (Mendoza).<\/p>\n<p>&nbsp;<\/p>\n<p><strong>MAR DEL PLATA:<\/strong><\/p>\n<p>Movilizaci\u00f3n a\u00a0la Municipalidad\u00a0(a las 11 hs)<\/p>\n<p>&nbsp;<\/p>\n<p><strong>RIO NEGRO:<\/strong><\/p>\n<p>Durante la jornada se realizar\u00e1n distintas actividades en cada una de las regiones de la provincia y se sumar\u00e1n a los reclamos nacionales.\u00a0En Roca, habr\u00e1 movilizaci\u00f3n desde las 11 junto a organizaciones gremiales, sociales y pol\u00edticas de la ciudad.<\/p>\n<p>&nbsp;<\/p>\n<p><strong>SAN JUAN:<\/strong><\/p>\n<p>Paro en los \u00e1mbitos de\u00a0la Administraci\u00f3n P\u00fablica\u00a0Provincial, Nacional y Municipal. Concentraci\u00f3n en la sede de ATE para iniciar la movilizaci\u00f3n al Centro C\u00edvico Provincial, frente a\u00a0la C\u00e1mara\u00a0de Diputados, donde se sumara la columna de las organizaciones de\u00a0la CTA, para continuar la marcha a Casa de Gobierno, lugar del acto y entrega de petitorios.<\/p>\n<p>&nbsp;<\/p>\n<p><strong>JUJUY:<\/strong><\/p>\n<p>En la ciudad de San Salvador habr\u00e1<strong>\u00a0<\/strong>cortes de puentes y volanteadas. El CDP tambi\u00e9n anunci\u00f3 cortes en ciudades del Interior provincial:\u00a0La Quiaca, Palma Sola, El Talar, Libertador General San Mart\u00edn, San Pedro, El Carmen, San Antonio. La seccional El Carmen, corta ruta 9, en El Carmen ruta 34, en Monterrico R52, en Perico R66, tambi\u00e9n la ruta que une San Antonio y Puente Lavall\u00e9n.<\/p>\n<p>&nbsp;<\/p>\n<p><strong>SANTIAGO DEL ESTERO:<\/strong><\/p>\n<p>Marcha a\u00a0la Casa\u00a0de Gobierno, a partir de las 9 horas.<\/p>\n<p>&nbsp;<\/p>\n<p><strong>CHUBUT:<\/strong><\/p>\n<p><strong>Comarca Andina:\u00a0<\/strong>Asamblea en la plaza Antiguos pobladores de El Hoyo, y realizar una panfleteada con los reclamos y reivindicaciones que nos movilizan en todo el pa\u00eds.<\/p>\n<p><strong>\u00a0<\/strong><\/p>\n<p><strong>Comodoro Rivadavia:\u00a0<\/strong>Adhieren todos los sectores incluido auxiliares de educaci\u00f3n del ministerio de educaci\u00f3n y familia. Se realizar\u00e1n cortes sorpresivos sobre\u00a0la Ruta Nacional\u00a03.<\/p>\n<p>&nbsp;<\/p>\n<p><strong>CHACO:<\/strong><\/p>\n<p>Marcha por las calles de Resistencia y concentraci\u00f3n enla Plaza\u00a025 de Mayo. A los postulados nacionales agregan problemas locales como restituci\u00f3n del 15% retenido indebidamente por Naci\u00f3n; por el adecuado servicio de la obra social In.S.S.S.eP.;\u00a0\u00a0No a la instalaci\u00f3n de la base yanqui.<\/p>\n<p>&nbsp;<\/p>\n<p><strong>SALTA:<\/strong><\/p>\n<p>CTA repudia las ofertas salariales en las paritarias provinciales. ATE har\u00e1 cese de tareas en administraci\u00f3n p\u00fablica, de municipios, de educaci\u00f3n y salud.<\/p>\n<p>&nbsp;<\/p>\n<p><strong>CORDOBA:<\/strong><\/p>\n<p>Estatales concentrar\u00e1n frente a la sede provincial de ATE. Desde all\u00ed ir\u00e1n al corte de calles, en el caso del CDP la c\u00e9ntrica Chacabuco. Hacia el mediod\u00eda acto central.<\/p>\n<p>&nbsp;<\/p>\n<p><strong>NEUQUEN:<\/strong><\/p>\n<p>Los estatales acompa\u00f1an el paro nacional y adem\u00e1s convocan a una movilizaci\u00f3n desde las 11. Anticiparon una marcha por la zona c\u00e9ntrica de la capital neuquina y un acto que podr\u00eda hacerse frente a la sede del ANSES.<\/p>\n<p>&nbsp;<\/p>\n<p><strong>TIERRA DEL FUEGO:<\/strong><\/p>\n<p>La actividad central prev\u00e9 una movilizaci\u00f3n hacia la casa de Gobierno en Ushuaia. Antes marchar\u00e1n hasta el Casino, donde repudiar\u00e1n los despidos que se produjeron en el Ente.<\/p>\n<p>&nbsp;<\/p>\n<p><strong>SANTA CRUZ:<\/strong><\/p>\n<p>Habr\u00e1 cortes de Rutas en\u00a0la Zona\u00a0Norte\u00a0y Centro de \u00a0la provincia. Tambi\u00e9n marcha en la capital provincial, R\u00edo Gallegos, y en ciudades como 28 de Noviembre.<\/p>\n<p>&nbsp;<\/p>\n<p><strong>CORRIENTES:<\/strong><\/p>\n<p>Desde la 10 horas corte conjunto con\u00a0la CTA\u00a0chaque\u00f1a del Puente Gral Belgrano, que une ambas provincias. Se extender\u00e1 hasta pasado el mediod\u00eda.<\/p>\n<p>El CDP no se suma a la medida de fuerza.<\/p>\n<p>&nbsp;<\/p>\n<p><strong>MISIONES:<\/strong><\/p>\n<p>ATE Salud moviliza a las 7 de la ma\u00f1ana al Ministerio. Luego a las 9 concentra en el CDP y de ah\u00ed marcha hasta la plaza central de Posadas.<\/p>\n<\/div>\n","protected":false},"excerpt":{"rendered":"<p>En el marco del paro nacional convocado de manera conjunta por la Central de Trabajadores de la Argentina y por la Central General del Trabajo para el d\u00eda de ma\u00f1ana, ATE se suma a la medida y se movilizar\u00e1 en todo el pa\u00eds. \u00a0 \u00a0El Secretario General del Consejo Directivo Nacional de ATE, Julio Fuentes, [&hellip;]<\/p>\n","protected":false},"author":1,"featured_media":19220,"comment_status":"open","ping_status":"open","sticky":false,"template":"","format":"standard","meta":{"_exactmetrics_skip_tracking":false,"_exactmetrics_sitenote_active":false,"_exactmetrics_sitenote_note":"","_exactmetrics_sitenote_category":0,"jnews-multi-image_gallery":[],"jnews_single_post":[],"jnews_primary_category":[],"jnews_social_meta":[],"jnews_review":[],"enable_review":"","type":"","name":"","summary":"","brand":"","sku":"","good":[],"bad":[],"score_override":"","override_value":"","rating":[],"price":[],"jnews_override_counter":[],"jnews_post_split":[],"footnotes":""},"categories":[1],"tags":[],"class_list":["post-1930","post","type-post","status-publish","format-standard","has-post-thumbnail","hentry","category-sin-categoria"],"jetpack_featured_media_url":"https:\/\/atecordoba.org\/wp-content\/uploads\/2020\/05\/logo-nuevochico-e1561581322808.png","_links":{"self":[{"href":"https:\/\/atecordoba.org\/index.php?rest_route=\/wp\/v2\/posts\/1930","targetHints":{"allow":["GET"]}}],"collection":[{"href":"https:\/\/atecordoba.org\/index.php?rest_route=\/wp\/v2\/posts"}],"about":[{"href":"https:\/\/atecordoba.org\/index.php?rest_route=\/wp\/v2\/types\/post"}],"author":[{"embeddable":true,"href":"https:\/\/atecordoba.org\/index.php?rest_route=\/wp\/v2\/users\/1"}],"replies":[{"embeddable":true,"href":"https:\/\/atecordoba.org\/index.php?rest_route=%2Fwp%2Fv2%2Fcomments&post=1930"}],"version-history":[{"count":0,"href":"https:\/\/atecordoba.org\/index.php?rest_route=\/wp\/v2\/posts\/1930\/revisions"}],"wp:featuredmedia":[{"embeddable":true,"href":"https:\/\/atecordoba.org\/index.php?rest_route=\/wp\/v2\/media\/19220"}],"wp:attachment":[{"href":"https:\/\/atecordoba.org\/index.php?rest_route=%2Fwp%2Fv2%2Fmedia&parent=1930"}],"wp:term":[{"taxonomy":"category","embeddable":true,"href":"https:\/\/atecordoba.org\/index.php?rest_route=%2Fwp%2Fv2%2Fcategories&post=1930"},{"taxonomy":"post_tag","embeddable":true,"href":"https:\/\/atecordoba.org\/index.php?rest_route=%2Fwp%2Fv2%2Ftags&post=1930"}],"curies":[{"name":"wp","href":"https:\/\/api.w.org\/{rel}","templated":true}]}}