{"id":1918,"date":"2012-11-15T19:10:57","date_gmt":"2012-11-15T22:10:57","guid":{"rendered":"http:\/\/www.atecordoba.org\/?p=1918"},"modified":"2012-11-15T19:10:57","modified_gmt":"2012-11-15T22:10:57","slug":"paro-total-en-el-comedor-de-la-unc","status":"publish","type":"post","link":"https:\/\/atecordoba.org\/?p=1918","title":{"rendered":"Paro total en el Comedor de la UNC"},"content":{"rendered":"<p><em>En el marco del plan de lucha de ATE en el sector no docente universitario, los compa\u00f1eros del Comedor realizaron hoy un paro total de actividades y una olla popular frente al rectorado para reclamar el pase a planta de contratados y tercerizados. Ma\u00f1ana una asamblea resolver\u00e1 si contin\u00faan las medidas de fuerza<\/em>.<\/p>\n<p><a href=\"http:\/\/www.atecordoba.org\/wp-content\/uploads\/2012\/11\/DSC01392.jpg\"><img loading=\"lazy\" decoding=\"async\" class=\"aligncenter size-medium wp-image-1919\" title=\"DSC01392\" src=\"http:\/\/www.atecordoba.org\/wp-content\/uploads\/2012\/11\/DSC01392-300x225.jpg\" alt=\"\" width=\"300\" height=\"225\" \/><\/a><\/p>\n<p>Los trabajadores no docentes del Comedor Universitario realizaron hoy, jueves 15 de noviembre, un paro de total de actividades ante la falta de respuestas de las autoridades sobre los reclamos por pase a planta de 19 contratados y el fin de la tercerizaci\u00f3n de otros 14.<\/p>\n<p>En consecuencia, 1600 estudiantes no pudieron almorzar hoy, ya que de los 2400 que diariamente concurren al lugar, 800 comieron durante la olla popular que realizaron los trabajadores en se\u00f1al de protesta.<\/p>\n<p>\u201cTen\u00edamos acordado con la rectora que el 2 de noviembre se terminaba la tregua y que la UNC iba a dar una respuesta sobre nuestras demandas, pero nunca nos respondieron, incumpliendo el compromiso asumido. Por eso la asamblea resolvi\u00f3 la medida de fuerza\u201d, dijo Carlos Victorel, delegado de ATE en el sector.<\/p>\n<p>La olla popular en se\u00f1al de protesta se extendi\u00f3 desde las 12.30 hasta las 14 horas y los estudiantes que se acercaron dieron muestras de solidaridad con los trabajadores.<\/p>\n<p>Vale se\u00f1alar que los trabajadores vienen superando los niveles de productividad de otros a\u00f1os, con la misma cantidad de personal y en las mismas condiciones laborales, por lo que reclaman estabilidad laboral los contratados y cumplimiento de convenio para los tercerizados, lo que significar\u00eda un importante incremento salarial. En la actualidad, los haberes de los compa\u00f1eros tercerizados por superan los 1500 pesos.<\/p>\n","protected":false},"excerpt":{"rendered":"<p>En el marco del plan de lucha de ATE en el sector no docente universitario, los compa\u00f1eros del Comedor realizaron hoy un paro total de actividades y una olla popular frente al rectorado para reclamar el pase a planta de contratados y tercerizados. Ma\u00f1ana una asamblea resolver\u00e1 si contin\u00faan las medidas de fuerza. Los trabajadores [&hellip;]<\/p>\n","protected":false},"author":1,"featured_media":19220,"comment_status":"open","ping_status":"open","sticky":false,"template":"","format":"standard","meta":{"_exactmetrics_skip_tracking":false,"_exactmetrics_sitenote_active":false,"_exactmetrics_sitenote_note":"","_exactmetrics_sitenote_category":0,"jnews-multi-image_gallery":[],"jnews_single_post":[],"jnews_primary_category":[],"jnews_social_meta":[],"jnews_review":[],"enable_review":"","type":"","name":"","summary":"","brand":"","sku":"","good":[],"bad":[],"score_override":"","override_value":"","rating":[],"price":[],"jnews_override_counter":[],"jnews_post_split":[],"footnotes":""},"categories":[18],"tags":[],"class_list":["post-1918","post","type-post","status-publish","format-standard","has-post-thumbnail","hentry","category-nacionales"],"jetpack_featured_media_url":"https:\/\/atecordoba.org\/wp-content\/uploads\/2020\/05\/logo-nuevochico-e1561581322808.png","_links":{"self":[{"href":"https:\/\/atecordoba.org\/index.php?rest_route=\/wp\/v2\/posts\/1918","targetHints":{"allow":["GET"]}}],"collection":[{"href":"https:\/\/atecordoba.org\/index.php?rest_route=\/wp\/v2\/posts"}],"about":[{"href":"https:\/\/atecordoba.org\/index.php?rest_route=\/wp\/v2\/types\/post"}],"author":[{"embeddable":true,"href":"https:\/\/atecordoba.org\/index.php?rest_route=\/wp\/v2\/users\/1"}],"replies":[{"embeddable":true,"href":"https:\/\/atecordoba.org\/index.php?rest_route=%2Fwp%2Fv2%2Fcomments&post=1918"}],"version-history":[{"count":0,"href":"https:\/\/atecordoba.org\/index.php?rest_route=\/wp\/v2\/posts\/1918\/revisions"}],"wp:featuredmedia":[{"embeddable":true,"href":"https:\/\/atecordoba.org\/index.php?rest_route=\/wp\/v2\/media\/19220"}],"wp:attachment":[{"href":"https:\/\/atecordoba.org\/index.php?rest_route=%2Fwp%2Fv2%2Fmedia&parent=1918"}],"wp:term":[{"taxonomy":"category","embeddable":true,"href":"https:\/\/atecordoba.org\/index.php?rest_route=%2Fwp%2Fv2%2Fcategories&post=1918"},{"taxonomy":"post_tag","embeddable":true,"href":"https:\/\/atecordoba.org\/index.php?rest_route=%2Fwp%2Fv2%2Ftags&post=1918"}],"curies":[{"name":"wp","href":"https:\/\/api.w.org\/{rel}","templated":true}]}}