{"id":1906,"date":"2012-11-13T17:55:29","date_gmt":"2012-11-13T20:55:29","guid":{"rendered":"http:\/\/www.atecordoba.org\/?p=1906"},"modified":"2012-11-13T17:55:29","modified_gmt":"2012-11-13T20:55:29","slug":"asamblea-informativa-para-trabajadores-no-docentes-en-la-unc","status":"publish","type":"post","link":"https:\/\/atecordoba.org\/?p=1906","title":{"rendered":"Asamblea informativa para trabajadores no docentes en la UNC"},"content":{"rendered":"<p><em>Compa\u00f1eros del Comedor Universitario difundieron hoy el proceso de crecimiento de ATE en el sector, con la participaron trabajadores de la Secretaria de Asuntos Estudiantiles (SAE) de la universidad.<\/em><\/p>\n<p><a href=\"http:\/\/www.atecordoba.org\/wp-content\/uploads\/2012\/11\/IMG_3024.jpg\"><img loading=\"lazy\" decoding=\"async\" class=\"aligncenter size-medium wp-image-1907\" title=\"IMG_3024\" src=\"http:\/\/www.atecordoba.org\/wp-content\/uploads\/2012\/11\/IMG_3024-300x225.jpg\" alt=\"\" width=\"300\" height=\"225\" \/><\/a><\/p>\n<p>Se trat\u00f3 de una asamblea realizada detr\u00e1s de las dependencias del Comedor, frente al edificio nuevo de la Secretar\u00eda de\u00a0 Asuntos Estudiantiles. Participaron alrededor de 50 compa\u00f1eros que escucharon a los delegados de ATE, Carlos Victorel y Francisco Pav\u00e1n, que detallaron los pasos que sigui\u00f3 nuestro gremio para lograr representatividad en el Comedor. \u201cAhora ATE negocia con el rectorado el pase a planta de los compa\u00f1eros contratados, y si no logramos una respuesta favorable tenemos el derechos de realizar medidas de fuerza con la cobertura gremial del sindicato\u201d, explic\u00f3 Victorel.<\/p>\n<p>A su turno, Pav\u00e1n se\u00f1al\u00f3 que \u201cen ATE resuelve la asamblea, e integramos a compa\u00f1eros de cualquier pensamiento pol\u00edtico o ideol\u00f3gico, porque lo importante es sentirse parte de la clase trabajadora, sentir trabajador estatal\u201d.<\/p>\n<p><a href=\"http:\/\/www.atecordoba.org\/wp-content\/uploads\/2012\/11\/IMG_3026.jpg\"><img loading=\"lazy\" decoding=\"async\" class=\"aligncenter size-medium wp-image-1908\" title=\"IMG_3026\" src=\"http:\/\/www.atecordoba.org\/wp-content\/uploads\/2012\/11\/IMG_3026-300x225.jpg\" alt=\"\" width=\"300\" height=\"225\" \/><\/a><\/p>\n<p>Varios compa\u00f1eros presentes pidieron detalles del funcionamiento de nuestro gremio, y m\u00e1s de uno se\u00f1al\u00f3 en el lugar su deseo de firmar la ficha de afiliaci\u00f3n.<\/p>\n<p>De esta forma, AT Eva ganando consenso entre los no docentes univeristarios, mientras se avecina una medida de fuerza en el comedor.<\/p>\n<p><strong>Paro <\/strong><\/p>\n<p>El pr\u00f3ximo jueves 15 de noviembre los trabajadores no docentes del Comedor Universitario (UNC) realizar\u00e1n una jornada de protesta con paro y movilizaci\u00f3n, ante la falta de respuestas de las autoridades universitarias a la serie de reclamos que viene planteando el sector desde hace meses.<\/p>\n<p>Los compa\u00f1eros exigen el inmediato pase a planta de 19 trabajadores contratados, el pago del suplemento de riesgo, el adicional por tarea asistencial -que s\u00f3lo lo cobra una porci\u00f3n del personal del sector-, as\u00ed como la normalizaci\u00f3n de los compa\u00f1eros tercerizados en una empresa que act\u00faa bajo la figura de una cooperativa, implicando una clara defraudaci\u00f3n laboral.<\/p>\n<p>El Comedor Universitario brinda diariamente 2800 racionales de almuerzos en todas sus sedes, para los estudiantes de la UNC. Mientras en el 2006 cada trabajador realizaba 45 raciones, hoy esa cifra se eleva a 125, dando muestras del alza de la productividad del sector y del desfasaje entre la cantidad de operarios y las demandas de la producci\u00f3n.<\/p>\n<p><a href=\"http:\/\/www.atecordoba.org\/wp-content\/uploads\/2012\/11\/IMG_2493.jpg\"><img loading=\"lazy\" decoding=\"async\" class=\"aligncenter size-medium wp-image-1909\" title=\"IMG_2493\" src=\"http:\/\/www.atecordoba.org\/wp-content\/uploads\/2012\/11\/IMG_2493-300x225.jpg\" alt=\"\" width=\"300\" height=\"225\" \/><\/a><\/p>\n<p>La medida de fuerza consistir\u00e1 en un paro activo con la realizaci\u00f3n de una olla popular frente al Pabell\u00f3n Argentina a las 12 horas.<\/p>\n","protected":false},"excerpt":{"rendered":"<p>Compa\u00f1eros del Comedor Universitario difundieron hoy el proceso de crecimiento de ATE en el sector, con la participaron trabajadores de la Secretaria de Asuntos Estudiantiles (SAE) de la universidad. Se trat\u00f3 de una asamblea realizada detr\u00e1s de las dependencias del Comedor, frente al edificio nuevo de la Secretar\u00eda de\u00a0 Asuntos Estudiantiles. Participaron alrededor de 50 [&hellip;]<\/p>\n","protected":false},"author":1,"featured_media":19220,"comment_status":"open","ping_status":"open","sticky":false,"template":"","format":"standard","meta":{"_exactmetrics_skip_tracking":false,"_exactmetrics_sitenote_active":false,"_exactmetrics_sitenote_note":"","_exactmetrics_sitenote_category":0,"jnews-multi-image_gallery":[],"jnews_single_post":[],"jnews_primary_category":[],"jnews_social_meta":[],"jnews_review":[],"enable_review":"","type":"","name":"","summary":"","brand":"","sku":"","good":[],"bad":[],"score_override":"","override_value":"","rating":[],"price":[],"jnews_override_counter":[],"jnews_post_split":[],"footnotes":""},"categories":[18],"tags":[],"class_list":["post-1906","post","type-post","status-publish","format-standard","has-post-thumbnail","hentry","category-nacionales"],"jetpack_featured_media_url":"https:\/\/atecordoba.org\/wp-content\/uploads\/2020\/05\/logo-nuevochico-e1561581322808.png","_links":{"self":[{"href":"https:\/\/atecordoba.org\/index.php?rest_route=\/wp\/v2\/posts\/1906","targetHints":{"allow":["GET"]}}],"collection":[{"href":"https:\/\/atecordoba.org\/index.php?rest_route=\/wp\/v2\/posts"}],"about":[{"href":"https:\/\/atecordoba.org\/index.php?rest_route=\/wp\/v2\/types\/post"}],"author":[{"embeddable":true,"href":"https:\/\/atecordoba.org\/index.php?rest_route=\/wp\/v2\/users\/1"}],"replies":[{"embeddable":true,"href":"https:\/\/atecordoba.org\/index.php?rest_route=%2Fwp%2Fv2%2Fcomments&post=1906"}],"version-history":[{"count":0,"href":"https:\/\/atecordoba.org\/index.php?rest_route=\/wp\/v2\/posts\/1906\/revisions"}],"wp:featuredmedia":[{"embeddable":true,"href":"https:\/\/atecordoba.org\/index.php?rest_route=\/wp\/v2\/media\/19220"}],"wp:attachment":[{"href":"https:\/\/atecordoba.org\/index.php?rest_route=%2Fwp%2Fv2%2Fmedia&parent=1906"}],"wp:term":[{"taxonomy":"category","embeddable":true,"href":"https:\/\/atecordoba.org\/index.php?rest_route=%2Fwp%2Fv2%2Fcategories&post=1906"},{"taxonomy":"post_tag","embeddable":true,"href":"https:\/\/atecordoba.org\/index.php?rest_route=%2Fwp%2Fv2%2Ftags&post=1906"}],"curies":[{"name":"wp","href":"https:\/\/api.w.org\/{rel}","templated":true}]}}