{"id":1901,"date":"2012-11-08T19:26:56","date_gmt":"2012-11-08T22:26:56","guid":{"rendered":"http:\/\/www.atecordoba.org\/?p=1901"},"modified":"2012-11-08T19:26:56","modified_gmt":"2012-11-08T22:26:56","slug":"pablo-micheli-por-la-personeria-ate-en-la-provincia","status":"publish","type":"post","link":"https:\/\/atecordoba.org\/?p=1901","title":{"rendered":"Pablo Micheli, por la personer\u00eda ATE en la Provincia"},"content":{"rendered":"<p><em>El Secretario General de la Central de Trabajadores de la Argentina particip\u00f3 del Plenario Provincial de la CTA-C\u00f3rdoba, se reuni\u00f3 con el gobernador de la Provincia, Jos\u00e9 Manuel de la Sota y particip\u00f3 de la presentaci\u00f3n del libro \u201cEl salario no es ganancia\u201d de \u00a0Juan Pablo Ruiz en la facultad de Ciencias Econ\u00f3micas de la Universidad Nacional de C\u00f3rdoba.<\/em><\/p>\n<p><a href=\"http:\/\/www.atecordoba.org\/wp-content\/uploads\/2012\/11\/micheli-delasota.jpg\"><img loading=\"lazy\" decoding=\"async\" class=\"aligncenter size-medium wp-image-1902\" title=\"micheli-delasota\" src=\"http:\/\/www.atecordoba.org\/wp-content\/uploads\/2012\/11\/micheli-delasota-300x225.jpg\" alt=\"\" width=\"300\" height=\"225\" \/><\/a><\/p>\n<p><strong>Pablo Michel<\/strong>i particip\u00f3 el martes 6 de noviembre del\u00a0<strong>Plenario Provincial de la CTA-C\u00f3rdoba <\/strong>realizado en la sede de la Asociaci\u00f3n Trabajadores del Estado (ATE-CTA), con vistas a los preparativos del paro nacional a realizarse el pr\u00f3ximo 20 del corriente.<\/p>\n<p>Posteriormente mantuvo una entrevista con el gobernador de la Provincia,\u00a0<strong>Jos\u00e9 Manuel de la Sota. <\/strong>A la reuni\u00f3n con el Jefe del Poder Ejecutivo Provincial, que se prolong\u00f3 por espacio de una hora<strong>, Micheli<\/strong>\u00a0la calific\u00f3 de\u00a0<em>\u201cpositiva porque el gobernador escuch\u00f3 nuestros reclamos y prometi\u00f3 una respuesta una vez que se ponga al tanto de las cuestiones planteadas\u201d.<\/em><\/p>\n<p><em>\u201cEn primer t\u00e9rmino le planteamos nuestra gran preocupaci\u00f3n por la situaci\u00f3n de los detenidos por la Pueblada de Corral de Bustos porque ya trascendi\u00f3 las fronteras de la provincia y est\u00e1n interviniendo referentes de Derechos Humanos, como Nora Corti\u00f1as, Adolfo P\u00e9rez Esquivel y Osvaldo Bayer porque se trata de un caso de compa\u00f1eros que est\u00e1n presos por algo que no hicieron\u201d,<\/em>\u00a0expres\u00f3 el dirigente estatal.<\/p>\n<p><strong>ATE en la Provincia<\/strong><\/p>\n<p>Sobre el pedido de reconocimiento de la Personer\u00eda Gremial de ATE-C\u00f3rdoba,\u00a0<strong>Micheli<\/strong>\u00a0manifest\u00f3 \u201c<em>que el gobernador se comprometi\u00f3 a estudiar el tema ya que adujo desconocer la resoluci\u00f3n del Ministerio de Trabajo de la Naci\u00f3n referida a que el gremio tiene \u00e1mbito de representaci\u00f3n en el Estado provincial cordob\u00e9s, como lo tiene en todas las provincias del pa\u00eds\u201d.<\/em><\/p>\n<p><strong>Micheli<\/strong>\u00a0tambi\u00e9n le plante\u00f3 a\u00a0d<strong>e la Sota<\/strong>\u00a0a situaci\u00f3n de los trabajadores judiciales sancionados por el <strong>Tribunal Superior de Justicia de C\u00f3rdoba<\/strong>\u00a0y el despido del\u00a0<strong>secretario Gremial de la Asociaci\u00f3n Gremial de Empleados del Poder Judicial de la Provincia de C\u00f3rdoba (AGEPJ-CTA)<\/strong>, el compa\u00f1ero Walter <strong>Chilo, cuyo caso se suma a los 17 suspendidos que se encuentran sumariados, con riesgo de caer tambi\u00e9n en cesant\u00eda.<\/strong><\/p>\n<p>\u201c<em>Es un hecho grave porque se trata de un compa\u00f1ero integrante de la comisi\u00f3n directiva y si bien es un tema planteado en el \u00e1mbito del Poder Judicial, tambi\u00e9n es un hecho pol\u00edtico porque se trata de la cesant\u00eda de un delegado y antes que ir a juicio queremos precisamente eso, una soluci\u00f3n pol\u00edtica para reponer al compa\u00f1ero en su puesto de trabajo y de militancia sindical\u201d<\/em>, afirm\u00f3 Micheli.<\/p>\n<p>A la audiencia con el gobernador,\u00a0<strong>Micheli<\/strong>\u00a0concurri\u00f3 acompa\u00f1ado por los secretarios generales de la CTA de la Provincia de C\u00f3rdoba,\u00a0<strong>Oscar Mengarelli<\/strong>\u00a0y de la CTA C\u00f3rdoba Capital,\u00a0<strong>Guido Dreizik<\/strong>, junto al abogado de uno de los detenidos por la Pueblada de Corral de Bustos,\u00a0<strong>Francisco Lavisse.<\/strong><\/p>\n<p><strong>Por \u00faltimo, Pablo particip\u00f3 de una actividad organizada por la Federaci\u00f3n Universitaria de C\u00f3rdoba (FUC), con motivo de la presentaci\u00f3n del libro \u2018El salario no es ganancia\u2019, del abogado Juan Pablo Ru\u00edz, en la Facultad de Ciencias Econ\u00f3micas de la UNC.<\/strong><\/p>\n<p><strong>El plenario<\/strong><\/p>\n<p>En el Plenario Provincial de la CTA,\u00a0<strong>Pablo Micheli<\/strong>\u00a0al hablar sobre el paro con movilizaci\u00f3n -convocado por la Central para el 20 de noviembre-, afirm\u00f3\u00a0<em>\u201cque nos movilizaremos en todo el pa\u00eds, y ser\u00e1 una contundente demostraci\u00f3n de que los trabajadores estamos cansados que el Gobierno nos meta la mano en el bolsillo\u201d.<\/em><\/p>\n<p><a href=\"http:\/\/www.atecordoba.org\/wp-content\/uploads\/2012\/11\/plenarioctaate.jpg\"><img loading=\"lazy\" decoding=\"async\" class=\"aligncenter size-medium wp-image-1903\" title=\"plenarioctaate\" src=\"http:\/\/www.atecordoba.org\/wp-content\/uploads\/2012\/11\/plenarioctaate-300x199.jpg\" alt=\"\" width=\"300\" height=\"199\" \/><\/a><\/p>\n<p>En tal sentido, manifest\u00f3\u00a0<em>\u201cque la Presidenta deber\u00eda sacarse los tapones de los o\u00eddos y la venda de los ojos y rever el tema del M\u00ednimo no Imponible del Impuesto a las Ganancias porque si no va a tener un escenario de conflictividad con los trabajadores\u201d.<\/em><\/p>\n<p><em>\u201cNo puede ser que m\u00e1s del 50 por ciento de la recaudaci\u00f3n total que tiene el Gobierno Nacional, de acuerdo a los datos aportados por el AFIP, sea en base al Impuesto a las Ganancias, a la Seguridad Social y el IVA. Es una verg\u00fcenza que un Gobierno que se dice nacional y popular haga pagar m\u00e1s a los que menos tienen\u201d<\/em>, critic\u00f3 Micheli.<\/p>\n<p>El Plenario tuvo una alta participaci\u00f3n de organizaciones sociales, sindicales y pol\u00edticas y los compa\u00f1eros tuvieron oportunidad de plantearle\u00a0<strong>a Micheli<\/strong>\u00a0distintas inquietudes de sus sectores y sobre el paro del 20 de noviembre en cuanto a la participaci\u00f3n de la CGT.<\/p>\n<p>En ese sentido,\u00a0<strong>Michel<\/strong>i manifest\u00f3 que\u00a0<em>\u201cla autonom\u00eda de la CTA no est\u00e1 en riesgo porque se trata de afianzar un proceso de unidad de acci\u00f3n. Entonces, no hay que pensar que pasar\u00e1 el d\u00eda despu\u00e9s del paro, sino que debemos seguir trabajando para seguir fortaleciendo la CTA en todo el pa\u00eds de manera unitaria y preservando nuestra autonom\u00eda de los patrones, los gobiernos y los partidos\u201d.<\/em><\/p>\n<p>Por otra parte,\u00a0<strong>Mengarelli<\/strong>\u00a0anunci\u00f3 que el\u00a0<strong>lunes pr\u00f3ximo, a las 10.30,<\/strong>\u00a0en las escalinatas del edificio de Tribunales I se realizar\u00e1 una sentada reclamando justicia por los\u00a0<strong>\u201cpresos pol\u00edticos\u201d<\/strong>\u00a0por la\u00a0<strong>Pueblada de Corral de Bustos.<\/strong><\/p>\n<p>Del plenario participaron, los secretarios generales de la CTA C\u00f3rdoba Capital, R\u00edo Cuarto, R\u00edo Tercero y San Francisco<strong>, Guido Dreizik, Federico Giuliani, H\u00e9ctor Cirio y Antonio Muratore, en tanto la seccional Villa Mar\u00eda estuvo representada por el compa\u00f1ero Tito Godoy<\/strong>. Tambi\u00e9n estuvo presente la regional Alta Gracia, encabezada por Coco Uranga.<\/p>\n","protected":false},"excerpt":{"rendered":"<p>El Secretario General de la Central de Trabajadores de la Argentina particip\u00f3 del Plenario Provincial de la CTA-C\u00f3rdoba, se reuni\u00f3 con el gobernador de la Provincia, Jos\u00e9 Manuel de la Sota y particip\u00f3 de la presentaci\u00f3n del libro \u201cEl salario no es ganancia\u201d de \u00a0Juan Pablo Ruiz en la facultad de Ciencias Econ\u00f3micas de la [&hellip;]<\/p>\n","protected":false},"author":1,"featured_media":19220,"comment_status":"open","ping_status":"open","sticky":false,"template":"","format":"standard","meta":{"_exactmetrics_skip_tracking":false,"_exactmetrics_sitenote_active":false,"_exactmetrics_sitenote_note":"","_exactmetrics_sitenote_category":0,"jnews-multi-image_gallery":[],"jnews_single_post":[],"jnews_primary_category":[],"jnews_social_meta":[],"jnews_review":[],"enable_review":"","type":"","name":"","summary":"","brand":"","sku":"","good":[],"bad":[],"score_override":"","override_value":"","rating":[],"price":[],"jnews_override_counter":[],"jnews_post_split":[],"footnotes":""},"categories":[1],"tags":[],"class_list":["post-1901","post","type-post","status-publish","format-standard","has-post-thumbnail","hentry","category-sin-categoria"],"jetpack_featured_media_url":"https:\/\/atecordoba.org\/wp-content\/uploads\/2020\/05\/logo-nuevochico-e1561581322808.png","_links":{"self":[{"href":"https:\/\/atecordoba.org\/index.php?rest_route=\/wp\/v2\/posts\/1901","targetHints":{"allow":["GET"]}}],"collection":[{"href":"https:\/\/atecordoba.org\/index.php?rest_route=\/wp\/v2\/posts"}],"about":[{"href":"https:\/\/atecordoba.org\/index.php?rest_route=\/wp\/v2\/types\/post"}],"author":[{"embeddable":true,"href":"https:\/\/atecordoba.org\/index.php?rest_route=\/wp\/v2\/users\/1"}],"replies":[{"embeddable":true,"href":"https:\/\/atecordoba.org\/index.php?rest_route=%2Fwp%2Fv2%2Fcomments&post=1901"}],"version-history":[{"count":0,"href":"https:\/\/atecordoba.org\/index.php?rest_route=\/wp\/v2\/posts\/1901\/revisions"}],"wp:featuredmedia":[{"embeddable":true,"href":"https:\/\/atecordoba.org\/index.php?rest_route=\/wp\/v2\/media\/19220"}],"wp:attachment":[{"href":"https:\/\/atecordoba.org\/index.php?rest_route=%2Fwp%2Fv2%2Fmedia&parent=1901"}],"wp:term":[{"taxonomy":"category","embeddable":true,"href":"https:\/\/atecordoba.org\/index.php?rest_route=%2Fwp%2Fv2%2Fcategories&post=1901"},{"taxonomy":"post_tag","embeddable":true,"href":"https:\/\/atecordoba.org\/index.php?rest_route=%2Fwp%2Fv2%2Ftags&post=1901"}],"curies":[{"name":"wp","href":"https:\/\/api.w.org\/{rel}","templated":true}]}}