{"id":1899,"date":"2012-11-08T17:12:48","date_gmt":"2012-11-08T20:12:48","guid":{"rendered":"http:\/\/www.atecordoba.org\/?p=1899"},"modified":"2012-11-08T17:12:48","modified_gmt":"2012-11-08T20:12:48","slug":"feliz-dia-del-trabajador-municipal-2","status":"publish","type":"post","link":"https:\/\/atecordoba.org\/?p=1899","title":{"rendered":"FELIZ DIA DEL TRABAJADOR MUNICIPAL"},"content":{"rendered":"<p><a href=\"https:\/\/www.youtube.com\/watch?feature=player_embedded&amp;v=Lc81r5NskE8\">DIA DEL TRABAJADOR MUNICIPAL<\/a><\/p>\n<p class=\"MsoNormal\" style=\"text-align: justify;\"><strong><span style=\"font-size: 15.0pt;\" lang=\"ES-TRAD\">Una realidad para cambiar<\/span><\/strong><\/p>\n<p class=\"MsoNormal\" style=\"text-align: justify;\">&nbsp;<a href=\"http:\/\/www.atecordoba.org\/wp-content\/uploads\/2012\/11\/IMG_04821.jpg\" class=\"\"><img loading=\"lazy\" decoding=\"async\" class=\"aligncenter size-medium wp-image-1913\" title=\"IMG_0482\" src=\"http:\/\/www.atecordoba.org\/wp-content\/uploads\/2012\/11\/IMG_04821-300x225.jpg\" alt=\"\" width=\"300\" height=\"225\"><\/a><\/p>\n<p class=\"MsoNormal\" style=\"text-align: justify;\">Por Luis&nbsp;<br \/>\nBarcena, secretario de Interior del CDP<\/p>\n<p class=\"MsoNormal\" style=\"text-align: justify;\">\n<p class=\"MsoNormal\" style=\"text-align: justify;\"><em>Hace 8 a\u00f1os la Secretaria del Interior empez\u00f3 a reconstruir y a caminar la provincia de C\u00f3rdoba, tratando de instalar ATE en&nbsp;<br \/>\ncada municipio, tarea dura en el marco de gobiernos municipales de distintas<br \/>\nextracciones pol\u00edticas pero en una misma l\u00ednea de pol\u00edtica laboral para con los<br \/>\ntrabajadores municipales: el trato autoritario, la violencia de sus punteros en<br \/>\nejercicio de funcionarios, las amenazas constantes.<\/em><\/p>\n<p class=\"MsoNormal\" style=\"text-align: justify;\">\n<p class=\"MsoNormal\" style=\"text-align: justify;\">Por todo esto y&nbsp;<br \/>\nm\u00e1s, la conducci\u00f3n de ATE ha tomado la decisi\u00f3n de instalarse en los distintos<br \/>\nmunicipios del interior provincial, para desterrar el miedo y la dependencia de<br \/>\ngobierno de turno, para crear una pol\u00edtica propia desde los trabajadores que rompa<br \/>\nla inhibici\u00f3n de la timidez, el miedo y la dependencia, herramientas que<br \/>\nutilizan los intendentes para tener sojuzgados a los planteles de municipales.<\/p>\n<p class=\"MsoNormal\" style=\"text-align: justify;\">\n<p class=\"MsoNormal\" style=\"text-align: justify;\">Los&nbsp;<br \/>\ntrabajadores cuentan con este espacio como herramienta v\u00e1lida para establecer<br \/>\nsus reivindicaciones, tanto salariales como en cuanto a condiciones laborales, a<br \/>\ntrav\u00e9s de la lucha colectiva para bregar por una vida digna. No podemos<br \/>\npermitir que los jefes de gobierno sigan avanzando y nos arrebaten nuestras<br \/>\ndemandas laborales, debemos organizarnos para impedir que nos sigan<br \/>\namedrentando.<\/p>\n<p class=\"MsoNormal\" style=\"text-align: justify;\">\n<p class=\"MsoNormal\" style=\"text-align: justify;\">Hoy los salarios de los trabajadores municipales del interior provincial est\u00e1n por<br \/>\ndebajo de la canasta b\u00e1sica: el 75% de los haberes se encuentran por debajo del<br \/>\n\u00edndice de pobreza; de ese porcentaje, el 40% por debajo del \u00edndice de<br \/>\nindigencia. Esto significa que este 75% no tiene estabilidad laboral, est\u00e1n con<br \/>\ncontrato directo con el municipio, como&nbsp;<br \/>\nmonotributistas, subsidiados, jornalizados o con planes, ya sean<br \/>\nprovinciales o nacionales. La inmensa mayor\u00eda son trabajadores no<br \/>\nregistrados.\n<\/p>\n<p class=\"MsoNormal\" style=\"text-align: justify;\">\n<p class=\"MsoNormal\" style=\"text-align: justify;\">ATE&nbsp; lucha &nbsp;por&nbsp;<br \/>\nel pase a planta permanente, por un salario digno, que se garanticen las<br \/>\ncondiciones de trabajo, para que no haya mas accidentes laborales y se cuide la<br \/>\nintegraci\u00f3n f\u00edsica del trabajador.<\/p>\n<p class=\"MsoNormal\" style=\"text-align: justify;\">\n<p class=\"MsoNormal\" style=\"text-align: justify;\">Entre las prioridades de nuestra organizaci\u00f3n vale se\u00f1alar como imprescindible desterrar<br \/>\nla violencia laboral, el acoso, el mal trato. Esta situaci\u00f3n se repite en gran<br \/>\nparte de los municipios y es origen del gran numero de trabajadores solicitan<br \/>\nel cambio de sector o carpetas medicas psicol\u00f3gicas. Esta problem\u00e1tica se<br \/>\nexpresa en el estr\u00e9s laboral, m\u00e1s aun entre las mujeres que no ven respetados sus<br \/>\nderechos, como la licencia por maternidad<\/p>\n<p class=\"MsoNormal\" style=\"text-align: justify;\">\n<p class=\"MsoNormal\" style=\"text-align: justify;\">De la misma forma, hay incumplimientos manifiestos con el cupo e incorporaci\u00f3n de<br \/>\ntrabajadores discapacitados, como pol\u00edtica p\u00fablica contra la discriminaci\u00f3n.<\/p>\n<p class=\"MsoNormal\" style=\"text-align: justify;\">\n<p class=\"MsoNormal\" style=\"text-align: justify;\">La autonom\u00eda de cada municipio, establecida constitucionalmente en 1994, tiene por objetivo<br \/>\nmantener criterios propios respecto a pol\u00edticas provinciales o nacionales, pero<br \/>\nlos intendentes la utilizan para sus propios intereses, impidiendo a los trabajadores<br \/>\npresentar sus reivindicaciones, tanto sociales, institucionales o respecto a pol\u00edticas<br \/>\np\u00fablicas.<\/p>\n<p class=\"MsoNormal\" style=\"text-align: justify;\">La legislaci\u00f3n que regula a los trabajadores estatales, sin importar a qu\u00e9 nivel de<br \/>\nadministraci\u00f3n pertenezcan, establece claramente que los compa\u00f1eros tienen la<br \/>\nlibertad de organizarse, de agremiarse, de poder elegir a sus delegados, optar<br \/>\npor el gremio que los represente, en un marco de libertad y democracia sindical,<br \/>\nde ejercer la pluralidad y el derecho a la democracia en la mesa de relaciones laborales.<\/p>\n<p class=\"MsoNormal\" style=\"text-align: justify;\">\n<p class=\"MsoNormal\" style=\"text-align: justify;\">ATE reivindica al Estado como \u00e1mbito de ejercicio de la democracia en las relaciones<br \/>\nlaborales, cosa que rechazan la mayor\u00eda de intendentes o presidentes comunales<br \/>\nya que son los principales responsables por la integridad f\u00edsica y psicol\u00f3gica del<br \/>\ntrabajador, de las malas condiciones en que se trabaja, la falta de<br \/>\nnombramiento en las \u00e1reas m\u00e1s criticas como el sector de salud, y la carencia<br \/>\nde recursos para garantizar un mejor servicio pera con nuestros ciudadanos.<\/p>\n<p class=\"MsoNormal\" style=\"text-align: justify;\">\n<p class=\"MsoNormal\" style=\"text-align: justify;\">No podemos permitir que los Jefes de Gobierno sigan avanzando y nos arrebaten los derechos<br \/>\ny toda reivindicaci\u00f3n a favor del trabajador. Decimos de ATE que existe la<br \/>\nmejor mano de obra calificada, porque todos\/as demuestran que brindan como<br \/>\ntrabajador municipal el mejor servicio y la mejor voluntad hacia la sociedad: desde<br \/>\nlos compa\u00f1eros que limpian la calle, la recolecci\u00f3n de basura, los del corral\u00f3n.<br \/>\nTodo a &nbsp;pesar que se pagan diferidos<br \/>\nsueldos de hambre, sin contemplar los adicionales por tareas riesgosas, peligrosas<br \/>\no insalubres, a los que no son de planta permanente.<\/p>\n<p class=\"MsoNormal\" style=\"text-align: justify;\">\n<p class=\"MsoNormal\" style=\"text-align: justify;\">De la misma forma, los trabajadores de la salud sufren la falta de licencias sanitarias que<br \/>\nles corresponde por ley. Sin embargo, contin\u00faan mostrando la buena<br \/>\npredisposici\u00f3n para cubrir los servicios, con solidaridad con los m\u00e1s<br \/>\nnecesitados. Queda demostrado que el que sostiene el sistema de servicios en el<br \/>\nEstado Municipal es el plantel de trabajadores.<\/p>\n<p class=\"MsoNormal\" style=\"text-align: justify;\">\n<p class=\"MsoNormal\" style=\"text-align: justify;\">Los trabajadores seguir\u00e1n organiz\u00e1ndose en ATE para combatir el trabajo precario, en negro, para<br \/>\nluchar por salarios que dignifiquen una vida mejor para la familia de los<br \/>\nmunicipales. Reclamamos que el ajuste no pase por los trabajadores porque no<br \/>\nqueremos m\u00e1s emergencias econ\u00f3micas inventadas para aplicar pol\u00edticas en contra<br \/>\nde los compa\u00f1eros.<\/p>\n<p class=\"MsoNormal\" style=\"text-align: justify;\">\n<p class=\"MsoNormal\" style=\"text-align: justify;\">En ese camino va nuestra propuesta de un convenio colectivo de trabajo \u00fanico para el sector, una<br \/>\ndecisi\u00f3n a partir del crecimiento de ATE que se advierte en todo el territorio<br \/>\nde C\u00f3rdoba. Estamos realizando elecciones de delegados, en funci\u00f3n del<br \/>\ncrecimiento de las afiliaciones en diversos municipios, como en Cruz del Eje<br \/>\ndonde nuestro gremio abri\u00f3 recientemente un local, que expresa el incremento de<br \/>\nla presencia territorial de ATE en el noroeste provincial.<\/p>\n<p class=\"MsoNormal\" style=\"text-align: justify;\">\n<p class=\"MsoNormal\" style=\"text-align: justify;\">De la misma forma, el sur de la provincia experimenta la incorporaci\u00f3n de municipales, que<br \/>\nest\u00e1n contenidos en la seccional R\u00edo Cuarto. Los \u00faltimos compa\u00f1eros que se<br \/>\nsumaron a nuestra organizaci\u00f3n provienen de La Carlota y Villa Valeria.<\/p>\n","protected":false},"excerpt":{"rendered":"<p>DIA DEL TRABAJADOR MUNICIPAL Una realidad para cambiar &nbsp; Por Luis&nbsp; Barcena, secretario de Interior del CDP Hace 8 a\u00f1os la Secretaria del Interior empez\u00f3 a reconstruir y a caminar la provincia de C\u00f3rdoba, tratando de instalar ATE en&nbsp; cada municipio, tarea dura en el marco de gobiernos municipales de distintas extracciones pol\u00edticas pero en [&hellip;]<\/p>\n","protected":false},"author":1,"featured_media":19220,"comment_status":"open","ping_status":"open","sticky":false,"template":"","format":"standard","meta":{"_exactmetrics_skip_tracking":false,"_exactmetrics_sitenote_active":false,"_exactmetrics_sitenote_note":"","_exactmetrics_sitenote_category":0,"jnews-multi-image_gallery":[],"jnews_single_post":[],"jnews_primary_category":[],"jnews_social_meta":[],"jnews_review":[],"enable_review":"","type":"","name":"","summary":"","brand":"","sku":"","good":[],"bad":[],"score_override":"","override_value":"","rating":[],"price":[],"jnews_override_counter":[],"jnews_post_split":[],"footnotes":""},"categories":[20],"tags":[],"class_list":["post-1899","post","type-post","status-publish","format-standard","has-post-thumbnail","hentry","category-municipales"],"jetpack_featured_media_url":"https:\/\/atecordoba.org\/wp-content\/uploads\/2020\/05\/logo-nuevochico-e1561581322808.png","_links":{"self":[{"href":"https:\/\/atecordoba.org\/index.php?rest_route=\/wp\/v2\/posts\/1899","targetHints":{"allow":["GET"]}}],"collection":[{"href":"https:\/\/atecordoba.org\/index.php?rest_route=\/wp\/v2\/posts"}],"about":[{"href":"https:\/\/atecordoba.org\/index.php?rest_route=\/wp\/v2\/types\/post"}],"author":[{"embeddable":true,"href":"https:\/\/atecordoba.org\/index.php?rest_route=\/wp\/v2\/users\/1"}],"replies":[{"embeddable":true,"href":"https:\/\/atecordoba.org\/index.php?rest_route=%2Fwp%2Fv2%2Fcomments&post=1899"}],"version-history":[{"count":0,"href":"https:\/\/atecordoba.org\/index.php?rest_route=\/wp\/v2\/posts\/1899\/revisions"}],"wp:featuredmedia":[{"embeddable":true,"href":"https:\/\/atecordoba.org\/index.php?rest_route=\/wp\/v2\/media\/19220"}],"wp:attachment":[{"href":"https:\/\/atecordoba.org\/index.php?rest_route=%2Fwp%2Fv2%2Fmedia&parent=1899"}],"wp:term":[{"taxonomy":"category","embeddable":true,"href":"https:\/\/atecordoba.org\/index.php?rest_route=%2Fwp%2Fv2%2Fcategories&post=1899"},{"taxonomy":"post_tag","embeddable":true,"href":"https:\/\/atecordoba.org\/index.php?rest_route=%2Fwp%2Fv2%2Ftags&post=1899"}],"curies":[{"name":"wp","href":"https:\/\/api.w.org\/{rel}","templated":true}]}}