{"id":1884,"date":"2012-11-02T17:49:53","date_gmt":"2012-11-02T20:49:53","guid":{"rendered":"http:\/\/www.atecordoba.org\/?p=1884"},"modified":"2012-11-02T17:49:53","modified_gmt":"2012-11-02T20:49:53","slug":"ate-inauguro-su-nueva-sede-en-rio-cuarto","status":"publish","type":"post","link":"https:\/\/atecordoba.org\/?p=1884","title":{"rendered":"ATE inaugur\u00f3 su nueva sede en R\u00edo Cuarto"},"content":{"rendered":"<p><em>El acto cont\u00f3 con la presencia de Julio Fuentes, secretario General de ATE Nacional, del secretariado provincial y de un amplio abanico de organizaciones pol\u00edticas y sociales.\u00a0<\/em><\/p>\n<p><a href=\"http:\/\/www.atecordoba.org\/wp-content\/uploads\/2012\/11\/DSC01219.jpg\"><img loading=\"lazy\" decoding=\"async\" class=\"aligncenter size-medium wp-image-1885\" title=\"DSC01219\" src=\"http:\/\/www.atecordoba.org\/wp-content\/uploads\/2012\/11\/DSC01219-300x225.jpg\" alt=\"\" width=\"300\" height=\"225\" \/><\/a><\/p>\n<p>(<em>Comunicado de prensa \u2013 seccional R\u00edo Cuarto<\/em>) La Seccional R\u00edo Cuarto dela Asociaci\u00f3n de Trabajadores del Estado (ATE), dej\u00f3 inaugurada oficialmente el mi\u00e9rcoles 31 de octubre su nueva sede en calle Cabrera 467, con la presencia de \u00a0m\u00e1s de 130 personas entre los que se encontraban numerosos dirigentes gremiales, pol\u00edticos y sociales de la ciudad, la provincia y tambi\u00e9n la Naci\u00f3n.<\/p>\n<p><a href=\"http:\/\/www.atecordoba.org\/wp-content\/uploads\/2012\/11\/DSCN1768.jpg\"><img loading=\"lazy\" decoding=\"async\" class=\"aligncenter size-medium wp-image-1894\" title=\"DSCN1768\" src=\"http:\/\/www.atecordoba.org\/wp-content\/uploads\/2012\/11\/DSCN1768-300x225.jpg\" alt=\"\" width=\"300\" height=\"225\" \/><\/a><\/p>\n<p>En un emotivo acto, el secretario general de ATE R\u00edo\u2008Cuarto, Federico Giuliani, agradeci\u00f3 el acompa\u00f1amiento en una sala repleta que cont\u00f3 con la presencia del Secretario General de ATE Nacional Julio Fuentes, de Mar\u00eda Teresa Romero Secretaria General del Consejo Directivo Provincial de ATE, del Secretario de Relaciones Institucionales dela CTA NacionalJuan Carlos Giuliani, del Secretario General de CTA C\u00f3rdoba Oscar Mengarelli, del Secretario General de ATE Villa Mar\u00eda Walter Secondino y de R\u00edo Tercero Cristian Colman; adem\u00e1s del jefe de bloque del oficialismo en el Concejo Deliberante, Mart\u00edn Carranza; del bloque peronista, Guillermo Natali; el titular del Consejo Econ\u00f3mico y Social, Miguel Besso; junto a representantes de Libres del Sur, Unidad Popular. Agrupaci\u00f3n San Mart\u00edn,La C\u00e1mpora, FURC, funcionarios del Rectorado dela UNRC, C\u00edrculo Sindical dela Prensa, Asociaci\u00f3n Gremial Docentes Universitarios, Organizaci\u00f3n Territorial Mal\u00f3n y Granja Siquem, entre otros.<\/p>\n<p><a href=\"http:\/\/www.atecordoba.org\/wp-content\/uploads\/2012\/11\/DSCN1776.jpg\"><img loading=\"lazy\" decoding=\"async\" class=\"aligncenter size-medium wp-image-1895\" title=\"DSCN1776\" src=\"http:\/\/www.atecordoba.org\/wp-content\/uploads\/2012\/11\/DSCN1776-300x225.jpg\" alt=\"\" width=\"300\" height=\"225\" \/><\/a><\/p>\n<p>Federico Giuliani destac\u00f3 que \u201cel desarrollo que ha tenido ATE R\u00edo Cuarto en los \u00faltimos cinco a\u00f1os, hizo posible y necesario llegar hoy a inaugurar esta nueva sede. Este crecimiento se observa en el desarrollo territorial que tiene la seccional que ha sumado presencia y representaci\u00f3n no s\u00f3lo entre los trabajadores estatales nacionales, provinciales y municipales de R\u00edo Cuarto, sino tambi\u00e9n de numerosos municipios del sur cordob\u00e9s\u201d.<\/p>\n<p><a href=\"http:\/\/www.atecordoba.org\/wp-content\/uploads\/2012\/11\/DSCN1787.jpg\"><img loading=\"lazy\" decoding=\"async\" class=\"aligncenter size-medium wp-image-1896\" title=\"DSCN1787\" src=\"http:\/\/www.atecordoba.org\/wp-content\/uploads\/2012\/11\/DSCN1787-225x300.jpg\" alt=\"\" width=\"225\" height=\"300\" \/><\/a><\/p>\n<p>Seguidamente Mar\u00eda Teresa Romero destac\u00f3 que \u201cesta sede naci\u00f3 como una delegaci\u00f3n porque era una estructura muy peque\u00f1a y hoy vemos un progreso constante que nos lleva a inaugurar esta nueva sede. Hay un claro proceso de expansi\u00f3n que nos llena de orgullo\u201d. Mientras que, por su parte, Julio Fuentes indic\u00f3 que se crece \u201cfruto del trabajo de todo un equipo de gente y de la decisi\u00f3n pol\u00edtica de los compa\u00f1eros que creyeron que se pod\u00eda y trabajaron que fuera posible. \u201c<\/p>\n<p>El acto de inauguraci\u00f3n incluy\u00f3 un corte de cintas a cargo de Romero y Fuentes, se descubri\u00f3 una placa en homenaje al dirigente Atilio L\u00f3pez y se bautiz\u00f3\u00a0 el auditorio con su nombre. A la hora de los brindis se pudo disfrutar de la m\u00fasica y la poes\u00eda del artista local Miguel \u00c1ngel Toledo acompa\u00f1ado por el Poeta Obrero y del trovador cubano Yassel Lazaro Lopez Pis.<\/p>\n\n","protected":false},"excerpt":{"rendered":"<p>El acto cont\u00f3 con la presencia de Julio Fuentes, secretario General de ATE Nacional, del secretariado provincial y de un amplio abanico de organizaciones pol\u00edticas y sociales.\u00a0 (Comunicado de prensa \u2013 seccional R\u00edo Cuarto) La Seccional R\u00edo Cuarto dela Asociaci\u00f3n de Trabajadores del Estado (ATE), dej\u00f3 inaugurada oficialmente el mi\u00e9rcoles 31 de octubre su nueva [&hellip;]<\/p>\n","protected":false},"author":1,"featured_media":19220,"comment_status":"open","ping_status":"open","sticky":false,"template":"","format":"standard","meta":{"_exactmetrics_skip_tracking":false,"_exactmetrics_sitenote_active":false,"_exactmetrics_sitenote_note":"","_exactmetrics_sitenote_category":0,"jnews-multi-image_gallery":[],"jnews_single_post":[],"jnews_primary_category":[],"jnews_social_meta":[],"jnews_review":[],"enable_review":"","type":"","name":"","summary":"","brand":"","sku":"","good":[],"bad":[],"score_override":"","override_value":"","rating":[],"price":[],"jnews_override_counter":[],"jnews_post_split":[],"footnotes":""},"categories":[1],"tags":[],"class_list":["post-1884","post","type-post","status-publish","format-standard","has-post-thumbnail","hentry","category-sin-categoria"],"jetpack_featured_media_url":"https:\/\/atecordoba.org\/wp-content\/uploads\/2020\/05\/logo-nuevochico-e1561581322808.png","_links":{"self":[{"href":"https:\/\/atecordoba.org\/index.php?rest_route=\/wp\/v2\/posts\/1884","targetHints":{"allow":["GET"]}}],"collection":[{"href":"https:\/\/atecordoba.org\/index.php?rest_route=\/wp\/v2\/posts"}],"about":[{"href":"https:\/\/atecordoba.org\/index.php?rest_route=\/wp\/v2\/types\/post"}],"author":[{"embeddable":true,"href":"https:\/\/atecordoba.org\/index.php?rest_route=\/wp\/v2\/users\/1"}],"replies":[{"embeddable":true,"href":"https:\/\/atecordoba.org\/index.php?rest_route=%2Fwp%2Fv2%2Fcomments&post=1884"}],"version-history":[{"count":0,"href":"https:\/\/atecordoba.org\/index.php?rest_route=\/wp\/v2\/posts\/1884\/revisions"}],"wp:featuredmedia":[{"embeddable":true,"href":"https:\/\/atecordoba.org\/index.php?rest_route=\/wp\/v2\/media\/19220"}],"wp:attachment":[{"href":"https:\/\/atecordoba.org\/index.php?rest_route=%2Fwp%2Fv2%2Fmedia&parent=1884"}],"wp:term":[{"taxonomy":"category","embeddable":true,"href":"https:\/\/atecordoba.org\/index.php?rest_route=%2Fwp%2Fv2%2Fcategories&post=1884"},{"taxonomy":"post_tag","embeddable":true,"href":"https:\/\/atecordoba.org\/index.php?rest_route=%2Fwp%2Fv2%2Ftags&post=1884"}],"curies":[{"name":"wp","href":"https:\/\/api.w.org\/{rel}","templated":true}]}}