{"id":1872,"date":"2012-10-12T19:17:08","date_gmt":"2012-10-12T22:17:08","guid":{"rendered":"http:\/\/www.atecordoba.org\/?p=1872"},"modified":"2012-10-12T19:17:08","modified_gmt":"2012-10-12T22:17:08","slug":"reunion-con-la-rectora-carolina-scotto-afianza-a-ate-en-la-unc","status":"publish","type":"post","link":"https:\/\/atecordoba.org\/?p=1872","title":{"rendered":"Reuni\u00f3n con la rectora Carolina Scotto afianza a ATE en la UNC"},"content":{"rendered":"<p><em>La conducci\u00f3n del Consejo Directivo Provincial y los delegados no docentes mantuvieron un encuentro con la m\u00e1xima autoridad de la casa de estudios para avanzar en el pase a planta de los no docentes contratados antes del 2007. La rectora reconoci\u00f3 el car\u00e1cter genuino de la protesta de ATE.<\/em><\/p>\n<p><a href=\"http:\/\/www.atecordoba.org\/wp-content\/uploads\/2012\/10\/IMG_2493.jpg\" class=\"\"><img loading=\"lazy\" decoding=\"async\" class=\"aligncenter size-medium wp-image-1827\" title=\"IMG_2493\" src=\"http:\/\/www.atecordoba.org\/wp-content\/uploads\/2012\/10\/IMG_2493-300x225.jpg\" alt=\"\" width=\"300\" height=\"225\"><\/a><\/p>\n<p>Hoy al mediod\u00eda la conducci\u00f3n de ATE se reuni\u00f3n con la rectora de la Universidad Nacional de C\u00f3rdoba, Carolina Scotto, en el marco del plan de lucha que viene desarrollando nuestra organizaci\u00f3n con punto de partida en el Comedor Universitario.<\/p>\n<p>Por parte de ATE estuvo presente nuestra secretaria General, Maria Teresa Romero, el adjunto y secretario General de CTA, Oscar Mengarelli, junto a los delegados Carlos Victorel, por el Comedor, y Francisco Pav\u00e1n, por la FAMAF; en tanto, por la UNC, particip\u00f3 Jon Boretto, secretario General, acompa\u00f1ando a la rectora.<\/p>\n<p>En t\u00e9rminos siempre cordiales, Scotto reconoci\u00f3 el car\u00e1cter genuino del reclamo de ATE por el pase a planta de los contratados, el fin de la tercerizaci\u00f3n de 14 compa\u00f1eros en el Comedor &nbsp;y el reconocimiento del \u2018riesgo asistencial\u2019 en el sector.<\/p>\n<p>\u201cEn principio, la rectora nos anunci\u00f3 que tramitar\u00e1 una partida extraordinaria ante el gobierno nacional para pasar a planta permanente a los 60 compa\u00f1eros que est\u00e1n contratados desde antes de octubre de 2007, y que por el acta de 3\u00aa de la paritaria sectorial ya deber\u00edan est\u00e1n traspasados. Quedamos en el 2 de noviembre &nbsp;como fecha tentativa para tener una respuesta\u201d, explic\u00f3 Carlos Victorel a la salida de la reuni\u00f3n, que se extendi\u00f3 por una hora y media.<\/p>\n<p>&nbsp;<\/p>\n<p>&nbsp;<\/p>\n<p>Cabe se\u00f1alar de los 60 contratados antes mencionados, s\u00f3lo 10 son afiliados a ATE, de forma que otros 50 se ver\u00e1n beneficiados por el plan de acciones que viene desarrollando nuestro gremio.<\/p>\n<p><a href=\"http:\/\/www.atecordoba.org\/wp-content\/uploads\/2012\/10\/IMG_2346.jpg\" class=\"\"><img loading=\"lazy\" decoding=\"async\" class=\"aligncenter size-medium wp-image-1874\" title=\"IMG_2346\" src=\"http:\/\/www.atecordoba.org\/wp-content\/uploads\/2012\/10\/IMG_2346-300x225.jpg\" alt=\"\" width=\"300\" height=\"225\"><\/a><\/p>\n<p>Vale destacar que el Consejo Superior de la UNC cre\u00f3 una comisi\u00f3n ad hoc para tratar la precarizaci\u00f3n laboral que viven muchos trabajadores de la universidad, y este organismo naci\u00f3 al calor de un pormenorizado informe que realiz\u00f3 ATE sobre la situaci\u00f3n laboral de los no docentes donde cuenta con representaci\u00f3n.<\/p>\n<p>\u201cEstamos frente a un problema real que hay que solucionar. As\u00ed lo reconoci\u00f3 la propia rectora\u201d, afirm\u00f3 Victorel.<\/p>\n<p>Al mismo tiempo, las autoridades propusieron evaluar la situaci\u00f3n del resto de no docentes que desarrollan funciones con posterioridad a octubre de 2007, y que por lo tanto no est\u00e1n contenido en el acta 3\u00aa, conforme reciban informaci\u00f3n sobre el presupuesto que la UNC recibir\u00e1 el a\u00f1o que viene.<\/p>\n<p>\u201cNos vamos contentos. La sensaci\u00f3n es que la fortaleza que nos da estar organizados en asamblea, de convocar a Comisi\u00f3n Directiva, de haber elegido delegados en elecciones, es el camino correcto. Iniciamos hace un tiempo un plan de acciones que ya puede mostrar resultados a los compa\u00f1eros. Por eso creemos que la reuni\u00f3n fue altamente positiva\u201d, anunci\u00f3 el delegado.<\/p>\n<p><strong>Aplausos estudiantiles<\/strong><\/p>\n<p>Ya finalizada la reuni\u00f3n, la comitiva de ATE se dirigi\u00f3 al Comedor Universitario donde se realiz\u00f3 &nbsp;una asamblea informativa con los trabajadores del sector.<\/p>\n<p><a href=\"http:\/\/www.atecordoba.org\/wp-content\/uploads\/2012\/10\/IMG_2358.jpg\"><img loading=\"lazy\" decoding=\"async\" class=\"aligncenter size-medium wp-image-1875\" title=\"IMG_2358\" src=\"http:\/\/www.atecordoba.org\/wp-content\/uploads\/2012\/10\/IMG_2358-300x225.jpg\" alt=\"\" width=\"300\" height=\"225\"><\/a><\/p>\n<p>Como hecho destacado, alrededor de 1000 estudiantes que esperaban su turno para comer, aceptaron esperar media hora para que concluyera la asamblea. Posteriormente el propio Victorel se dirigi\u00f3 a los estudiantes para contarles los motivos del rechazo, las alternativas del encuentro con la rectoral y las esperanzas que abrigan los compa\u00f1eros de lograr ver cumplidas sus reivindicaciones.<\/p>\n<p>Terminado el relato, los estudiantes presentes cerraron el di\u00e1logo con un aplauso masivo que emocion\u00f3 a los trabajadores del sector.<\/p>\n<p><a href=\"http:\/\/www.atecordoba.org\/wp-content\/uploads\/2012\/10\/IMG_2352.jpg\"><img loading=\"lazy\" decoding=\"async\" class=\"aligncenter size-medium wp-image-1876\" title=\"IMG_2352\" src=\"http:\/\/www.atecordoba.org\/wp-content\/uploads\/2012\/10\/IMG_2352-300x225.jpg\" alt=\"\" width=\"300\" height=\"225\"><\/a><\/p>\n","protected":false},"excerpt":{"rendered":"<p>La conducci\u00f3n del Consejo Directivo Provincial y los delegados no docentes mantuvieron un encuentro con la m\u00e1xima autoridad de la casa de estudios para avanzar en el pase a planta de los no docentes contratados antes del 2007. La rectora reconoci\u00f3 el car\u00e1cter genuino de la protesta de ATE. Hoy al mediod\u00eda la conducci\u00f3n de [&hellip;]<\/p>\n","protected":false},"author":1,"featured_media":19220,"comment_status":"open","ping_status":"open","sticky":false,"template":"","format":"standard","meta":{"_exactmetrics_skip_tracking":false,"_exactmetrics_sitenote_active":false,"_exactmetrics_sitenote_note":"","_exactmetrics_sitenote_category":0,"jnews-multi-image_gallery":[],"jnews_single_post":[],"jnews_primary_category":[],"jnews_social_meta":[],"jnews_review":[],"enable_review":"","type":"","name":"","summary":"","brand":"","sku":"","good":[],"bad":[],"score_override":"","override_value":"","rating":[],"price":[],"jnews_override_counter":[],"jnews_post_split":[],"footnotes":""},"categories":[1],"tags":[],"class_list":["post-1872","post","type-post","status-publish","format-standard","has-post-thumbnail","hentry","category-sin-categoria"],"jetpack_featured_media_url":"https:\/\/atecordoba.org\/wp-content\/uploads\/2020\/05\/logo-nuevochico-e1561581322808.png","_links":{"self":[{"href":"https:\/\/atecordoba.org\/index.php?rest_route=\/wp\/v2\/posts\/1872","targetHints":{"allow":["GET"]}}],"collection":[{"href":"https:\/\/atecordoba.org\/index.php?rest_route=\/wp\/v2\/posts"}],"about":[{"href":"https:\/\/atecordoba.org\/index.php?rest_route=\/wp\/v2\/types\/post"}],"author":[{"embeddable":true,"href":"https:\/\/atecordoba.org\/index.php?rest_route=\/wp\/v2\/users\/1"}],"replies":[{"embeddable":true,"href":"https:\/\/atecordoba.org\/index.php?rest_route=%2Fwp%2Fv2%2Fcomments&post=1872"}],"version-history":[{"count":0,"href":"https:\/\/atecordoba.org\/index.php?rest_route=\/wp\/v2\/posts\/1872\/revisions"}],"wp:featuredmedia":[{"embeddable":true,"href":"https:\/\/atecordoba.org\/index.php?rest_route=\/wp\/v2\/media\/19220"}],"wp:attachment":[{"href":"https:\/\/atecordoba.org\/index.php?rest_route=%2Fwp%2Fv2%2Fmedia&parent=1872"}],"wp:term":[{"taxonomy":"category","embeddable":true,"href":"https:\/\/atecordoba.org\/index.php?rest_route=%2Fwp%2Fv2%2Fcategories&post=1872"},{"taxonomy":"post_tag","embeddable":true,"href":"https:\/\/atecordoba.org\/index.php?rest_route=%2Fwp%2Fv2%2Ftags&post=1872"}],"curies":[{"name":"wp","href":"https:\/\/api.w.org\/{rel}","templated":true}]}}