{"id":186,"date":"2011-09-29T19:47:49","date_gmt":"2011-09-29T22:47:49","guid":{"rendered":"http:\/\/www.atecordoba.org\/?p=186"},"modified":"2011-09-29T19:47:49","modified_gmt":"2011-09-29T22:47:49","slug":"repudio-a-la-golpiza-a-los-trabajadores-de-la-salud","status":"publish","type":"post","link":"https:\/\/atecordoba.org\/?p=186","title":{"rendered":"Repudio a la golpiza a los trabajadores de la salud"},"content":{"rendered":"<p><strong>ATE C\u00f3rdoba repudia la agresi\u00f3n sufrida ayer por los trabajadores de la salud en ocasi\u00f3n de producirse la protesta mientras las autoridades provinciales inauguraban la Terminal de Omnibus, muestra de la falta de vocaci\u00f3n democr\u00e1tica y del autoritarismo con que se maneja el gobierno de C\u00f3rdoba.<\/strong><\/p>\n<div>\n<p>Vale se\u00f1alar que durante la refriega result\u00f3 con diversas contusiones en brazos y piernas el delegado de ATE del Hospital Misericordia Fernando P\u00e9rez. A pesar de esta grave sitauci\u00f3n vivida ayer, ATE continuar\u00e1 con el plan de lucha, junto a las dem\u00e1s organizaciones sindicales que protagonizan el conflicto, con el objetivo de lograr un salario inicial para todas las agrupaciones que iguale la canasta familiar, estimada en $6000.<\/p>\n<p>Daniel Pawluchuzk<\/p>\n<p>Secretario de prensa<\/p>\n<p>ATE C\u00f3rdoba<\/p>\n<\/div>\n","protected":false},"excerpt":{"rendered":"<p>ATE C\u00f3rdoba repudia la agresi\u00f3n sufrida ayer por los trabajadores de la salud en ocasi\u00f3n de producirse la protesta mientras las autoridades provinciales inauguraban la Terminal de Omnibus, muestra de la falta de vocaci\u00f3n democr\u00e1tica y del autoritarismo con que se maneja el gobierno de C\u00f3rdoba. Vale se\u00f1alar que durante la refriega result\u00f3 con diversas [&hellip;]<\/p>\n","protected":false},"author":1,"featured_media":19220,"comment_status":"open","ping_status":"open","sticky":false,"template":"","format":"standard","meta":{"_exactmetrics_skip_tracking":false,"_exactmetrics_sitenote_active":false,"_exactmetrics_sitenote_note":"","_exactmetrics_sitenote_category":0,"jnews-multi-image_gallery":[],"jnews_single_post":[],"jnews_primary_category":[],"jnews_social_meta":[],"jnews_review":[],"enable_review":"","type":"","name":"","summary":"","brand":"","sku":"","good":[],"bad":[],"score_override":"","override_value":"","rating":[],"price":[],"jnews_override_counter":[],"jnews_post_split":[],"footnotes":""},"categories":[53],"tags":[54],"class_list":["post-186","post","type-post","status-publish","format-standard","has-post-thumbnail","hentry","category-comunicados-de-prensa","tag-comunicados-de-prensa-2"],"jetpack_featured_media_url":"https:\/\/atecordoba.org\/wp-content\/uploads\/2020\/05\/logo-nuevochico-e1561581322808.png","_links":{"self":[{"href":"https:\/\/atecordoba.org\/index.php?rest_route=\/wp\/v2\/posts\/186","targetHints":{"allow":["GET"]}}],"collection":[{"href":"https:\/\/atecordoba.org\/index.php?rest_route=\/wp\/v2\/posts"}],"about":[{"href":"https:\/\/atecordoba.org\/index.php?rest_route=\/wp\/v2\/types\/post"}],"author":[{"embeddable":true,"href":"https:\/\/atecordoba.org\/index.php?rest_route=\/wp\/v2\/users\/1"}],"replies":[{"embeddable":true,"href":"https:\/\/atecordoba.org\/index.php?rest_route=%2Fwp%2Fv2%2Fcomments&post=186"}],"version-history":[{"count":0,"href":"https:\/\/atecordoba.org\/index.php?rest_route=\/wp\/v2\/posts\/186\/revisions"}],"wp:featuredmedia":[{"embeddable":true,"href":"https:\/\/atecordoba.org\/index.php?rest_route=\/wp\/v2\/media\/19220"}],"wp:attachment":[{"href":"https:\/\/atecordoba.org\/index.php?rest_route=%2Fwp%2Fv2%2Fmedia&parent=186"}],"wp:term":[{"taxonomy":"category","embeddable":true,"href":"https:\/\/atecordoba.org\/index.php?rest_route=%2Fwp%2Fv2%2Fcategories&post=186"},{"taxonomy":"post_tag","embeddable":true,"href":"https:\/\/atecordoba.org\/index.php?rest_route=%2Fwp%2Fv2%2Ftags&post=186"}],"curies":[{"name":"wp","href":"https:\/\/api.w.org\/{rel}","templated":true}]}}