{"id":1855,"date":"2012-10-10T17:27:07","date_gmt":"2012-10-10T20:27:07","guid":{"rendered":"http:\/\/www.atecordoba.org\/?p=1855"},"modified":"2012-10-10T17:27:07","modified_gmt":"2012-10-10T20:27:07","slug":"con-agenda-local-la-cta-marcho-en-cordoba","status":"publish","type":"post","link":"https:\/\/atecordoba.org\/?p=1855","title":{"rendered":"Con agenda local, la CTA march\u00f3 en C\u00f3rdoba"},"content":{"rendered":"<p><em>Sumado a los reclamos nacionales por la eliminaci\u00f3n del impuesto a las ganancias y la universalizaci\u00f3n de las asignaciones familiares, la CTA exigi\u00f3 que finalice el ajuste previsional de De la Sota, la derogaci\u00f3n del impuesto vial, la eliminaci\u00f3n del C\u00f3digo de Faltas y el reconocimiento de ATE en la provincia.<\/em><\/p>\n<p><a href=\"http:\/\/www.atecordoba.org\/wp-content\/uploads\/2012\/10\/IMG_2673.jpg\"><img loading=\"lazy\" decoding=\"async\" class=\"aligncenter size-medium wp-image-1856\" title=\"IMG_2673\" src=\"http:\/\/www.atecordoba.org\/wp-content\/uploads\/2012\/10\/IMG_2673-300x225.jpg\" alt=\"\" width=\"300\" height=\"225\" \/><\/a><\/p>\n<p>Una ruidosa y colorida movilizaci\u00f3n de la CTA atraves\u00f3 hoy el centro de la ciudad, por diversos puntos, para confluir en 27 de abril y V\u00e9lez S\u00e1rsfield, en el marco del paro nacional que nuestra central desarrolla en todo el pa\u00eds, con epicentro en la Plaza de Mayo.<\/p>\n<p>Desde tempranas horas de d\u00eda los compa\u00f1eros se fueron acercando a las distintas columnas de las organizaciones participantes, alertando sobre el estado de movilizaci\u00f3n que se vivi\u00f3 durante la jornada.<\/p>\n<p><a href=\"http:\/\/www.atecordoba.org\/wp-content\/uploads\/2012\/10\/IMG_2680.jpg\"><img loading=\"lazy\" decoding=\"async\" class=\"aligncenter size-medium wp-image-1857\" title=\"IMG_2680\" src=\"http:\/\/www.atecordoba.org\/wp-content\/uploads\/2012\/10\/IMG_2680-300x225.jpg\" alt=\"\" width=\"300\" height=\"225\" \/><\/a><\/p>\n<p>Se pudo destacar, detr\u00e1s de la bandera de la CTA a compa\u00f1eros de ATE, Cispren, Barrios de Pie, Corriente Clasista y Combativa, MST, la Federaci\u00f3n Universitaria de C\u00f3rdoba, los telef\u00f3nicos de UTATEC, los inform\u00e1ticos de CEPETEL, AMMAR, trabajadores de call centers de la UNoCC, as\u00ed como los compa\u00f1eros del sindicato de peones de taxis. En la oportunidad estuvieron presentes los compa\u00f1eros Guido Dreizik, secretario General de CTA Capital, y Carlos Valduvino, secretario General de CISPREN.<\/p>\n<p>\u201cComo en todas las ciudades del pa\u00eds, en C\u00f3rdoba estamos de pie en la lucha contra la pol\u00edtica de ajuste y represi\u00f3n del gobernador De la Sota, contra el C\u00f3digo de Faltas, que criminaliza la pobreza y el trabajo sexual, y la ley Antiterrorista nacional, que castiga la protesta social\u201d, dijo Oscar Mengarelli, secretario General de la CTA C\u00f3rdoba.<\/p>\n<p><a href=\"http:\/\/www.atecordoba.org\/wp-content\/uploads\/2012\/10\/IMG_2691.jpg\"><img loading=\"lazy\" decoding=\"async\" class=\"aligncenter size-medium wp-image-1858\" title=\"IMG_2691\" src=\"http:\/\/www.atecordoba.org\/wp-content\/uploads\/2012\/10\/IMG_2691-300x225.jpg\" alt=\"\" width=\"300\" height=\"225\" \/><\/a><\/p>\n<p>Esa introducci\u00f3n anticip\u00f3 los reclamos por las problem\u00e1ticas m\u00e1s urgentes en C\u00f3rdoba: un salario m\u00ednimo vital y m\u00f3vil de $5000 y aumento de los planes sociales, un salario b\u00e1sico igual a la canasta familiar, 82% m\u00f3vil para todos los jubilados y fin del ajuste previsional delasotista, basta de tercerizaci\u00f3n, precarizaci\u00f3n, salarios en negro y despidos, contra la ley de trata, la derogaci\u00f3n del impuesto vial, repudio de la instalaci\u00f3n de la corporaci\u00f3n Monsanto en C\u00f3rdoba, por el cumplimiento de la resoluciones que determinan que ATE tiene \u00e1mbito de representaci\u00f3n en la provincia y por la liberaci\u00f3n de los presos pol\u00edticos de Corral de Bustos.<\/p>\n<p>\u201cEsta es la CTA que lucha, la que no acuerda a espaldas de los trabajadores, la que \u00a0tiene una propuesta integral desde las clases populares para y un modelo de pa\u00eds independiente, con desarrollo sustentable, que no destruya el medio ambiente, que respete el derecho de los pueblos originarios\u201d, se\u00f1al\u00f3 Mengarelli.<\/p>\n<p><a href=\"http:\/\/www.atecordoba.org\/wp-content\/uploads\/2012\/10\/IMG_2730.jpg\"><img loading=\"lazy\" decoding=\"async\" class=\"aligncenter size-medium wp-image-1859\" title=\"IMG_2730\" src=\"http:\/\/www.atecordoba.org\/wp-content\/uploads\/2012\/10\/IMG_2730-300x225.jpg\" alt=\"\" width=\"300\" height=\"225\" \/><\/a><\/p>\n<p>As\u00ed, el dirigente reclam\u00f3 que el salario sea acorde a la canasta familiar, refiri\u00e9ndose con iron\u00eda a los 6 pesos por d\u00eda que establece el INDEC intervenido para que coma una persona y repudi\u00f3 esta etapa de capitalismo por saqueo. \u201cLas Madres de barrio Ituzaing\u00f3 demostraron que el uso genocida de agrot\u00f3xicos provoca la muerte. \u00bfC\u00f3mo no vamos a repudiar entonces la instalaci\u00f3n \u00a0de Monsanto en C\u00f3rdoba? Tambi\u00e9n exigimos el derecho al espacio p\u00fablico como fuente de trabajo los compa\u00f1eros cuidacoches, conocidos como naranjitas. 500 trabajadores quedaron sin trabajo\u201d, afirm\u00f3 Mengarelli.<\/p>\n<p>En el mismo sentido, expres\u00f3 el rechazo de la Central a la pol\u00edtica de privatizaciones que impulsa el intendente de la ciudad de C\u00f3rdoba, Ram\u00f3n Mestre, tanto sobre la recolecci\u00f3n de residuos, ya tercerizada, como con la empresa de transporte de colectivos municipal y la privatizaci\u00f3n de la cultura.<\/p>\n<p>\u201cHay un clima de protesta en C\u00f3rdoba que rechaza el ajuste previsional. Por eso De la Sota minti\u00f3 en la Legislatura y luego reprimi\u00f3 frente a Tribunales a los estatales que se movilizaron. Esta escalada represiva se expres\u00f3 tanto a nivel nacional, cuando el viceministro de Seguridad, Sergio Berni, envi\u00f3 a Campo de Mayo a 70 compa\u00f1eros que se movilizaron en<\/p>\n<p>Buenos Aires, como a los militantes afines al kirchnerismo detenidos la semana pasada en C\u00f3rdoba por pegar carteles. Todo esto merece nuestro repudio por el igual\u201d, finaliz\u00f3 el dirigente, no sin antes reclamar una reforma impositiva progresiva donde paguen los que m\u00e1s tienen.<\/p>\n<p>Se repudi\u00f3 los despidos en las empresas de call centers como las suspensiones en la F\u00e1brica Militar de Aviones (FADEA), que se exige no culminen con despidos.<\/p>\n<p>Previamente, se dirigieron a los compa\u00f1eros Eugenia Aravena, de AMMAR C\u00f3rdoba, la legisladora Marta Juarez, de Libres del Sur, Ra\u00fal G\u00f3mez, dirigente del MST, Mar\u00eda de los \u00c1ngeles Fornero, de la CCC, Hugo Sisterna, del sindicato de peones de taxi, y Rodolfo Uranga, de la delegaci\u00f3n de CTA de Alta Gracia.<\/p>\n<p>Estuvo presente durante el acto el jefe del bloque de legisladores del Frente C\u00edvico, Roberto Birri, del Partido Socialista.<\/p>\n<p>En el interior de la provincia, la jornada de protesta se reprodujo en San Francisco (con radio abierta y volanteada), R\u00edo Cuarto (radio abierta, pegatinas y volanteadas), Villa Mar\u00eda (paro en la F\u00e1brica de P\u00f3lvora y Explosivos), R\u00edo Tercero (volanteada en la ciudad, en Embalse y en Almafuerte) y Alta Gracia (volanteada).<\/p>\n\n<p>&nbsp;<\/p>\n","protected":false},"excerpt":{"rendered":"<p>Sumado a los reclamos nacionales por la eliminaci\u00f3n del impuesto a las ganancias y la universalizaci\u00f3n de las asignaciones familiares, la CTA exigi\u00f3 que finalice el ajuste previsional de De la Sota, la derogaci\u00f3n del impuesto vial, la eliminaci\u00f3n del C\u00f3digo de Faltas y el reconocimiento de ATE en la provincia. Una ruidosa y colorida [&hellip;]<\/p>\n","protected":false},"author":1,"featured_media":19220,"comment_status":"open","ping_status":"open","sticky":false,"template":"","format":"standard","meta":{"_exactmetrics_skip_tracking":false,"_exactmetrics_sitenote_active":false,"_exactmetrics_sitenote_note":"","_exactmetrics_sitenote_category":0,"jnews-multi-image_gallery":[],"jnews_single_post":[],"jnews_primary_category":[],"jnews_social_meta":[],"jnews_review":[],"enable_review":"","type":"","name":"","summary":"","brand":"","sku":"","good":[],"bad":[],"score_override":"","override_value":"","rating":[],"price":[],"jnews_override_counter":[],"jnews_post_split":[],"footnotes":""},"categories":[1],"tags":[],"class_list":["post-1855","post","type-post","status-publish","format-standard","has-post-thumbnail","hentry","category-sin-categoria"],"jetpack_featured_media_url":"https:\/\/atecordoba.org\/wp-content\/uploads\/2020\/05\/logo-nuevochico-e1561581322808.png","_links":{"self":[{"href":"https:\/\/atecordoba.org\/index.php?rest_route=\/wp\/v2\/posts\/1855","targetHints":{"allow":["GET"]}}],"collection":[{"href":"https:\/\/atecordoba.org\/index.php?rest_route=\/wp\/v2\/posts"}],"about":[{"href":"https:\/\/atecordoba.org\/index.php?rest_route=\/wp\/v2\/types\/post"}],"author":[{"embeddable":true,"href":"https:\/\/atecordoba.org\/index.php?rest_route=\/wp\/v2\/users\/1"}],"replies":[{"embeddable":true,"href":"https:\/\/atecordoba.org\/index.php?rest_route=%2Fwp%2Fv2%2Fcomments&post=1855"}],"version-history":[{"count":0,"href":"https:\/\/atecordoba.org\/index.php?rest_route=\/wp\/v2\/posts\/1855\/revisions"}],"wp:featuredmedia":[{"embeddable":true,"href":"https:\/\/atecordoba.org\/index.php?rest_route=\/wp\/v2\/media\/19220"}],"wp:attachment":[{"href":"https:\/\/atecordoba.org\/index.php?rest_route=%2Fwp%2Fv2%2Fmedia&parent=1855"}],"wp:term":[{"taxonomy":"category","embeddable":true,"href":"https:\/\/atecordoba.org\/index.php?rest_route=%2Fwp%2Fv2%2Fcategories&post=1855"},{"taxonomy":"post_tag","embeddable":true,"href":"https:\/\/atecordoba.org\/index.php?rest_route=%2Fwp%2Fv2%2Ftags&post=1855"}],"curies":[{"name":"wp","href":"https:\/\/api.w.org\/{rel}","templated":true}]}}