{"id":183,"date":"2011-10-06T19:45:13","date_gmt":"2011-10-06T22:45:13","guid":{"rendered":"http:\/\/www.atecordoba.org\/?p=183"},"modified":"2011-10-06T19:45:13","modified_gmt":"2011-10-06T22:45:13","slug":"continua-el-plan-de-lucha","status":"publish","type":"post","link":"https:\/\/atecordoba.org\/?p=183","title":{"rendered":"Contin\u00faa el plan de lucha"},"content":{"rendered":"<p><strong>(C\u00f3rdoba, 6-10-2011) Conforme a lo resuelto por la asamblea general de salud, ATE convoca a sus afiliados a concentrar ma\u00f1ana viernes 7 de octubre, a las 10 horas, en la Bajada Pucar\u00e1 para movilizarnos posteriormente.<\/strong><\/p>\n<div>\n<p>As\u00ed mismo, ATE repudia el descuento compulsivo y arbitrario que el gobierno realiz\u00f3 a los trabajadores por dos d\u00edas de paro, compa\u00f1eros que, casualmente, se encuentran luchando para aumentar sus magros salarios. De la misma manera, hacemos extensivo el repudio a las persecuciones que el gobierno realiza a los distintos referentes gremiales.<\/p>\n<p>En el marco del conflicto, la convocatoria a discutir las reivindicaciones de los trabajadores en la Legislatura aparece como esfuerzo para dilatar soluciones de fondo, toda vez que ese no es el \u00e1mbito de discusi\u00f3n necesaria. ATE concurrir\u00e1 a la C\u00e1mara cuando se d\u00e9 la discusi\u00f3n sobre el presupuesto provincial y se paute la proyecci\u00f3n salarial para el 2012.<\/p>\n<p>Por el contrario, solicitamos al gobierno provincial que abra paritarias a trav\u00e9s de la Secretaria de Trabajo de la Provincia y la Secretaria General de la Gobernaci\u00f3n, conforme lo establece la ley 8329. En ese sentido, reclamamos al ministro de Salud, Oscar Gonz\u00e1lez, que se haga cargo del conflicto, en vez de declararse incompetente, ya que si tuvo la capacidad de otorgarle aumento salarial a un sector espec\u00edfico de los trabajadores.<\/p>\n<p>Por aumento salarial, por extensi\u00f3n de la figura de Recurso Cr\u00edtico a todos los compa\u00f1eros de la salud, por libertad y democracia sindical que exprese la genuina representaci\u00f3n de los trabajadores.<\/p>\n<p>Mar\u00eda Teresa Romero<\/p>\n<p>Secretaria General<\/p>\n<p>ATE C\u00f3rdoba<\/p>\n<\/div>\n","protected":false},"excerpt":{"rendered":"<p>(C\u00f3rdoba, 6-10-2011) Conforme a lo resuelto por la asamblea general de salud, ATE convoca a sus afiliados a concentrar ma\u00f1ana viernes 7 de octubre, a las 10 horas, en la Bajada Pucar\u00e1 para movilizarnos posteriormente. As\u00ed mismo, ATE repudia el descuento compulsivo y arbitrario que el gobierno realiz\u00f3 a los trabajadores por dos d\u00edas de [&hellip;]<\/p>\n","protected":false},"author":1,"featured_media":19220,"comment_status":"open","ping_status":"open","sticky":false,"template":"","format":"standard","meta":{"_exactmetrics_skip_tracking":false,"_exactmetrics_sitenote_active":false,"_exactmetrics_sitenote_note":"","_exactmetrics_sitenote_category":0,"jnews-multi-image_gallery":[],"jnews_single_post":[],"jnews_primary_category":[],"jnews_social_meta":[],"jnews_review":[],"enable_review":"","type":"","name":"","summary":"","brand":"","sku":"","good":[],"bad":[],"score_override":"","override_value":"","rating":[],"price":[],"jnews_override_counter":[],"jnews_post_split":[],"footnotes":""},"categories":[53],"tags":[54],"class_list":["post-183","post","type-post","status-publish","format-standard","has-post-thumbnail","hentry","category-comunicados-de-prensa","tag-comunicados-de-prensa-2"],"jetpack_featured_media_url":"https:\/\/atecordoba.org\/wp-content\/uploads\/2020\/05\/logo-nuevochico-e1561581322808.png","_links":{"self":[{"href":"https:\/\/atecordoba.org\/index.php?rest_route=\/wp\/v2\/posts\/183","targetHints":{"allow":["GET"]}}],"collection":[{"href":"https:\/\/atecordoba.org\/index.php?rest_route=\/wp\/v2\/posts"}],"about":[{"href":"https:\/\/atecordoba.org\/index.php?rest_route=\/wp\/v2\/types\/post"}],"author":[{"embeddable":true,"href":"https:\/\/atecordoba.org\/index.php?rest_route=\/wp\/v2\/users\/1"}],"replies":[{"embeddable":true,"href":"https:\/\/atecordoba.org\/index.php?rest_route=%2Fwp%2Fv2%2Fcomments&post=183"}],"version-history":[{"count":0,"href":"https:\/\/atecordoba.org\/index.php?rest_route=\/wp\/v2\/posts\/183\/revisions"}],"wp:featuredmedia":[{"embeddable":true,"href":"https:\/\/atecordoba.org\/index.php?rest_route=\/wp\/v2\/media\/19220"}],"wp:attachment":[{"href":"https:\/\/atecordoba.org\/index.php?rest_route=%2Fwp%2Fv2%2Fmedia&parent=183"}],"wp:term":[{"taxonomy":"category","embeddable":true,"href":"https:\/\/atecordoba.org\/index.php?rest_route=%2Fwp%2Fv2%2Fcategories&post=183"},{"taxonomy":"post_tag","embeddable":true,"href":"https:\/\/atecordoba.org\/index.php?rest_route=%2Fwp%2Fv2%2Ftags&post=183"}],"curies":[{"name":"wp","href":"https:\/\/api.w.org\/{rel}","templated":true}]}}