{"id":1826,"date":"2012-10-03T12:09:48","date_gmt":"2012-10-03T15:09:48","guid":{"rendered":"http:\/\/www.atecordoba.org\/?p=1826"},"modified":"2012-10-03T12:09:48","modified_gmt":"2012-10-03T15:09:48","slug":"companeros-los-no-docentes-hicimos-paro-en-la-unc","status":"publish","type":"post","link":"https:\/\/atecordoba.org\/?p=1826","title":{"rendered":"compa\u00f1eros: los no docentes hicimos paro en la UNC"},"content":{"rendered":"<p><em>Los trabajadores no docentes del Comedor Universitario realizaron ayer un paro total de actividades en reclamo del pase a planta de los compa\u00f1eros precarizados. La modalidad de la medida de fuerza consisti\u00f3 en una olla popular frente al Pabell\u00f3n Argentina \u00a0y posterior marcha al Consejo Superior, donde las autoridades recibieron a ATE.<\/em><\/p>\n<p><a href=\"http:\/\/www.atecordoba.org\/wp-content\/uploads\/2012\/10\/IMG_2493.jpg\"><img loading=\"lazy\" decoding=\"async\" class=\"aligncenter size-medium wp-image-1827\" title=\"IMG_2493\" src=\"http:\/\/www.atecordoba.org\/wp-content\/uploads\/2012\/10\/IMG_2493-300x225.jpg\" alt=\"\" width=\"300\" height=\"225\" \/><\/a><\/p>\n<p>En un paso m\u00e1s del crecimiento de ATE en la Universidad Nacional de C\u00f3rdoba, ayer los trabajadores del Comedor Universitario realizaron un paro de actividades para reclamar a las autoridades de la casa de estudios que se implemente el pase a planta permanente de compa\u00f1eros que sufren hace a\u00f1os un estado de precarizaci\u00f3n laboral inaceptable para nuestro gremio.<\/p>\n<p>Se trata de 19 compa\u00f1eros contratados y 14 tercerizados que prestan \u00a0servicios en las sedes Ciudad universitaria, Centro y el colegio secundario<br \/>\nManuel Belgrano. Adem\u00e1s de carecer de estabilidad laboral en su conjunto, los tercerizados reciben remuneraciones que no superan los 1500 pesos. &#8220;Ac\u00e1 reclamamos lo que es justo. El sector aumento significativamente la cantidad de raciones que se brindan a los estudiantes y estamos totalmente de acuerdo con esa pol\u00edtica llevada\u00a0adelante\u00a0por la actual gesti\u00f3n. Pero no puede ser a costa de la salud y la precaridad de los trabajadores del Comedor&#8221;, dijo Carlos Victorel, delegado de ATE , en la olla popular que se organiz\u00f3 frente al Pabell\u00f3n Argentina.<\/p>\n<p><a href=\"http:\/\/www.atecordoba.org\/wp-content\/uploads\/2012\/10\/IMG_2488.jpg\"><img loading=\"lazy\" decoding=\"async\" class=\"aligncenter size-medium wp-image-1828\" title=\"IMG_2488\" src=\"http:\/\/www.atecordoba.org\/wp-content\/uploads\/2012\/10\/IMG_2488-300x225.jpg\" alt=\"\" width=\"300\" height=\"225\" \/><\/a><\/p>\n<p>El caso de Comedor Universitario es una muestra de la situaci\u00f3n que vive el sector no docente. &#8220;Sabemos a ciencia cierta \u00a0que el n\u00famero de trabajadores no docentes precarizados en la UNC supera ampliamente los 2000 compa\u00f1eros. As\u00ed que estamos hablando de que alrededor del 50% personal est\u00e1 en condiciones precarias sin las garant\u00edas laborales establecidas pro la Constituci\u00f3n Nacional y el convenio colectivo de trabajo&#8221;, agreg\u00f3 Francisco Pavan, no docente de la Facultad de\u00a0Matem\u00e1tica, Astronom\u00eda y F\u00edsica (FAMAF) y miembro del consejo directivo Provincial de ATE.<\/p>\n<p>La olla popular congreg\u00f3 a cientos de estudiantes que retiraron sus raciones gratuitamente, adem\u00e1s de quienes tiene becas espec\u00edficas de comedor, ya que la comida de prepar\u00f3 con los fondos de huelga.<\/p>\n<p><a href=\"http:\/\/www.atecordoba.org\/wp-content\/uploads\/2012\/10\/IMG_2507.jpg\"><img loading=\"lazy\" decoding=\"async\" class=\"aligncenter size-medium wp-image-1829\" title=\"IMG_2507\" src=\"http:\/\/www.atecordoba.org\/wp-content\/uploads\/2012\/10\/IMG_2507-300x225.jpg\" alt=\"\" width=\"300\" height=\"225\" \/><\/a><\/p>\n<p>Vale se\u00f1alar que la medida cont\u00f3 con el acompa\u00f1amiento de la asamblea de trabajadores no docentes de Filosof\u00eda y Humanidades, as\u00f3 como tambi\u00e9n de compa\u00f1eros precarizados del Hospital Nacional de Cl\u00ednicas, y de numerosas dependencias m\u00e1s. Pasado el mediod\u00eda, los compa\u00f1eros marcharon hacia el Consejo Superior donde plantearon frente a la rectora, Carolina Scotto, la grilla de reclamos. Las autoridades aceptaron la situaci\u00f3n y manifestaron que se hay una propuesta de armar una comisi\u00f3n para resolver el conflicto, ante lo cual los compa\u00f1eros dieron su acuerdo, siempre y cuando se garantice la participaci\u00f3n de los trabajadores en la misma.<\/p>\n<p>Con respecto al pedido de audiencia realizado por ATE, Scotto dijo que existi\u00f3 un malentendido y que se compromet\u00eda a responder formalmente a la solicitud.<\/p>\n\n","protected":false},"excerpt":{"rendered":"<p>Los trabajadores no docentes del Comedor Universitario realizaron ayer un paro total de actividades en reclamo del pase a planta de los compa\u00f1eros precarizados. La modalidad de la medida de fuerza consisti\u00f3 en una olla popular frente al Pabell\u00f3n Argentina \u00a0y posterior marcha al Consejo Superior, donde las autoridades recibieron a ATE. En un paso [&hellip;]<\/p>\n","protected":false},"author":1,"featured_media":19220,"comment_status":"open","ping_status":"open","sticky":false,"template":"","format":"standard","meta":{"_exactmetrics_skip_tracking":false,"_exactmetrics_sitenote_active":false,"_exactmetrics_sitenote_note":"","_exactmetrics_sitenote_category":0,"jnews-multi-image_gallery":[],"jnews_single_post":[],"jnews_primary_category":[],"jnews_social_meta":[],"jnews_review":[],"enable_review":"","type":"","name":"","summary":"","brand":"","sku":"","good":[],"bad":[],"score_override":"","override_value":"","rating":[],"price":[],"jnews_override_counter":[],"jnews_post_split":[],"footnotes":""},"categories":[18],"tags":[],"class_list":["post-1826","post","type-post","status-publish","format-standard","has-post-thumbnail","hentry","category-nacionales"],"jetpack_featured_media_url":"https:\/\/atecordoba.org\/wp-content\/uploads\/2020\/05\/logo-nuevochico-e1561581322808.png","_links":{"self":[{"href":"https:\/\/atecordoba.org\/index.php?rest_route=\/wp\/v2\/posts\/1826","targetHints":{"allow":["GET"]}}],"collection":[{"href":"https:\/\/atecordoba.org\/index.php?rest_route=\/wp\/v2\/posts"}],"about":[{"href":"https:\/\/atecordoba.org\/index.php?rest_route=\/wp\/v2\/types\/post"}],"author":[{"embeddable":true,"href":"https:\/\/atecordoba.org\/index.php?rest_route=\/wp\/v2\/users\/1"}],"replies":[{"embeddable":true,"href":"https:\/\/atecordoba.org\/index.php?rest_route=%2Fwp%2Fv2%2Fcomments&post=1826"}],"version-history":[{"count":0,"href":"https:\/\/atecordoba.org\/index.php?rest_route=\/wp\/v2\/posts\/1826\/revisions"}],"wp:featuredmedia":[{"embeddable":true,"href":"https:\/\/atecordoba.org\/index.php?rest_route=\/wp\/v2\/media\/19220"}],"wp:attachment":[{"href":"https:\/\/atecordoba.org\/index.php?rest_route=%2Fwp%2Fv2%2Fmedia&parent=1826"}],"wp:term":[{"taxonomy":"category","embeddable":true,"href":"https:\/\/atecordoba.org\/index.php?rest_route=%2Fwp%2Fv2%2Fcategories&post=1826"},{"taxonomy":"post_tag","embeddable":true,"href":"https:\/\/atecordoba.org\/index.php?rest_route=%2Fwp%2Fv2%2Ftags&post=1826"}],"curies":[{"name":"wp","href":"https:\/\/api.w.org\/{rel}","templated":true}]}}