{"id":1823,"date":"2012-10-01T16:46:02","date_gmt":"2012-10-01T19:46:02","guid":{"rendered":"http:\/\/www.atecordoba.org\/?p=1823"},"modified":"2012-10-01T16:46:02","modified_gmt":"2012-10-01T19:46:02","slug":"ate-no-docentes-realizara-manana-una-olla-popular-en-la-ciudad-universitaria","status":"publish","type":"post","link":"https:\/\/atecordoba.org\/?p=1823","title":{"rendered":"ATE No Docentes realizar\u00e1 ma\u00f1ana una olla popular en la Ciudad Universitaria"},"content":{"rendered":"<p>Comunicado de prensa 1-10-2012<\/p>\n<p><em>En el marco del reclamo por el pase a planta de los trabajadores no docentes del Comedor Universitario de la UNC, los compa\u00f1eros organizados en ATE realizar\u00e1n ma\u00f1ana a las 12 horas una olla popular frente al pabell\u00f3n Argentina.<\/em><\/p>\n<p><a href=\"http:\/\/www.atecordoba.org\/wp-content\/uploads\/2012\/09\/IMG_2346.jpg\"><img loading=\"lazy\" decoding=\"async\" class=\"aligncenter size-medium wp-image-1722\" title=\"IMG_2346\" src=\"http:\/\/www.atecordoba.org\/wp-content\/uploads\/2012\/09\/IMG_2346-300x225.jpg\" alt=\"\" width=\"300\" height=\"225\" \/><\/a><\/p>\n<p>Posteriormente, los trabajadores se movilizar\u00e1n al Consejo Superior de la casa de estudios para reclamar a las autoridades que se activen las negociaciones indispensables para terminar con la precarizaci\u00f3n de los compa\u00f1eros del sector.<\/p>\n<p>En ese sentido, ATE insistir\u00e1 para que se d\u00e9 respuesta a una nota presentada el 6 de septiembre al Rectorado para que conceda una audiencia a nuestro gremio a los efectos de iniciar conversaciones formales al respecto. Ya el pasado 16 de septiembre ATE moviliz\u00f3 al Consejo Superior, donde fue recibido por las autoridades, para trasladarles el reclamo<\/p>\n<p>En la oportunidad, participar\u00e1n no docentes de la Asamblea de Filosof\u00eda y Humanidades y trabajadores de otras dependencias.<\/p>\n<p>Vale se\u00f1alar que durante la olla popular se garantizar\u00e1n las raciones habituales a los 500 estudiantes con becas de almuerzo que suelen concurrir al Comedor Universitario.<\/p>\n<p style=\"text-align: center;\"><strong>\u00a1Generaci\u00f3n de trabajo digno: no m\u00e1s contratos, no m\u00e1s tercerizaci\u00f3n, pase a planta ya!<\/strong><\/p>\n<p style=\"text-align: left;\">Mar\u00eda Teresa Romero<\/p>\n<p style=\"text-align: left;\">Secretaria General<\/p>\n<p style=\"text-align: left;\">ATE C\u00f3rdoba<\/p>\n<div><\/div>\n","protected":false},"excerpt":{"rendered":"<p>Comunicado de prensa 1-10-2012 En el marco del reclamo por el pase a planta de los trabajadores no docentes del Comedor Universitario de la UNC, los compa\u00f1eros organizados en ATE realizar\u00e1n ma\u00f1ana a las 12 horas una olla popular frente al pabell\u00f3n Argentina. Posteriormente, los trabajadores se movilizar\u00e1n al Consejo Superior de la casa de [&hellip;]<\/p>\n","protected":false},"author":1,"featured_media":19220,"comment_status":"open","ping_status":"open","sticky":false,"template":"","format":"standard","meta":{"_exactmetrics_skip_tracking":false,"_exactmetrics_sitenote_active":false,"_exactmetrics_sitenote_note":"","_exactmetrics_sitenote_category":0,"jnews-multi-image_gallery":[],"jnews_single_post":[],"jnews_primary_category":[],"jnews_social_meta":[],"jnews_review":[],"enable_review":"","type":"","name":"","summary":"","brand":"","sku":"","good":[],"bad":[],"score_override":"","override_value":"","rating":[],"price":[],"jnews_override_counter":[],"jnews_post_split":[],"footnotes":""},"categories":[1],"tags":[],"class_list":["post-1823","post","type-post","status-publish","format-standard","has-post-thumbnail","hentry","category-sin-categoria"],"jetpack_featured_media_url":"https:\/\/atecordoba.org\/wp-content\/uploads\/2020\/05\/logo-nuevochico-e1561581322808.png","_links":{"self":[{"href":"https:\/\/atecordoba.org\/index.php?rest_route=\/wp\/v2\/posts\/1823","targetHints":{"allow":["GET"]}}],"collection":[{"href":"https:\/\/atecordoba.org\/index.php?rest_route=\/wp\/v2\/posts"}],"about":[{"href":"https:\/\/atecordoba.org\/index.php?rest_route=\/wp\/v2\/types\/post"}],"author":[{"embeddable":true,"href":"https:\/\/atecordoba.org\/index.php?rest_route=\/wp\/v2\/users\/1"}],"replies":[{"embeddable":true,"href":"https:\/\/atecordoba.org\/index.php?rest_route=%2Fwp%2Fv2%2Fcomments&post=1823"}],"version-history":[{"count":0,"href":"https:\/\/atecordoba.org\/index.php?rest_route=\/wp\/v2\/posts\/1823\/revisions"}],"wp:featuredmedia":[{"embeddable":true,"href":"https:\/\/atecordoba.org\/index.php?rest_route=\/wp\/v2\/media\/19220"}],"wp:attachment":[{"href":"https:\/\/atecordoba.org\/index.php?rest_route=%2Fwp%2Fv2%2Fmedia&parent=1823"}],"wp:term":[{"taxonomy":"category","embeddable":true,"href":"https:\/\/atecordoba.org\/index.php?rest_route=%2Fwp%2Fv2%2Fcategories&post=1823"},{"taxonomy":"post_tag","embeddable":true,"href":"https:\/\/atecordoba.org\/index.php?rest_route=%2Fwp%2Fv2%2Ftags&post=1823"}],"curies":[{"name":"wp","href":"https:\/\/api.w.org\/{rel}","templated":true}]}}