{"id":180,"date":"2011-10-12T19:34:59","date_gmt":"2011-10-12T22:34:59","guid":{"rendered":"http:\/\/www.atecordoba.org\/?p=180"},"modified":"2011-10-12T19:34:59","modified_gmt":"2011-10-12T22:34:59","slug":"la-unidad-triunfo-en-la-asamblea-del-polo-sanitario","status":"publish","type":"post","link":"https:\/\/atecordoba.org\/?p=180","title":{"rendered":"La unidad triunf\u00f3 en la asamblea del Polo Sanitario"},"content":{"rendered":"<p><strong>(C\u00f3rdoba, 12-10-2011)<\/strong><\/p>\n<p><strong>Un rotundo \u00e9xito signific\u00f3 la asamblea general, realizada hoy en la ma\u00f1ana por los trabajadores del sector hospitalario. ATE valora la decisi\u00f3n de la abrumadora mayor\u00eda de los compa\u00f1eros de reforzar la unidad de las organizaciones sindicales y las agrupaciones de trabajadores en lucha, respetando la identidad de cada uno.<\/strong><\/p>\n<div>\n<p>La decisi\u00f3n fue resultado del pedido de los compa\u00f1eros de base, para que los dirigentes y las organizaciones unan esfuerzos en pos de cumplir con los objetivos de la lucha: salario igual a la canasta familiar para todos los agrupamientos en su nivel inicial, extender la figura de \u2018Recurso Humano Cr\u00edtico\u2019 al conjunto de los trabajadores del sector hospitalario y blanqueo real del salario, todos los remunerativos al b\u00e1sico.<\/p>\n<p>De esta forma, el conflicto gan\u00f3 en calidad organizativa de los trabajadores, a pesar de las amenazas de los directores de hospitales, los aprietes de la Secretar\u00eda de Trabajo y los descuentos compulsivos y arbitrarios, realizados por el gobierno provincial a algunos compa\u00f1eros identificados y comprometidos con la lucha.<\/p>\n<p>En ese marco, desde ATE llamamos a que se incorporen a la lucha por m\u00e1s salario y mejores condiciones de trabajo a todos aquellos sectores de los equipos de salud, en todos sus niveles y agrupamientos, que aun no han encontrado canales de participaci\u00f3n.<\/p>\n<p>Vale se\u00f1alar que la asamblea general realizada en el Polo Sanitario resolvi\u00f3 coordinar esfuerzos conjuntos entre ATE, UTS y la Interhospitalaria, as\u00ed como continuar con las medidas de fuerza, con asambleas de distinta \u00edndole de acuerdo a la realidad de cada hospital.<\/p>\n<p>Por \u00faltimo, ATE trabajar\u00e1, conjuntamente con las mencionadas organizaciones, para realizar el pr\u00f3ximo martes 18 de octubre una movilizaci\u00f3n, donde se prev\u00e9 la participaci\u00f3n de dirigentes nacionales de nuestro gremio y de la Central de Trabajadores de la Argentina (CTA).<\/p>\n<p>Mar\u00eda Teresa Romero<\/p>\n<p>Secretaria General<\/p>\n<p>ATE C\u00f3rdoba<\/p>\n<\/div>\n","protected":false},"excerpt":{"rendered":"<p>(C\u00f3rdoba, 12-10-2011) Un rotundo \u00e9xito signific\u00f3 la asamblea general, realizada hoy en la ma\u00f1ana por los trabajadores del sector hospitalario. ATE valora la decisi\u00f3n de la abrumadora mayor\u00eda de los compa\u00f1eros de reforzar la unidad de las organizaciones sindicales y las agrupaciones de trabajadores en lucha, respetando la identidad de cada uno. La decisi\u00f3n fue [&hellip;]<\/p>\n","protected":false},"author":1,"featured_media":19220,"comment_status":"open","ping_status":"open","sticky":false,"template":"","format":"standard","meta":{"_exactmetrics_skip_tracking":false,"_exactmetrics_sitenote_active":false,"_exactmetrics_sitenote_note":"","_exactmetrics_sitenote_category":0,"jnews-multi-image_gallery":[],"jnews_single_post":[],"jnews_primary_category":[],"jnews_social_meta":[],"jnews_review":[],"enable_review":"","type":"","name":"","summary":"","brand":"","sku":"","good":[],"bad":[],"score_override":"","override_value":"","rating":[],"price":[],"jnews_override_counter":[],"jnews_post_split":[],"footnotes":""},"categories":[53],"tags":[54],"class_list":["post-180","post","type-post","status-publish","format-standard","has-post-thumbnail","hentry","category-comunicados-de-prensa","tag-comunicados-de-prensa-2"],"jetpack_featured_media_url":"https:\/\/atecordoba.org\/wp-content\/uploads\/2020\/05\/logo-nuevochico-e1561581322808.png","_links":{"self":[{"href":"https:\/\/atecordoba.org\/index.php?rest_route=\/wp\/v2\/posts\/180","targetHints":{"allow":["GET"]}}],"collection":[{"href":"https:\/\/atecordoba.org\/index.php?rest_route=\/wp\/v2\/posts"}],"about":[{"href":"https:\/\/atecordoba.org\/index.php?rest_route=\/wp\/v2\/types\/post"}],"author":[{"embeddable":true,"href":"https:\/\/atecordoba.org\/index.php?rest_route=\/wp\/v2\/users\/1"}],"replies":[{"embeddable":true,"href":"https:\/\/atecordoba.org\/index.php?rest_route=%2Fwp%2Fv2%2Fcomments&post=180"}],"version-history":[{"count":0,"href":"https:\/\/atecordoba.org\/index.php?rest_route=\/wp\/v2\/posts\/180\/revisions"}],"wp:featuredmedia":[{"embeddable":true,"href":"https:\/\/atecordoba.org\/index.php?rest_route=\/wp\/v2\/media\/19220"}],"wp:attachment":[{"href":"https:\/\/atecordoba.org\/index.php?rest_route=%2Fwp%2Fv2%2Fmedia&parent=180"}],"wp:term":[{"taxonomy":"category","embeddable":true,"href":"https:\/\/atecordoba.org\/index.php?rest_route=%2Fwp%2Fv2%2Fcategories&post=180"},{"taxonomy":"post_tag","embeddable":true,"href":"https:\/\/atecordoba.org\/index.php?rest_route=%2Fwp%2Fv2%2Ftags&post=180"}],"curies":[{"name":"wp","href":"https:\/\/api.w.org\/{rel}","templated":true}]}}