{"id":176,"date":"2011-10-17T19:28:29","date_gmt":"2011-10-17T22:28:29","guid":{"rendered":"http:\/\/www.atecordoba.org\/?p=176"},"modified":"2011-10-17T19:28:29","modified_gmt":"2011-10-17T22:28:29","slug":"movilizacion-al-patio-olmos","status":"publish","type":"post","link":"https:\/\/atecordoba.org\/?p=176","title":{"rendered":"Movilizaci\u00f3n al Patio Olmos"},"content":{"rendered":"<p><a href=\"http:\/\/www.atecordoba.org\/wp-content\/uploads\/2012\/06\/arton182-5f442.jpg\"><img loading=\"lazy\" decoding=\"async\" class=\"aligncenter size-medium wp-image-177\" title=\"arton182-5f442\" src=\"http:\/\/www.atecordoba.org\/wp-content\/uploads\/2012\/06\/arton182-5f442-255x300.jpg\" alt=\"\" width=\"255\" height=\"300\" \/><\/a><\/p>\n<p><strong>(C\u00f3rdoba, 17-10-2011) En el marco del plan de lucha que vienen desarrollando los trabajadores de la salud en la provincia, ATE C\u00f3rdoba, UTS y la Interhospitalaria acordaron realizar, ma\u00f1ana martes 18 de octubre, abandono de tareas a partir de las 8 hs de todos los centros de salud provinciales, concentrar a las partir de las 10 horas en el Polo Sanitario para posteriormente movilizarnos hasta el Patio Olmos, donde se realizar\u00e1 un acto de protesta.<\/strong><\/p>\n<div>\n<p>Mientras el gobierno se desentiende de la situaci\u00f3n de los trabajadores, y los pacientes carecen de la atenci\u00f3n debida, las organizaciones gremiales estamos en la calle para reclamar:<\/p>\n<p>* Salario b\u00e1sico, categor\u00eda inicial, que iguale la canasta familiar.<\/p>\n<p>* Extensi\u00f3n de la figura de \u2018Recurso Humano Cr\u00edtico\u2019 a todos los sectores de la salud provincial.<\/p>\n<p>* Apertura de discusi\u00f3n paritaria que contenga a todos los sectores representativos.<\/p>\n<p>En la oportunidad estar\u00e1n presentes, Pablo Michelli, secretario General de CTA Nacional, Hugo Cachorro Godoy, secretario Adjunto ATE Nacional, Jorge Yacosky, titular de Fesprosa, Silvia Le\u00f3n, secretaria de Organizaci\u00f3n de CTA nacional, Mar\u00eda Teresa Romero, secretaria General de ATE C\u00f3rdoba, Oscar Mengarelli y Guido Dreizik, secretarios generales de CTA C\u00f3rdoba y C\u00f3rdoba Capital respectivamente, y Carlos Altamirano, titular de la UTS.<\/p>\n<\/div>\n","protected":false},"excerpt":{"rendered":"<p>(C\u00f3rdoba, 17-10-2011) En el marco del plan de lucha que vienen desarrollando los trabajadores de la salud en la provincia, ATE C\u00f3rdoba, UTS y la Interhospitalaria acordaron realizar, ma\u00f1ana martes 18 de octubre, abandono de tareas a partir de las 8 hs de todos los centros de salud provinciales, concentrar a las partir de las [&hellip;]<\/p>\n","protected":false},"author":1,"featured_media":19220,"comment_status":"open","ping_status":"open","sticky":false,"template":"","format":"standard","meta":{"_exactmetrics_skip_tracking":false,"_exactmetrics_sitenote_active":false,"_exactmetrics_sitenote_note":"","_exactmetrics_sitenote_category":0,"jnews-multi-image_gallery":[],"jnews_single_post":[],"jnews_primary_category":[],"jnews_social_meta":[],"jnews_review":[],"enable_review":"","type":"","name":"","summary":"","brand":"","sku":"","good":[],"bad":[],"score_override":"","override_value":"","rating":[],"price":[],"jnews_override_counter":[],"jnews_post_split":[],"footnotes":""},"categories":[53],"tags":[54],"class_list":["post-176","post","type-post","status-publish","format-standard","has-post-thumbnail","hentry","category-comunicados-de-prensa","tag-comunicados-de-prensa-2"],"jetpack_featured_media_url":"https:\/\/atecordoba.org\/wp-content\/uploads\/2020\/05\/logo-nuevochico-e1561581322808.png","_links":{"self":[{"href":"https:\/\/atecordoba.org\/index.php?rest_route=\/wp\/v2\/posts\/176","targetHints":{"allow":["GET"]}}],"collection":[{"href":"https:\/\/atecordoba.org\/index.php?rest_route=\/wp\/v2\/posts"}],"about":[{"href":"https:\/\/atecordoba.org\/index.php?rest_route=\/wp\/v2\/types\/post"}],"author":[{"embeddable":true,"href":"https:\/\/atecordoba.org\/index.php?rest_route=\/wp\/v2\/users\/1"}],"replies":[{"embeddable":true,"href":"https:\/\/atecordoba.org\/index.php?rest_route=%2Fwp%2Fv2%2Fcomments&post=176"}],"version-history":[{"count":0,"href":"https:\/\/atecordoba.org\/index.php?rest_route=\/wp\/v2\/posts\/176\/revisions"}],"wp:featuredmedia":[{"embeddable":true,"href":"https:\/\/atecordoba.org\/index.php?rest_route=\/wp\/v2\/media\/19220"}],"wp:attachment":[{"href":"https:\/\/atecordoba.org\/index.php?rest_route=%2Fwp%2Fv2%2Fmedia&parent=176"}],"wp:term":[{"taxonomy":"category","embeddable":true,"href":"https:\/\/atecordoba.org\/index.php?rest_route=%2Fwp%2Fv2%2Fcategories&post=176"},{"taxonomy":"post_tag","embeddable":true,"href":"https:\/\/atecordoba.org\/index.php?rest_route=%2Fwp%2Fv2%2Ftags&post=176"}],"curies":[{"name":"wp","href":"https:\/\/api.w.org\/{rel}","templated":true}]}}