{"id":1753,"date":"2012-09-26T17:59:03","date_gmt":"2012-09-26T20:59:03","guid":{"rendered":"http:\/\/www.atecordoba.org\/?p=1753"},"modified":"2012-09-26T17:59:03","modified_gmt":"2012-09-26T20:59:03","slug":"se-realizo-el-segundo-modulo-de-formacion-de-delegados","status":"publish","type":"post","link":"https:\/\/atecordoba.org\/?p=1753","title":{"rendered":"Se realiz\u00f3 el segundo m\u00f3dulo de formaci\u00f3n de delegados"},"content":{"rendered":"<p><em>En el marco de la propuesta de capacitaci\u00f3n del CDP, la Secretar\u00eda de Formaci\u00f3n organiz\u00f3 el segundo m\u00f3dulo de formaci\u00f3n para nuevos delegados, el pasado jueves 20 de setiembre, convocado bajo el eje \u00a0\u00a0\u201cComunicaci\u00f3n, visibilidad p\u00fablica y conflictos: Debates y herramientas para pensar su relaci\u00f3n\u201d (parte II) . Asistieron alrededor de 20 compa\u00f1eras y compa\u00f1eros de distintas reparticiones del Estado Nacional, provincial y Municipal.<\/em><\/p>\n<p><a href=\"http:\/\/www.atecordoba.org\/wp-content\/uploads\/2012\/09\/IMG_2425.jpg\"><img loading=\"lazy\" decoding=\"async\" class=\"aligncenter size-medium wp-image-1754\" title=\"IMG_2425\" src=\"http:\/\/www.atecordoba.org\/wp-content\/uploads\/2012\/09\/IMG_2425-300x225.jpg\" alt=\"\" width=\"300\" height=\"225\" \/><\/a><\/p>\n<p>El encuentro tuvo por objetivo analizar los diferentes elementos y conceptos de la comunicaci\u00f3n en los conflictos gremiales y como los delegados y delegadas debemos apropiarnos de herramientas y conceptos para disputar el espacio de la comunicaci\u00f3n, como uno de los ejes fundamentales en construcci\u00f3n de los conflictos gremiales.<\/p>\n<p>Para este fin se abordaron diversos conflictos gremiales de estos \u00faltimos tiempos y analizaron e interpretaron grupalmente noticias, gacetillas y modos de informar lo acontecido en esos momentos.<\/p>\n<p>En esta oportunidad se cont\u00f3 con el aporte fundamental de los y las compa\u00f1eras del \u201cObservatorio de Conflictos Sociales\u201d de nuestra CTA C\u00f3rdoba, quienes desarrollaron con diferentes soportes did\u00e1ctico las actividades.<\/p>\n<p>Los compa\u00f1eros se mostraron m\u00e1s que satisfechos, tanto por los contenidos como de la metodolog\u00eda utilizada, solicitando continuar con estos espacios de formaci\u00f3n para tarea militante y en defensa de los\u00a0 derechos de los trabajadores.<\/p>\n<p>Entre los puntos que los compa\u00f1eros realizaron el pedido de abordar tem\u00e1ticas como: \u00a0la historia del movimiento obrero, rol del delegado en asambleas gremiales, historia de ANUSATE, aspectos legales del ser delegado, negociaci\u00f3n en los conflictos, etc.<\/p>\n<p>Como vemos, los temas propuestos manifiestan el inter\u00e9s y\u00a0 preocupaci\u00f3n de nuestros delegados en procesos de formaci\u00f3n y capacitaci\u00f3n y el rol que juegan estos dos aspectos en la tarea de militancia gremial. Aspectos que para nuestro CDP han sido y seguir\u00e1n siendo n\u00facleos centrales en su accionar pol\u00edtico.<\/p>\n\n<p>&nbsp;<\/p>\n<p>&nbsp;<\/p>\n","protected":false},"excerpt":{"rendered":"<p>En el marco de la propuesta de capacitaci\u00f3n del CDP, la Secretar\u00eda de Formaci\u00f3n organiz\u00f3 el segundo m\u00f3dulo de formaci\u00f3n para nuevos delegados, el pasado jueves 20 de setiembre, convocado bajo el eje \u00a0\u00a0\u201cComunicaci\u00f3n, visibilidad p\u00fablica y conflictos: Debates y herramientas para pensar su relaci\u00f3n\u201d (parte II) . Asistieron alrededor de 20 compa\u00f1eras y compa\u00f1eros [&hellip;]<\/p>\n","protected":false},"author":1,"featured_media":19220,"comment_status":"open","ping_status":"open","sticky":false,"template":"","format":"standard","meta":{"_exactmetrics_skip_tracking":false,"_exactmetrics_sitenote_active":false,"_exactmetrics_sitenote_note":"","_exactmetrics_sitenote_category":0,"jnews-multi-image_gallery":[],"jnews_single_post":[],"jnews_primary_category":[],"jnews_social_meta":[],"jnews_review":[],"enable_review":"","type":"","name":"","summary":"","brand":"","sku":"","good":[],"bad":[],"score_override":"","override_value":"","rating":[],"price":[],"jnews_override_counter":[],"jnews_post_split":[],"footnotes":""},"categories":[1],"tags":[],"class_list":["post-1753","post","type-post","status-publish","format-standard","has-post-thumbnail","hentry","category-sin-categoria"],"jetpack_featured_media_url":"https:\/\/atecordoba.org\/wp-content\/uploads\/2020\/05\/logo-nuevochico-e1561581322808.png","_links":{"self":[{"href":"https:\/\/atecordoba.org\/index.php?rest_route=\/wp\/v2\/posts\/1753","targetHints":{"allow":["GET"]}}],"collection":[{"href":"https:\/\/atecordoba.org\/index.php?rest_route=\/wp\/v2\/posts"}],"about":[{"href":"https:\/\/atecordoba.org\/index.php?rest_route=\/wp\/v2\/types\/post"}],"author":[{"embeddable":true,"href":"https:\/\/atecordoba.org\/index.php?rest_route=\/wp\/v2\/users\/1"}],"replies":[{"embeddable":true,"href":"https:\/\/atecordoba.org\/index.php?rest_route=%2Fwp%2Fv2%2Fcomments&post=1753"}],"version-history":[{"count":0,"href":"https:\/\/atecordoba.org\/index.php?rest_route=\/wp\/v2\/posts\/1753\/revisions"}],"wp:featuredmedia":[{"embeddable":true,"href":"https:\/\/atecordoba.org\/index.php?rest_route=\/wp\/v2\/media\/19220"}],"wp:attachment":[{"href":"https:\/\/atecordoba.org\/index.php?rest_route=%2Fwp%2Fv2%2Fmedia&parent=1753"}],"wp:term":[{"taxonomy":"category","embeddable":true,"href":"https:\/\/atecordoba.org\/index.php?rest_route=%2Fwp%2Fv2%2Fcategories&post=1753"},{"taxonomy":"post_tag","embeddable":true,"href":"https:\/\/atecordoba.org\/index.php?rest_route=%2Fwp%2Fv2%2Ftags&post=1753"}],"curies":[{"name":"wp","href":"https:\/\/api.w.org\/{rel}","templated":true}]}}